{"id":59180,"date":"2026-01-16T16:55:51","date_gmt":"2026-01-16T19:55:51","guid":{"rendered":"https:\/\/ejornais.com.br\/index.php\/2026\/01\/16\/saude-aumenta-vagas-do-agora-tem-especialistas-no-rio-de-janeiro\/"},"modified":"2026-01-16T16:55:51","modified_gmt":"2026-01-16T19:55:51","slug":"saude-aumenta-vagas-do-agora-tem-especialistas-no-rio-de-janeiro","status":"publish","type":"post","link":"https:\/\/ejornais.com.br\/index.php\/2026\/01\/16\/saude-aumenta-vagas-do-agora-tem-especialistas-no-rio-de-janeiro\/","title":{"rendered":"Sa\u00fade aumenta vagas do Agora tem Especialistas no Rio de Janeiro"},"content":{"rendered":"<p> Por MRNews<br \/>\n<\/p>\n<div wp_automatic_readability=\"82.758490566038\">\n<p><strong>Quatro hospitais da operadora de plano de sa\u00fade Hapvida come\u00e7am nesta sexta-feira (16) a atender pacientes pelo Sistema \u00danico de Sa\u00fade. Ser\u00e3o feitos cerca de 300 atendimentos por m\u00eas nas unidades localizadas na capital e nas cidades de Niter\u00f3i e Duque de Caxias. <\/strong><\/p>\n<p>A operadora assinou contrato com o Minist\u00e9rio da Sa\u00fade para integrar o programa Agora Tem Especialistas, que permite a convers\u00e3o de d\u00edvidas dos planos com o SUS em atendimentos especializados. Por isso, vai ofertar R$ 4,8 milh\u00f5es em\u00a0procedimentos cir\u00fargicos e ambulatoriais ginecol\u00f3gicos, cardiol\u00f3gicos e oncol\u00f3gicos.<\/p>\n<p><strong>Os encaminhamentos ser\u00e3o feitos pela Secretaria Estadual de Sa\u00fade e pelas secretarias municipais.<\/strong><\/p>\n<p><strong><a href=\"https:\/\/mrnews.com.br\/index.php\/2026\/01\/16\/agu-vai-investigar-apagoes-em-sao-paulo-ordem-foi-do-presidente-lula\/\">AGU vai investigar apag\u00f5es em S\u00e3o Paulo; ordem foi do presidente Lula<\/a><\/strong><\/p>\n<p><strong><a href=\"https:\/\/mrnews.com.br\/index.php\/2026\/01\/16\/nao-ha-indicios-de-fraude-em-concurso-de-delegado-dizem-autoridades\/\">N\u00e3o h\u00e1 ind\u00edcios de fraude em concurso de delegado, dizem autoridades<\/a><\/strong><\/p>\n<p>Com a ades\u00e3o dos novos hospitais da Hapvida, o programa chega a marca de 187 propostas de convers\u00e3o de d\u00edvidas aprovadas. Al\u00e9m de planos de sa\u00fade, j\u00e1 foram firmados acordo com hospitais privados e filantr\u00f3picos\u00a0independentes. O objetivo \u00e9 ampliar a presta\u00e7\u00e3o de servi\u00e7os de m\u00e9dia e alta complexidade em \u00e1reas priorit\u00e1rias para a rede p\u00fablica.<\/p>\n<p>Em 2025, 28 hospitais privados ou filantr\u00f3picos passaram a oferecer atendimento especializado para o SUS, somando R$ 150 milh\u00f5es em consultas, exames e cirurgias acordadas. At\u00e9 o final de janeiro, o Minist\u00e9rio da Sa\u00fade espera anunciar novos contratos que devem elevar esse montante para R$ 200 milh\u00f5es.<\/p>\n<h2>Carretas de sa\u00fade<\/h2>\n<p>O ministro da Sa\u00fade em exerc\u00edcio, Adriano Matsuda, participou da cerim\u00f4nia de assinatura dos contratos com a Hapvida nesta sexta-feira\u00a0em Niter\u00f3i (RJ), onde tamb\u00e9m anunciou a inaugura\u00e7\u00e3o de mais uma carreta do programa Agora Tem Especialistas. Al\u00e9m disso, os ve\u00edculos que j\u00e1 est\u00e3o sendo utilizados, entram novamente em deslocamento para atender novas localidades.<\/p>\n<p>\u201cA partir de hoje, novos munic\u00edpios brasileiros recebem as unidades m\u00f3veis do programa do governo federal, que foram posicionadas em regi\u00f5es de dif\u00edcil acesso e com alta demanda por assist\u00eancia especializada.\u00a0\u00a0Ao todo, s\u00e3o 41 carretas atendendo em todos os estados brasileiros e no Distrito Federal. Elas encurtam dist\u00e2ncias e garantem o servi\u00e7o de atendimento especializado com um menor tempo de espera\u201d, afirmou Adriano Massuda.<\/p>\n<p><strong><a href=\"https:\/\/mrnews.com.br\/index.php\/2026\/01\/16\/lula-diz-que-valor-do-salario-minimo-no-brasil-e-muito-baixo\/\">Lula diz que valor do sal\u00e1rio m\u00ednimo no Brasil \u00e9 \u201cmuito baixo\u201d<\/a><\/strong><\/p>\n<p><strong><a href=\"https:\/\/mrnews.com.br\/index.php\/2026\/01\/16\/estado-de-sao-paulo-confirma-primeira-morte-por-dengue-em-2026\/\">Estado de S\u00e3o Paulo confirma primeira morte por dengue em 2026<\/a><\/strong><\/p>\n<p>Al\u00e9m de chegarem nas cidades fluminenses de Niter\u00f3i\u00a0e a Mesquita, as carretas se deslocaram\u00a0para\u00a0Boa Vista (RR), Taguatinga (DF), Palmeira dos \u00cdndios (AL), Santana do Ipanema (AL), Manicor\u00e9\/Distrito de Santo Ant\u00f4nio do\u00a0Matupi\u00a0(AM), Conselheiro Lafaiete (MG), Virgem da Lapa (MG), V\u00e1rzea Grande (MT), Vit\u00f3ria de Santo Ant\u00e3o (PE) e S\u00e3o Raimundo Nonato (PI).<\/p>\n<p><strong>As carretas do programa s\u00e3o ve\u00edculos adaptados para servirem\u00a0como unidades de sa\u00fade, com todo o equipamento necess\u00e1rio para a realiza\u00e7\u00e3o de \u00a0atendimentos oftalmol\u00f3gicos, de exames ginecol\u00f3gicos e de imagem. Nas unidades oftalmol\u00f3gicas\u00a0 foram feitas mais de 1,2 mil cirurgias de catarata.<\/strong><\/p>\n<p>As unidades m\u00f3veis ajudam a refor\u00e7ar o atendimento em locais de dif\u00edcil acesso, ou cidades com grandes filas para determinados procedimentos. At\u00e9 o fim deste ano, o Minist\u00e9rio espera ter 150 carretas do Agora Tem Especialistas\u00a0rodando\u00a0o pa\u00eds.<\/p>\n<\/div>\n","protected":false},"excerpt":{"rendered":"<p>Por MRNews Quatro hospitais da operadora de plano de sa\u00fade Hapvida come\u00e7am nesta sexta-feira (16) a atender pacientes pelo Sistema<\/p>\n","protected":false},"author":2,"featured_media":0,"comment_status":"","ping_status":"","sticky":false,"template":"","format":"standard","meta":{"colormag_page_container_layout":"default_layout","colormag_page_sidebar_layout":"default_layout","footnotes":""},"categories":[1],"tags":[],"class_list":["post-59180","post","type-post","status-publish","format-standard","hentry","category-ejornais"],"aioseo_notices":[],"amp_enabled":true,"_links":{"self":[{"href":"https:\/\/ejornais.com.br\/index.php\/wp-json\/wp\/v2\/posts\/59180","targetHints":{"allow":["GET"]}}],"collection":[{"href":"https:\/\/ejornais.com.br\/index.php\/wp-json\/wp\/v2\/posts"}],"about":[{"href":"https:\/\/ejornais.com.br\/index.php\/wp-json\/wp\/v2\/types\/post"}],"author":[{"embeddable":true,"href":"https:\/\/ejornais.com.br\/index.php\/wp-json\/wp\/v2\/users\/2"}],"replies":[{"embeddable":true,"href":"https:\/\/ejornais.com.br\/index.php\/wp-json\/wp\/v2\/comments?post=59180"}],"version-history":[{"count":0,"href":"https:\/\/ejornais.com.br\/index.php\/wp-json\/wp\/v2\/posts\/59180\/revisions"}],"wp:attachment":[{"href":"https:\/\/ejornais.com.br\/index.php\/wp-json\/wp\/v2\/media?parent=59180"}],"wp:term":[{"taxonomy":"category","embeddable":true,"href":"https:\/\/ejornais.com.br\/index.php\/wp-json\/wp\/v2\/categories?post=59180"},{"taxonomy":"post_tag","embeddable":true,"href":"https:\/\/ejornais.com.br\/index.php\/wp-json\/wp\/v2\/tags?post=59180"}],"curies":[{"name":"wp","href":"https:\/\/api.w.org\/{rel}","templated":true}]}}