{"id":59181,"date":"2026-01-16T17:12:03","date_gmt":"2026-01-16T20:12:03","guid":{"rendered":"https:\/\/ejornais.com.br\/index.php\/2026\/01\/16\/dourados-avanca-em-saneamento-e-saude-com-pacote-historico-de-obras-e-investimentos-agencia-de-noticias-do-governo-de-mato-grosso-do-sul\/"},"modified":"2026-01-16T17:12:03","modified_gmt":"2026-01-16T20:12:03","slug":"dourados-avanca-em-saneamento-e-saude-com-pacote-historico-de-obras-e-investimentos-agencia-de-noticias-do-governo-de-mato-grosso-do-sul","status":"publish","type":"post","link":"https:\/\/ejornais.com.br\/index.php\/2026\/01\/16\/dourados-avanca-em-saneamento-e-saude-com-pacote-historico-de-obras-e-investimentos-agencia-de-noticias-do-governo-de-mato-grosso-do-sul\/","title":{"rendered":"Dourados avan\u00e7a em saneamento e sa\u00fade com pacote hist\u00f3rico de obras e investimentos \u2013 Ag\u00eancia de Noticias do Governo de Mato Grosso do Sul"},"content":{"rendered":"<p><\/p>\n<div>\n<p>Na companhia de lideran\u00e7as locais e regionais, o governador em exerc\u00edcio Jos\u00e9 Carlos Barbosa, o Barbosinha, protagonizou em Dourados uma agenda marcada por entregas concretas e novos compromissos que refor\u00e7am o saneamento b\u00e1sico e a estrutura de sa\u00fade do munic\u00edpio. O conjunto de a\u00e7\u00f5es consolida um dos maiores volumes de investimentos recentes em \u00e1gua, esgoto e assist\u00eancia hospitalar, com impacto direto na qualidade de vida da popula\u00e7\u00e3o.<\/p>\n<p>Entre as obras conclu\u00eddas pela Sanesul est\u00e1 a execu\u00e7\u00e3o de 37 mil metros de rede de distribui\u00e7\u00e3o de \u00e1gua no bairro Campo Belo, com 220 liga\u00e7\u00f5es domiciliares, investimento de R$ 3.2 milh\u00f5es que amplia o acesso \u00e0 \u00e1gua tratada e fortalece a infraestrutura urbana. Tamb\u00e9m foi entregue o novo almoxarifado, a guarita e a urbaniza\u00e7\u00e3o da sede da Regional da Sanesul, obra de R$ 2,1 milh\u00f5es que moderniza a estrutura operacional da companhia no munic\u00edpio.<\/p>\n<p>\u201cA Sanesul tem um papel decisivo no desenvolvimento do Mato Grosso do Sul. Ao longo dessa caminhada, o saneamento esteve presente de forma firme e estruturante em todos os munic\u00edpios que visitamos, porque s\u00f3 quem entende de sa\u00fade p\u00fablica sabe o valor que esse investimento tem. Obras de saneamento s\u00e3o caras, muitas vezes invis\u00edveis depois de prontas, mas salvam vidas.<br \/>Em Dourados, por exemplo, sa\u00edmos de menos de 20% de coleta e tratamento de esgoto para cerca de 90%. Isso exigiu coragem, planejamento e muito trabalho da Sanesul, com substitui\u00e7\u00e3o de redes antigas, amplia\u00e7\u00e3o do sistema e investimentos que transformaram a realidade da cidade. Hoje, avan\u00e7amos para a universaliza\u00e7\u00e3o, colocando Dourados em um patamar diferenciado no cen\u00e1rio nacional\u201d, disse Barbosinha.<\/p>\n<p>Na \u00e1rea de produ\u00e7\u00e3o e tratamento de \u00e1gua, foram realizadas melhorias na Esta\u00e7\u00e3o de Tratamento de \u00c1gua (ETA) do GEDEO, com adequa\u00e7\u00e3o do sistema de guarda-corpo, reforma da torre de aplica\u00e7\u00e3o qu\u00edmica e regulariza\u00e7\u00e3o do sistema de drenagem, totalizando R$ 1,8 milh\u00e3o em investimentos.<\/p>\n<p>Outro avan\u00e7o estrat\u00e9gico foi a reabilita\u00e7\u00e3o do po\u00e7o tubular profundo DOU-021, no valor de R$ 1,4 milh\u00e3o, assegurando maior seguran\u00e7a h\u00eddrica para Dourados.<\/p>\n<p>O esgotamento sanit\u00e1rio tamb\u00e9m recebeu aten\u00e7\u00e3o especial. A amplia\u00e7\u00e3o da Esta\u00e7\u00e3o de Tratamento de Esgoto (ETE) Laranja Doce elevou a capacidade em 40 litros por segundo, com melhorias de efici\u00eancia que chegam a 80 litros por segundo, em uma obra de R$ 23,2 milh\u00f5es. Para atender o Hospital Regional, foi conclu\u00edda a constru\u00e7\u00e3o de uma esta\u00e7\u00e3o elevat\u00f3ria de esgoto bruto, al\u00e9m de 3 mil metros de linha de recalque e 445 metros de rede coletora, com investimento de R$ 2,1 milh\u00f5es.<\/p>\n<p>Outras frentes importantes incluem a execu\u00e7\u00e3o de 11 mil metros de rede coletora de esgoto, 422 liga\u00e7\u00f5es domiciliares, constru\u00e7\u00e3o de 1,1 mil metros de coletor no trecho Indai\u00e1\u2013Olinda, 1,8 mil metros de coletor tronco no Jardim Cl\u00edmax e a implanta\u00e7\u00e3o de uma elevat\u00f3ria de esgoto bruto no bairro Na\u00e7\u00f5es. As obras, somam R$ 2,2 milh\u00f5es.<\/p>\n<p>No campo da efici\u00eancia e do planejamento para o crescimento urbano, foram conclu\u00eddos os servi\u00e7os de engenharia voltados ao atendimento do crescimento vegetativo da rede de distribui\u00e7\u00e3o de \u00e1gua, liga\u00e7\u00f5es domiciliares e redu\u00e7\u00e3o de perdas, com investimento expressivo de R$ 32,7 milh\u00f5es, refor\u00e7ando o compromisso com a universaliza\u00e7\u00e3o do saneamento.<\/p>\n<p>Al\u00e9m das entregas, a agenda marcou a assinatura de duas ordens de in\u00edcio de servi\u00e7o que ampliam ainda mais a cobertura de esgoto em Dourados.<\/p>\n<p>A primeira autoriza a execu\u00e7\u00e3o de 31,7 mil metros de rede coletora e 1.247 liga\u00e7\u00f5es domiciliares nos bairros Altos do Indai\u00e1 e Santa F\u00e9, no valor de R$ 8,7 milh\u00f5es. A segunda contempla 36 mil metros de rede e 1.253 liga\u00e7\u00f5es domiciliares nos bairros M\u00f4naco e Sitiocas, investimento de R$ 8,2 milh\u00f5es.<\/p>\n<p>Al\u00e9m disso, o governador em exerc\u00edcio inaugurou a amplia\u00e7\u00e3o e reforma do escrit\u00f3rio da Sanesul em Vila Vargas.<\/p>\n<p>A agenda foi conclu\u00edda com uma supervis\u00e3o t\u00e9cnica e a entrega de equipamentos ao Hospital da Vida, \u00e0s 11 horas, na Vila Planalto. O aporte de R$ 3 milh\u00f5es, realizado pela Secretaria de Sa\u00fade, inclui 48 camas hospitalares el\u00e9tricas, 21 macas, 15 ventiladores pulmonares, oito eletrocardi\u00f3grafos port\u00e1teis, tr\u00eas perfuradores \u00f3sseos, dois eletrocardi\u00f3grafos Ritmus com cardio, dois aparelhos de ultrassonografia, duas mesas cir\u00fargicas el\u00e9tricas, um arco cir\u00fargico, um aparelho de raio-X fixo e um m\u00f3vel.<\/p>\n<p>O conjunto de obras e entregas refor\u00e7a a integra\u00e7\u00e3o entre saneamento b\u00e1sico e sa\u00fade p\u00fablica, projeta Dourados para um novo patamar de infraestrutura urbana e consolida investimentos estruturantes que impactam diretamente o presente e o futuro da cidade.<\/p>\n<p><em>Alexandre Gonzaga, Comunica\u00e7\u00e3o do Governo de MS <\/em><br \/><em>Fotos: Bruno Rezende\/Secom<\/em><\/p>\n<\/div>\n","protected":false},"excerpt":{"rendered":"<p>Na companhia de lideran\u00e7as locais e regionais, o governador em exerc\u00edcio Jos\u00e9 Carlos Barbosa, o Barbosinha, protagonizou em Dourados uma<\/p>\n","protected":false},"author":2,"featured_media":0,"comment_status":"","ping_status":"","sticky":false,"template":"","format":"standard","meta":{"colormag_page_container_layout":"default_layout","colormag_page_sidebar_layout":"default_layout","footnotes":""},"categories":[1],"tags":[],"class_list":["post-59181","post","type-post","status-publish","format-standard","hentry","category-ejornais"],"aioseo_notices":[],"amp_enabled":true,"_links":{"self":[{"href":"https:\/\/ejornais.com.br\/index.php\/wp-json\/wp\/v2\/posts\/59181","targetHints":{"allow":["GET"]}}],"collection":[{"href":"https:\/\/ejornais.com.br\/index.php\/wp-json\/wp\/v2\/posts"}],"about":[{"href":"https:\/\/ejornais.com.br\/index.php\/wp-json\/wp\/v2\/types\/post"}],"author":[{"embeddable":true,"href":"https:\/\/ejornais.com.br\/index.php\/wp-json\/wp\/v2\/users\/2"}],"replies":[{"embeddable":true,"href":"https:\/\/ejornais.com.br\/index.php\/wp-json\/wp\/v2\/comments?post=59181"}],"version-history":[{"count":0,"href":"https:\/\/ejornais.com.br\/index.php\/wp-json\/wp\/v2\/posts\/59181\/revisions"}],"wp:attachment":[{"href":"https:\/\/ejornais.com.br\/index.php\/wp-json\/wp\/v2\/media?parent=59181"}],"wp:term":[{"taxonomy":"category","embeddable":true,"href":"https:\/\/ejornais.com.br\/index.php\/wp-json\/wp\/v2\/categories?post=59181"},{"taxonomy":"post_tag","embeddable":true,"href":"https:\/\/ejornais.com.br\/index.php\/wp-json\/wp\/v2\/tags?post=59181"}],"curies":[{"name":"wp","href":"https:\/\/api.w.org\/{rel}","templated":true}]}}