{"id":59208,"date":"2026-01-17T06:27:00","date_gmt":"2026-01-17T09:27:00","guid":{"rendered":"https:\/\/ejornais.com.br\/index.php\/2026\/01\/17\/imagem-peregrina-do-padroeiro-do-rio-visita-o-cristo-redentor\/"},"modified":"2026-01-17T06:27:00","modified_gmt":"2026-01-17T09:27:00","slug":"imagem-peregrina-do-padroeiro-do-rio-visita-o-cristo-redentor","status":"publish","type":"post","link":"https:\/\/ejornais.com.br\/index.php\/2026\/01\/17\/imagem-peregrina-do-padroeiro-do-rio-visita-o-cristo-redentor\/","title":{"rendered":"Imagem peregrina do padroeiro do Rio visita o Cristo Redentor"},"content":{"rendered":"<p> Por MRNews<br \/>\n<\/p>\n<div wp_automatic_readability=\"52.236151603499\">\n<p><strong>A imagem peregrina do padroeiro da cidade do Rio de Janeiro, S\u00e3o Sebasti\u00e3o, visitou nesta sexta-feira (16) pela manh\u00e3 o Trem do Corcovado e o Santu\u00e1rio Cristo Redentor, no Cosme Velho, zona sul da cidade.<\/strong><\/p>\n<p>A visita ocorreu durante a Trezena de S\u00e3o Sebasti\u00e3o de 2026, cujo tema, este ano, \u00e9 inspirado no Ano Jubilar Arquidiocesano: S\u00e3o Sebasti\u00e3o, Mission\u00e1rio de Comunh\u00e3o e Unidade. A imagem \u00e9 levada a muitos lugares da capital do estado durante a trezena, que foi iniciada no dia 7 deste m\u00eas, com encerramento previsto no dia 19.\u00a0<\/p>\n<p>\u00a0<\/p>\n<p><strong><a href=\"https:\/\/mrnews.com.br\/index.php\/2026\/01\/16\/dezenas-de-onibus-de-uma-mesma-empresa-urbana-sao-apedrejados-no-df\/\">Dezenas de \u00f4nibus de uma mesma empresa urbana s\u00e3o apedrejados no DF<\/a><\/strong><\/p>\n<p><strong><a href=\"https:\/\/mrnews.com.br\/index.php\/2026\/01\/16\/inss-bloqueia-repasses-a-master-por-problemas-em-consignados\/\">INSS bloqueia repasses a Master por problemas em consignados<\/a><\/strong><\/p>\n<div class=\"dnd-widget-wrapper context-medio_4colunas type-image atom-align-left\" wp_automatic_readability=\"7.5\">\n<div class=\"dnd-caption-wrapper\" wp_automatic_readability=\"10\">\n<p>Rio de janeiro (RJ), 16\/01\/2026 \u2013 Imagem peregrina do padroeiro do Rio visita o Cristo Redentor. Evento religioso foi presidido pelo cardeal Orani Tempesta. Foto: Santu\u00e1rio Cristo Redentor\/Divulga\u00e7\u00e3o \u2013 <strong>Santu\u00e1rio Cristo Redentor\/Divulga\u00e7\u00e3o<\/strong><\/p>\n<\/div>\n<\/div>\n<p>A celebra\u00e7\u00e3o foi presidida pelo arcebispo do Rio de Janeiro, cardeal Orani Jo\u00e3o Tempesta, que falou da import\u00e2ncia de S\u00e3 Sebasti\u00e3o para os cariocas poderem olhar com esperan\u00e7a, confian\u00e7a e otimismo para o futuro.<\/p>\n<blockquote wp_automatic_readability=\"8.0416666666667\">\n<p>\u201cE S\u00e3o Sebasti\u00e3o faz isso levando a ora\u00e7\u00e3o, ajudando a cultivar a esperan\u00e7a e a alegria, para poder viver nessa cidade com sua beleza, sua hist\u00f3ria e seus problemas\u201d, disse o cardeal.<\/p>\n<p><strong><a href=\"https:\/\/mrnews.com.br\/index.php\/2026\/01\/16\/chuvas-abaixo-da-media-tendem-a-persistir-e-agravar-seca-em-sao-paulo\/\">Chuvas abaixo da m\u00e9dia tendem a persistir e agravar seca em S\u00e3o Paulo<\/a><\/strong><\/p>\n<p><strong><a href=\"https:\/\/mrnews.com.br\/index.php\/2026\/01\/16\/mortes-decorrentes-de-intervencao-policial-cresceram-13-em-2025-no-rj\/\">Mortes decorrentes de interven\u00e7\u00e3o policial cresceram 13% em 2025 no RJ<\/a><\/strong><\/p>\n<\/blockquote>\n<p><strong>O dia do padroeiro ser\u00e1 celebrado na pr\u00f3xima ter\u00e7a-feira (20), feriado no Rio, com a realiza\u00e7\u00e3o da tradicional Missa Solene no Santu\u00e1rio Bas\u00edlica de S\u00e3o Sebasti\u00e3o dos Frades Capuchinhos, na Tijuca, zona norte, \u00e0s 10h.<\/strong><\/p>\n<p>Na parte da tarde, a partir das 16h, ocorre a prociss\u00e3o arquidiocesana, que sair\u00e1 do Santu\u00e1rio Bas\u00edlica de S\u00e3o Sebasti\u00e3o em dire\u00e7\u00e3o \u00e0 Catedral Metropolitana de S\u00e3o Sebasti\u00e3o do Rio de Janeiro, no centro da cidade, seguida do Auto de S\u00e3o Sebasti\u00e3o 2026, na Avenida Chile, e da missa solene.<\/p>\n<\/div>\n","protected":false},"excerpt":{"rendered":"<p>Por MRNews A imagem peregrina do padroeiro da cidade do Rio de Janeiro, S\u00e3o Sebasti\u00e3o, visitou nesta sexta-feira (16) pela<\/p>\n","protected":false},"author":2,"featured_media":0,"comment_status":"","ping_status":"","sticky":false,"template":"","format":"standard","meta":{"colormag_page_container_layout":"default_layout","colormag_page_sidebar_layout":"default_layout","footnotes":""},"categories":[1],"tags":[],"class_list":["post-59208","post","type-post","status-publish","format-standard","hentry","category-ejornais"],"aioseo_notices":[],"amp_enabled":true,"_links":{"self":[{"href":"https:\/\/ejornais.com.br\/index.php\/wp-json\/wp\/v2\/posts\/59208","targetHints":{"allow":["GET"]}}],"collection":[{"href":"https:\/\/ejornais.com.br\/index.php\/wp-json\/wp\/v2\/posts"}],"about":[{"href":"https:\/\/ejornais.com.br\/index.php\/wp-json\/wp\/v2\/types\/post"}],"author":[{"embeddable":true,"href":"https:\/\/ejornais.com.br\/index.php\/wp-json\/wp\/v2\/users\/2"}],"replies":[{"embeddable":true,"href":"https:\/\/ejornais.com.br\/index.php\/wp-json\/wp\/v2\/comments?post=59208"}],"version-history":[{"count":0,"href":"https:\/\/ejornais.com.br\/index.php\/wp-json\/wp\/v2\/posts\/59208\/revisions"}],"wp:attachment":[{"href":"https:\/\/ejornais.com.br\/index.php\/wp-json\/wp\/v2\/media?parent=59208"}],"wp:term":[{"taxonomy":"category","embeddable":true,"href":"https:\/\/ejornais.com.br\/index.php\/wp-json\/wp\/v2\/categories?post=59208"},{"taxonomy":"post_tag","embeddable":true,"href":"https:\/\/ejornais.com.br\/index.php\/wp-json\/wp\/v2\/tags?post=59208"}],"curies":[{"name":"wp","href":"https:\/\/api.w.org\/{rel}","templated":true}]}}