{"id":59220,"date":"2026-01-17T13:12:00","date_gmt":"2026-01-17T16:12:00","guid":{"rendered":"https:\/\/ejornais.com.br\/index.php\/2026\/01\/17\/inscricoes-para-o-pe-de-meia-licenciaturas-comecam-dia-17-de-fevereiro\/"},"modified":"2026-01-17T13:12:00","modified_gmt":"2026-01-17T16:12:00","slug":"inscricoes-para-o-pe-de-meia-licenciaturas-comecam-dia-17-de-fevereiro","status":"publish","type":"post","link":"https:\/\/ejornais.com.br\/index.php\/2026\/01\/17\/inscricoes-para-o-pe-de-meia-licenciaturas-comecam-dia-17-de-fevereiro\/","title":{"rendered":"Inscri\u00e7\u00f5es para o P\u00e9-de-Meia Licenciaturas come\u00e7am dia 17 de fevereiro"},"content":{"rendered":"<p> Por MRNews<br \/>\n<\/p>\n<div wp_automatic_readability=\"63.595238095238\">\n<p><strong>Estudantes de cursos de gradua\u00e7\u00e3o presenciais que formam professores para a educa\u00e7\u00e3o b\u00e1sica (ensinos infantil, fundamental e m\u00e9dio) interessados em uma das 12 mil bolsas de estudo que a Coordena\u00e7\u00e3o de Aperfei\u00e7oamento de Pessoal de N\u00edvel Superior (Capes) conceder\u00e1 por meio do programa federal Mais Professores para o Brasil poder\u00e3o se inscrever a partir do dia 17 de fevereiro, na Plataforma Freire.<\/strong><\/p>\n<p>Podem se candidatar \u00e0 Bolsa de Atratividade e Forma\u00e7\u00e3o para a Doc\u00eancia \u2013 P\u00e9-de-Meia Licenciaturas os <strong>estudantes que obtiveram nota m\u00e9dia igual ou superior a 650 pontos no Exame Nacional do Ensino M\u00e9dio (Enem) e que ingressaram em um curso presencial de licenciatura a partir do segundo semestre de 2025, por meio do Sistema de Sele\u00e7\u00e3o Unificada (Sisu), do Programa Universidade para Todos (Prouni) ou do processo seletivo do Fundo de Financiamento Estudantil (Fies).<\/strong><\/p>\n<p>As bolsas do P\u00e9-de-Meia Licenciaturas garantem aos estudantes contemplados uma<strong> ajuda financeira mensal de R$ 1.050, dos quais R$ 700 podem ser sacados a qualquer momento, enquanto os R$ 350 restantes servir\u00e3o para formar uma poupan\u00e7a,<\/strong> limitada a 48 parcelas (R$16.800\u00a0em valores atuais, sem corre\u00e7\u00e3o), que s\u00f3 poder\u00e1 ser movimentada ap\u00f3s o benefici\u00e1rio come\u00e7ar a dar aulas na rede p\u00fablica de ensino.<\/p>\n<p><strong><a href=\"https:\/\/mrnews.com.br\/index.php\/2026\/01\/17\/tv-brasil-jane-duboc-celebra-a-bossa-nova-no-programa-cena-musical\/\">TV Brasil: Jane Duboc celebra a Bossa Nova no programa Cena Musical<\/a><\/strong><\/p>\n<p><strong><a href=\"https:\/\/mrnews.com.br\/index.php\/2026\/01\/17\/tv-brasil-exibe-neste-fim-de-semana-dois-jogos-do-campeonato-baiano\/\">TV Brasil exibe neste fim de semana dois\u00a0jogos do Campeonato Baiano<\/a><\/strong><\/p>\n<p>Para preservar a bolsa, os estudantes selecionados n\u00e3o s\u00f3 dever\u00e3o se manter matriculados, como ter\u00e3o que ter \u201cdesempenho acad\u00eamico satisfat\u00f3rio\u201d, conforme as normas do curso. Tamb\u00e9m ter\u00e3o que preencher question\u00e1rios e participar das\u00a0avalia\u00e7\u00f5es e outras iniciativas promovidas pela Capes e por suas institui\u00e7\u00f5es de ensino, al\u00e9m de cumprir as demais exig\u00eancias do programa.<\/p>\n<p><strong>Mais informa\u00e7\u00f5es sobre como participar do P\u00e9-de-Meia Licenciaturas podem ser consultadas no Edital n\u00ba 2\/2026,\u00a0que a Capes publicou no <em>Di\u00e1rio Oficial da Uni\u00e3o<\/em> desta sexta-feira (16).<\/strong><\/p>\n<p>Segundo o Minist\u00e9rio da Educa\u00e7\u00e3o, o programa P\u00e9-de-Meia Licenciaturas busca atrair jovens com bom desempenho no Enem para cursos presenciais de forma\u00e7\u00e3o de professores, promovendo a escolha da doc\u00eancia como profiss\u00e3o a fim de ampliar a forma\u00e7\u00e3o de docentes em todo o pa\u00eds, evitando um apag\u00e3o educacional. Atualmente, apenas 3% dos estudantes de 15 anos afirmam querer ser professores, e a taxa de evas\u00e3o varia\u00a0entre 53% nos cursos de pedagogia e 73% em licenciaturas em \u00e1reas como f\u00edsica.<\/p>\n<p>O P\u00e9-de-Meia faz parte do Mais Professores para o Brasil, que tamb\u00e9m conta com o Bolsa Mais Professores, Portal de Forma\u00e7\u00e3o, Prova Nacional Docente e outras a\u00e7\u00f5es de valoriza\u00e7\u00e3o que, de acordo com a pasta, podem beneficiar at\u00e9 2,3 milh\u00f5es de docentes em todo o pa\u00eds.<\/p>\n<p><strong><a href=\"https:\/\/mrnews.com.br\/index.php\/2026\/01\/17\/ha-5-anos-brasil-aplicava-primeiras-doses-de-vacina-contra-a-covid-19\/\">H\u00e1 5 anos, Brasil aplicava primeiras doses de vacina contra a covid-19<\/a><\/strong><\/p>\n<p><strong><a href=\"https:\/\/mrnews.com.br\/index.php\/2026\/01\/17\/mega-sena-sorteia-premio-acumulado-em-r-41-milhoes-neste-sabado\/\">Mega-Sena sorteia pr\u00eamio acumulado em R$ 41 milh\u00f5es neste s\u00e1bado<\/a><\/strong><\/p>\n<\/div>\n","protected":false},"excerpt":{"rendered":"<p>Por MRNews Estudantes de cursos de gradua\u00e7\u00e3o presenciais que formam professores para a educa\u00e7\u00e3o b\u00e1sica (ensinos infantil, fundamental e m\u00e9dio)<\/p>\n","protected":false},"author":2,"featured_media":0,"comment_status":"","ping_status":"","sticky":false,"template":"","format":"standard","meta":{"colormag_page_container_layout":"default_layout","colormag_page_sidebar_layout":"default_layout","footnotes":""},"categories":[1],"tags":[],"class_list":["post-59220","post","type-post","status-publish","format-standard","hentry","category-ejornais"],"aioseo_notices":[],"aioseo_head":"\n\t\t<!-- All in One SEO 5.0.1.1 - aioseo.com -->\n\t<meta name=\"description\" content=\"Por MRNews Estudantes de cursos de gradua\u00e7\u00e3o presenciais que formam professores para a educa\u00e7\u00e3o b\u00e1sica (ensinos infantil, fundamental e m\u00e9dio) interessados em uma das 12 mil bolsas de estudo que a Coordena\u00e7\u00e3o de Aperfei\u00e7oamento de Pessoal de N\u00edvel Superior (Capes) conceder\u00e1 por meio do programa federal Mais Professores para o Brasil poder\u00e3o se inscrever a\" \/>\n\t<meta name=\"robots\" content=\"max-image-preview:large\" \/>\n\t<meta name=\"author\" content=\"admin1\"\/>\n\t<link rel=\"canonical\" href=\"https:\/\/ejornais.com.br\/index.php\/2026\/01\/17\/inscricoes-para-o-pe-de-meia-licenciaturas-comecam-dia-17-de-fevereiro\/\" \/>\n\t<meta name=\"generator\" content=\"All in One SEO (AIOSEO) 5.0.1.1\" \/>\n\t\t<meta property=\"og:locale\" content=\"pt_BR\" \/>\n\t\t<meta property=\"og:site_name\" content=\"eJornais - Cat\u00e1logo de Jornais no mundo, Not\u00edcias, Blog e Esportes ao vivo\" \/>\n\t\t<meta property=\"og:type\" content=\"article\" \/>\n\t\t<meta property=\"og:title\" content=\"Inscri\u00e7\u00f5es para o P\u00e9-de-Meia Licenciaturas come\u00e7am dia 17 de fevereiro - eJornais\" \/>\n\t\t<meta property=\"og:description\" content=\"Por MRNews Estudantes de cursos de gradua\u00e7\u00e3o presenciais que formam professores para a educa\u00e7\u00e3o b\u00e1sica (ensinos infantil, fundamental e m\u00e9dio) interessados em uma das 12 mil bolsas de estudo que a Coordena\u00e7\u00e3o de Aperfei\u00e7oamento de Pessoal de N\u00edvel Superior (Capes) conceder\u00e1 por meio do programa federal Mais Professores para o Brasil poder\u00e3o se inscrever a\" \/>\n\t\t<meta property=\"og:url\" content=\"https:\/\/ejornais.com.br\/index.php\/2026\/01\/17\/inscricoes-para-o-pe-de-meia-licenciaturas-comecam-dia-17-de-fevereiro\/\" \/>\n\t\t<meta property=\"article:published_time\" content=\"2026-01-17T16:12:00+00:00\" \/>\n\t\t<meta property=\"article:modified_time\" content=\"2026-01-17T16:12:00+00:00\" \/>\n\t\t<meta name=\"twitter:card\" content=\"summary_large_image\" \/>\n\t\t<meta name=\"twitter:title\" content=\"Inscri\u00e7\u00f5es para o P\u00e9-de-Meia Licenciaturas come\u00e7am dia 17 de fevereiro - eJornais\" \/>\n\t\t<meta name=\"twitter:description\" content=\"Por MRNews Estudantes de cursos de gradua\u00e7\u00e3o presenciais que formam professores para a educa\u00e7\u00e3o b\u00e1sica (ensinos infantil, fundamental e m\u00e9dio) interessados em uma das 12 mil bolsas de estudo que a Coordena\u00e7\u00e3o de Aperfei\u00e7oamento de Pessoal de N\u00edvel Superior (Capes) conceder\u00e1 por meio do programa federal Mais Professores para o Brasil poder\u00e3o se inscrever a\" \/>\n\t\t<script type=\"application\/ld+json\" class=\"aioseo-schema\">\n\t\t\t{\"@context\":\"https:\\\/\\\/schema.org\",\"@graph\":[{\"@type\":\"BlogPosting\",\"@id\":\"https:\\\/\\\/ejornais.com.br\\\/index.php\\\/2026\\\/01\\\/17\\\/inscricoes-para-o-pe-de-meia-licenciaturas-comecam-dia-17-de-fevereiro\\\/#blogposting\",\"name\":\"Inscri\\u00e7\\u00f5es para o P\\u00e9-de-Meia Licenciaturas come\\u00e7am dia 17 de fevereiro - eJornais\",\"headline\":\"Inscri\\u00e7\\u00f5es para o P\\u00e9-de-Meia Licenciaturas come\\u00e7am dia 17 de fevereiro\",\"author\":{\"@id\":\"https:\\\/\\\/ejornais.com.br\\\/index.php\\\/author\\\/admin1\\\/#author\"},\"publisher\":{\"@id\":\"https:\\\/\\\/ejornais.com.br\\\/#organization\"},\"datePublished\":\"2026-01-17T13:12:00-03:00\",\"dateModified\":\"2026-01-17T13:12:00-03:00\",\"inLanguage\":\"pt-BR\",\"mainEntityOfPage\":{\"@id\":\"https:\\\/\\\/ejornais.com.br\\\/index.php\\\/2026\\\/01\\\/17\\\/inscricoes-para-o-pe-de-meia-licenciaturas-comecam-dia-17-de-fevereiro\\\/#webpage\"},\"isPartOf\":{\"@id\":\"https:\\\/\\\/ejornais.com.br\\\/index.php\\\/2026\\\/01\\\/17\\\/inscricoes-para-o-pe-de-meia-licenciaturas-comecam-dia-17-de-fevereiro\\\/#webpage\"},\"articleSection\":\"Cat\\u00e1logo de Jornais\"},{\"@type\":\"BreadcrumbList\",\"@id\":\"https:\\\/\\\/ejornais.com.br\\\/index.php\\\/2026\\\/01\\\/17\\\/inscricoes-para-o-pe-de-meia-licenciaturas-comecam-dia-17-de-fevereiro\\\/#breadcrumblist\",\"itemListElement\":[{\"@type\":\"ListItem\",\"@id\":\"https:\\\/\\\/ejornais.com.br#listItem\",\"position\":1,\"name\":\"In\\u00edcio\",\"item\":\"https:\\\/\\\/ejornais.com.br\",\"nextItem\":{\"@type\":\"ListItem\",\"@id\":\"https:\\\/\\\/ejornais.com.br\\\/index.php\\\/category\\\/ejornais\\\/#listItem\",\"name\":\"Cat\\u00e1logo de Jornais\"}},{\"@type\":\"ListItem\",\"@id\":\"https:\\\/\\\/ejornais.com.br\\\/index.php\\\/category\\\/ejornais\\\/#listItem\",\"position\":2,\"name\":\"Cat\\u00e1logo de Jornais\",\"item\":\"https:\\\/\\\/ejornais.com.br\\\/index.php\\\/category\\\/ejornais\\\/\",\"nextItem\":{\"@type\":\"ListItem\",\"@id\":\"https:\\\/\\\/ejornais.com.br\\\/index.php\\\/2026\\\/01\\\/17\\\/inscricoes-para-o-pe-de-meia-licenciaturas-comecam-dia-17-de-fevereiro\\\/#listItem\",\"name\":\"Inscri\\u00e7\\u00f5es para o P\\u00e9-de-Meia Licenciaturas come\\u00e7am dia 17 de fevereiro\"},\"previousItem\":{\"@type\":\"ListItem\",\"@id\":\"https:\\\/\\\/ejornais.com.br#listItem\",\"name\":\"In\\u00edcio\"}},{\"@type\":\"ListItem\",\"@id\":\"https:\\\/\\\/ejornais.com.br\\\/index.php\\\/2026\\\/01\\\/17\\\/inscricoes-para-o-pe-de-meia-licenciaturas-comecam-dia-17-de-fevereiro\\\/#listItem\",\"position\":3,\"name\":\"Inscri\\u00e7\\u00f5es para o P\\u00e9-de-Meia Licenciaturas come\\u00e7am dia 17 de fevereiro\",\"previousItem\":{\"@type\":\"ListItem\",\"@id\":\"https:\\\/\\\/ejornais.com.br\\\/index.php\\\/category\\\/ejornais\\\/#listItem\",\"name\":\"Cat\\u00e1logo de Jornais\"}}]},{\"@type\":\"Organization\",\"@id\":\"https:\\\/\\\/ejornais.com.br\\\/#organization\",\"name\":\"eJornais\",\"description\":\"Cat\\u00e1logo de Jornais no mundo, Not\\u00edcias, Blog e Esportes ao vivo\",\"url\":\"https:\\\/\\\/ejornais.com.br\\\/\"},{\"@type\":\"Person\",\"@id\":\"https:\\\/\\\/ejornais.com.br\\\/index.php\\\/author\\\/admin1\\\/#author\",\"url\":\"https:\\\/\\\/ejornais.com.br\\\/index.php\\\/author\\\/admin1\\\/\",\"name\":\"admin1\",\"image\":{\"@type\":\"ImageObject\",\"@id\":\"https:\\\/\\\/ejornais.com.br\\\/index.php\\\/2026\\\/01\\\/17\\\/inscricoes-para-o-pe-de-meia-licenciaturas-comecam-dia-17-de-fevereiro\\\/#authorImage\",\"url\":\"https:\\\/\\\/secure.gravatar.com\\\/avatar\\\/04084e6d73c042b8646e7c17b494073bf0ede3ea13c7105cfc45cbbbc28385a4?s=96&d=mm&r=g\",\"width\":96,\"height\":96,\"caption\":\"admin1\"}},{\"@type\":\"WebPage\",\"@id\":\"https:\\\/\\\/ejornais.com.br\\\/index.php\\\/2026\\\/01\\\/17\\\/inscricoes-para-o-pe-de-meia-licenciaturas-comecam-dia-17-de-fevereiro\\\/#webpage\",\"url\":\"https:\\\/\\\/ejornais.com.br\\\/index.php\\\/2026\\\/01\\\/17\\\/inscricoes-para-o-pe-de-meia-licenciaturas-comecam-dia-17-de-fevereiro\\\/\",\"name\":\"Inscri\\u00e7\\u00f5es para o P\\u00e9-de-Meia Licenciaturas come\\u00e7am dia 17 de fevereiro - eJornais\",\"description\":\"Por MRNews Estudantes de cursos de gradua\\u00e7\\u00e3o presenciais que formam professores para a educa\\u00e7\\u00e3o b\\u00e1sica (ensinos infantil, fundamental e m\\u00e9dio) interessados em uma das 12 mil bolsas de estudo que a Coordena\\u00e7\\u00e3o de Aperfei\\u00e7oamento de Pessoal de N\\u00edvel Superior (Capes) conceder\\u00e1 por meio do programa federal Mais Professores para o Brasil poder\\u00e3o se inscrever a\",\"inLanguage\":\"pt-BR\",\"isPartOf\":{\"@id\":\"https:\\\/\\\/ejornais.com.br\\\/#website\"},\"breadcrumb\":{\"@id\":\"https:\\\/\\\/ejornais.com.br\\\/index.php\\\/2026\\\/01\\\/17\\\/inscricoes-para-o-pe-de-meia-licenciaturas-comecam-dia-17-de-fevereiro\\\/#breadcrumblist\"},\"author\":{\"@id\":\"https:\\\/\\\/ejornais.com.br\\\/index.php\\\/author\\\/admin1\\\/#author\"},\"creator\":{\"@id\":\"https:\\\/\\\/ejornais.com.br\\\/index.php\\\/author\\\/admin1\\\/#author\"},\"datePublished\":\"2026-01-17T13:12:00-03:00\",\"dateModified\":\"2026-01-17T13:12:00-03:00\"},{\"@type\":\"WebSite\",\"@id\":\"https:\\\/\\\/ejornais.com.br\\\/#website\",\"url\":\"https:\\\/\\\/ejornais.com.br\\\/\",\"name\":\"eJornais\",\"description\":\"Cat\\u00e1logo de Jornais no mundo, Not\\u00edcias, Blog e Esportes ao vivo\",\"inLanguage\":\"pt-BR\",\"publisher\":{\"@id\":\"https:\\\/\\\/ejornais.com.br\\\/#organization\"}}]}\n\t\t<\/script>\n\t\t<!-- All in One SEO -->\n\n","aioseo_head_json":{"title":"Inscri\u00e7\u00f5es para o P\u00e9-de-Meia Licenciaturas come\u00e7am dia 17 de fevereiro - eJornais","description":"Por MRNews Estudantes de cursos de gradua\u00e7\u00e3o presenciais que formam professores para a educa\u00e7\u00e3o b\u00e1sica (ensinos infantil, fundamental e m\u00e9dio) interessados em uma das 12 mil bolsas de estudo que a Coordena\u00e7\u00e3o de Aperfei\u00e7oamento de Pessoal de N\u00edvel Superior (Capes) conceder\u00e1 por meio do programa federal Mais Professores para o Brasil poder\u00e3o se inscrever a","canonical_url":"https:\/\/ejornais.com.br\/index.php\/2026\/01\/17\/inscricoes-para-o-pe-de-meia-licenciaturas-comecam-dia-17-de-fevereiro\/","robots":"max-image-preview:large","keywords":"","webmasterTools":{"miscellaneous":""},"schema":{"@context":"https:\/\/schema.org","@graph":[{"@type":"BlogPosting","@id":"https:\/\/ejornais.com.br\/index.php\/2026\/01\/17\/inscricoes-para-o-pe-de-meia-licenciaturas-comecam-dia-17-de-fevereiro\/#blogposting","name":"Inscri\u00e7\u00f5es para o P\u00e9-de-Meia Licenciaturas come\u00e7am dia 17 de fevereiro - eJornais","headline":"Inscri\u00e7\u00f5es para o P\u00e9-de-Meia Licenciaturas come\u00e7am dia 17 de fevereiro","author":{"@id":"https:\/\/ejornais.com.br\/index.php\/author\/admin1\/#author"},"publisher":{"@id":"https:\/\/ejornais.com.br\/#organization"},"datePublished":"2026-01-17T13:12:00-03:00","dateModified":"2026-01-17T13:12:00-03:00","inLanguage":"pt-BR","mainEntityOfPage":{"@id":"https:\/\/ejornais.com.br\/index.php\/2026\/01\/17\/inscricoes-para-o-pe-de-meia-licenciaturas-comecam-dia-17-de-fevereiro\/#webpage"},"isPartOf":{"@id":"https:\/\/ejornais.com.br\/index.php\/2026\/01\/17\/inscricoes-para-o-pe-de-meia-licenciaturas-comecam-dia-17-de-fevereiro\/#webpage"},"articleSection":"Cat\u00e1logo de Jornais"},{"@type":"BreadcrumbList","@id":"https:\/\/ejornais.com.br\/index.php\/2026\/01\/17\/inscricoes-para-o-pe-de-meia-licenciaturas-comecam-dia-17-de-fevereiro\/#breadcrumblist","itemListElement":[{"@type":"ListItem","@id":"https:\/\/ejornais.com.br#listItem","position":1,"name":"In\u00edcio","item":"https:\/\/ejornais.com.br","nextItem":{"@type":"ListItem","@id":"https:\/\/ejornais.com.br\/index.php\/category\/ejornais\/#listItem","name":"Cat\u00e1logo de Jornais"}},{"@type":"ListItem","@id":"https:\/\/ejornais.com.br\/index.php\/category\/ejornais\/#listItem","position":2,"name":"Cat\u00e1logo de Jornais","item":"https:\/\/ejornais.com.br\/index.php\/category\/ejornais\/","nextItem":{"@type":"ListItem","@id":"https:\/\/ejornais.com.br\/index.php\/2026\/01\/17\/inscricoes-para-o-pe-de-meia-licenciaturas-comecam-dia-17-de-fevereiro\/#listItem","name":"Inscri\u00e7\u00f5es para o P\u00e9-de-Meia Licenciaturas come\u00e7am dia 17 de fevereiro"},"previousItem":{"@type":"ListItem","@id":"https:\/\/ejornais.com.br#listItem","name":"In\u00edcio"}},{"@type":"ListItem","@id":"https:\/\/ejornais.com.br\/index.php\/2026\/01\/17\/inscricoes-para-o-pe-de-meia-licenciaturas-comecam-dia-17-de-fevereiro\/#listItem","position":3,"name":"Inscri\u00e7\u00f5es para o P\u00e9-de-Meia Licenciaturas come\u00e7am dia 17 de fevereiro","previousItem":{"@type":"ListItem","@id":"https:\/\/ejornais.com.br\/index.php\/category\/ejornais\/#listItem","name":"Cat\u00e1logo de Jornais"}}]},{"@type":"Organization","@id":"https:\/\/ejornais.com.br\/#organization","name":"eJornais","description":"Cat\u00e1logo de Jornais no mundo, Not\u00edcias, Blog e Esportes ao vivo","url":"https:\/\/ejornais.com.br\/"},{"@type":"Person","@id":"https:\/\/ejornais.com.br\/index.php\/author\/admin1\/#author","url":"https:\/\/ejornais.com.br\/index.php\/author\/admin1\/","name":"admin1","image":{"@type":"ImageObject","@id":"https:\/\/ejornais.com.br\/index.php\/2026\/01\/17\/inscricoes-para-o-pe-de-meia-licenciaturas-comecam-dia-17-de-fevereiro\/#authorImage","url":"https:\/\/secure.gravatar.com\/avatar\/04084e6d73c042b8646e7c17b494073bf0ede3ea13c7105cfc45cbbbc28385a4?s=96&d=mm&r=g","width":96,"height":96,"caption":"admin1"}},{"@type":"WebPage","@id":"https:\/\/ejornais.com.br\/index.php\/2026\/01\/17\/inscricoes-para-o-pe-de-meia-licenciaturas-comecam-dia-17-de-fevereiro\/#webpage","url":"https:\/\/ejornais.com.br\/index.php\/2026\/01\/17\/inscricoes-para-o-pe-de-meia-licenciaturas-comecam-dia-17-de-fevereiro\/","name":"Inscri\u00e7\u00f5es para o P\u00e9-de-Meia Licenciaturas come\u00e7am dia 17 de fevereiro - eJornais","description":"Por MRNews Estudantes de cursos de gradua\u00e7\u00e3o presenciais que formam professores para a educa\u00e7\u00e3o b\u00e1sica (ensinos infantil, fundamental e m\u00e9dio) interessados em uma das 12 mil bolsas de estudo que a Coordena\u00e7\u00e3o de Aperfei\u00e7oamento de Pessoal de N\u00edvel Superior (Capes) conceder\u00e1 por meio do programa federal Mais Professores para o Brasil poder\u00e3o se inscrever a","inLanguage":"pt-BR","isPartOf":{"@id":"https:\/\/ejornais.com.br\/#website"},"breadcrumb":{"@id":"https:\/\/ejornais.com.br\/index.php\/2026\/01\/17\/inscricoes-para-o-pe-de-meia-licenciaturas-comecam-dia-17-de-fevereiro\/#breadcrumblist"},"author":{"@id":"https:\/\/ejornais.com.br\/index.php\/author\/admin1\/#author"},"creator":{"@id":"https:\/\/ejornais.com.br\/index.php\/author\/admin1\/#author"},"datePublished":"2026-01-17T13:12:00-03:00","dateModified":"2026-01-17T13:12:00-03:00"},{"@type":"WebSite","@id":"https:\/\/ejornais.com.br\/#website","url":"https:\/\/ejornais.com.br\/","name":"eJornais","description":"Cat\u00e1logo de Jornais no mundo, Not\u00edcias, Blog e Esportes ao vivo","inLanguage":"pt-BR","publisher":{"@id":"https:\/\/ejornais.com.br\/#organization"}}]},"og:locale":"pt_BR","og:site_name":"eJornais - Cat\u00e1logo de Jornais no mundo, Not\u00edcias, Blog e Esportes ao vivo","og:type":"article","og:title":"Inscri\u00e7\u00f5es para o P\u00e9-de-Meia Licenciaturas come\u00e7am dia 17 de fevereiro - eJornais","og:description":"Por MRNews Estudantes de cursos de gradua\u00e7\u00e3o presenciais que formam professores para a educa\u00e7\u00e3o b\u00e1sica (ensinos infantil, fundamental e m\u00e9dio) interessados em uma das 12 mil bolsas de estudo que a Coordena\u00e7\u00e3o de Aperfei\u00e7oamento de Pessoal de N\u00edvel Superior (Capes) conceder\u00e1 por meio do programa federal Mais Professores para o Brasil poder\u00e3o se inscrever a","og:url":"https:\/\/ejornais.com.br\/index.php\/2026\/01\/17\/inscricoes-para-o-pe-de-meia-licenciaturas-comecam-dia-17-de-fevereiro\/","article:published_time":"2026-01-17T16:12:00+00:00","article:modified_time":"2026-01-17T16:12:00+00:00","twitter:card":"summary_large_image","twitter:title":"Inscri\u00e7\u00f5es para o P\u00e9-de-Meia Licenciaturas come\u00e7am dia 17 de fevereiro - eJornais","twitter:description":"Por MRNews Estudantes de cursos de gradua\u00e7\u00e3o presenciais que formam professores para a educa\u00e7\u00e3o b\u00e1sica (ensinos infantil, fundamental e m\u00e9dio) interessados em uma das 12 mil bolsas de estudo que a Coordena\u00e7\u00e3o de Aperfei\u00e7oamento de Pessoal de N\u00edvel Superior (Capes) conceder\u00e1 por meio do programa federal Mais Professores para o Brasil poder\u00e3o se inscrever a"},"aioseo_meta_data":{"post_id":"59220","title":null,"description":null,"keywords":null,"keyphrases":null,"primary_term":null,"canonical_url":null,"og_title":null,"og_description":null,"og_object_type":"default","og_image_type":"default","og_image_url":null,"og_image_width":null,"og_image_height":null,"og_image_custom_url":null,"og_image_custom_fields":null,"og_video":null,"og_custom_url":null,"og_article_section":null,"og_article_tags":null,"twitter_use_og":false,"twitter_card":"default","twitter_image_type":"default","twitter_image_url":null,"twitter_image_custom_url":null,"twitter_image_custom_fields":null,"twitter_title":null,"twitter_description":null,"schema":{"blockGraphs":[],"customGraphs":[],"default":{"data":{"Article":[],"Course":[],"Dataset":[],"FAQPage":[],"Movie":[],"Person":[],"Product":[],"ProductReview":[],"Car":[],"Recipe":[],"Service":[],"SoftwareApplication":[],"WebPage":[]},"graphName":"","isEnabled":true},"graphs":[]},"schema_type":"default","schema_type_options":null,"pillar_content":false,"robots_default":true,"robots_noindex":false,"robots_noarchive":false,"robots_nosnippet":false,"robots_nofollow":false,"robots_noimageindex":false,"robots_noodp":false,"robots_notranslate":false,"robots_max_snippet":null,"robots_max_videopreview":null,"robots_max_imagepreview":"large","priority":null,"frequency":null,"local_seo":null,"breadcrumb_settings":null,"limit_modified_date":false,"ai":null,"created":"2026-01-17 16:27:59","updated":"2026-01-17 16:27:59","seo_analyzer_scan_date":null,"focus_keyword":null,"additional_keywords":null,"truseo_locale":null},"aioseo_breadcrumb":"<div class=\"aioseo-breadcrumbs\"><span class=\"aioseo-breadcrumb\">\n\t\t\t<a href=\"https:\/\/ejornais.com.br\" title=\"In\u00edcio\">In\u00edcio<\/a>\n\t\t<\/span><span class=\"aioseo-breadcrumb-separator\">&raquo;<\/span><span class=\"aioseo-breadcrumb\">\n\t\t\t<a href=\"https:\/\/ejornais.com.br\/index.php\/category\/ejornais\/\" title=\"Cat\u00e1logo de Jornais\">Cat\u00e1logo de Jornais<\/a>\n\t\t<\/span><span class=\"aioseo-breadcrumb-separator\">&raquo;<\/span><span class=\"aioseo-breadcrumb\">\n\t\t\tInscri\u00e7\u00f5es para o P\u00e9-de-Meia Licenciaturas come\u00e7am dia 17 de fevereiro\n\t\t<\/span><\/div>","aioseo_breadcrumb_json":[{"label":"In\u00edcio","link":"https:\/\/ejornais.com.br"},{"label":"Cat\u00e1logo de Jornais","link":"https:\/\/ejornais.com.br\/index.php\/category\/ejornais\/"},{"label":"Inscri\u00e7\u00f5es para o P\u00e9-de-Meia Licenciaturas come\u00e7am dia 17 de fevereiro","link":"https:\/\/ejornais.com.br\/index.php\/2026\/01\/17\/inscricoes-para-o-pe-de-meia-licenciaturas-comecam-dia-17-de-fevereiro\/"}],"amp_enabled":true,"_links":{"self":[{"href":"https:\/\/ejornais.com.br\/index.php\/wp-json\/wp\/v2\/posts\/59220","targetHints":{"allow":["GET"]}}],"collection":[{"href":"https:\/\/ejornais.com.br\/index.php\/wp-json\/wp\/v2\/posts"}],"about":[{"href":"https:\/\/ejornais.com.br\/index.php\/wp-json\/wp\/v2\/types\/post"}],"author":[{"embeddable":true,"href":"https:\/\/ejornais.com.br\/index.php\/wp-json\/wp\/v2\/users\/2"}],"replies":[{"embeddable":true,"href":"https:\/\/ejornais.com.br\/index.php\/wp-json\/wp\/v2\/comments?post=59220"}],"version-history":[{"count":0,"href":"https:\/\/ejornais.com.br\/index.php\/wp-json\/wp\/v2\/posts\/59220\/revisions"}],"wp:attachment":[{"href":"https:\/\/ejornais.com.br\/index.php\/wp-json\/wp\/v2\/media?parent=59220"}],"wp:term":[{"taxonomy":"category","embeddable":true,"href":"https:\/\/ejornais.com.br\/index.php\/wp-json\/wp\/v2\/categories?post=59220"},{"taxonomy":"post_tag","embeddable":true,"href":"https:\/\/ejornais.com.br\/index.php\/wp-json\/wp\/v2\/tags?post=59220"}],"curies":[{"name":"wp","href":"https:\/\/api.w.org\/{rel}","templated":true}]}}