{"id":59228,"date":"2026-01-17T17:15:02","date_gmt":"2026-01-17T20:15:02","guid":{"rendered":"https:\/\/ejornais.com.br\/index.php\/2026\/01\/17\/tv-brasil-exibe-producao-independente-essencial\/"},"modified":"2026-01-17T17:15:02","modified_gmt":"2026-01-17T20:15:02","slug":"tv-brasil-exibe-producao-independente-essencial","status":"publish","type":"post","link":"https:\/\/ejornais.com.br\/index.php\/2026\/01\/17\/tv-brasil-exibe-producao-independente-essencial\/","title":{"rendered":"TV Brasil exibe produ\u00e7\u00e3o independente Essencial"},"content":{"rendered":"<p> Por MRNews<br \/>\n<\/p>\n<div wp_automatic_readability=\"74.267100977199\">\n<p>O document\u00e1rio <em>Essencial \u2013 Equipes de Sa\u00fade<\/em>\u00a0entra no ar na telinha da <strong>TV Brasil<\/strong> neste domingo (18), \u00e0s 11h. <strong>O especial acompanha a dedica\u00e7\u00e3o e o impacto desses profissionais em comunidades carentes do pa\u00eds.<\/strong> O conte\u00fado destaca a atua\u00e7\u00e3o das equipes de sa\u00fade da fam\u00edlia.<\/p>\n<p>Com 52 minutos, o m\u00e9dia-metragem destaca o papel vital dos agentes de sa\u00fade em prol da popula\u00e7\u00e3o. Dispon\u00edvel no app <strong>TV Brasil Play<\/strong>, a obra independente mostra o cotidiano de quatro agentes comunit\u00e1rios de sa\u00fade que trabalham em diferentes cidades do territ\u00f3rio nacional.<\/p>\n<div class=\"dnd-widget-wrapper context-cheio_8colunas type-image\" wp_automatic_readability=\"3.3947368421053\">\n<h6 class=\"meta\">Especial acompanha a dedica\u00e7\u00e3o e o impacto dos profissionais de sa\u00fade em comunidades carentes do pa\u00eds \u2013 Frame:\u00a0<strong>TV Brasil<\/strong><!--END copyright=450366--><\/h6>\n<\/div>\n<p>A narrativa esclarece as atribui\u00e7\u00f5es dos profissionais aos quais se juntam quatro integrantes de equipes m\u00e9dicas: uma pediatra, um enfermeiro, uma fisioterapeuta e um anestesista. <strong>Em comum, todos os personagens se destacam pela seriedade e paix\u00e3o com que desempenham suas atividades.<\/strong><\/p>\n<p>O foco \u00e9 o dia a dia de quem est\u00e1 envolvido na aten\u00e7\u00e3o prim\u00e1ria \u00e0 sa\u00fade. Conhecida tamb\u00e9m como aten\u00e7\u00e3o b\u00e1sica, abrange n\u00e3o s\u00f3 a promo\u00e7\u00e3o e a prote\u00e7\u00e3o da sa\u00fade, como tamb\u00e9m a preven\u00e7\u00e3o, o diagn\u00f3stico, o tratamento, a reabilita\u00e7\u00e3o e a redu\u00e7\u00e3o de danos. Formada por equipes multidisciplinares, ela tem o objetivo de cuidar do indiv\u00edduo e sua fam\u00edlia e da comunidade de forma integral.<\/p>\n<p>Com depoimentos reveladores, o filme mostra como essa estrutura se torna fundamental na organiza\u00e7\u00e3o do sistema de sa\u00fade e no atendimento de milh\u00f5es de brasileiros. <strong>Essas equipes enfrentam desafios di\u00e1rios e criam v\u00ednculos profundos com as comunidades em que atuam.<\/strong><\/p>\n<p><strong><a href=\"https:\/\/mrnews.com.br\/index.php\/2026\/01\/17\/brasilienses-ganham-o-mundo-no-ritmo-da-paixao-pela-musica\/\">Brasilienses ganham o mundo no ritmo da paix\u00e3o pela m\u00fasica<\/a><\/strong><\/p>\n<p><strong><a href=\"https:\/\/mrnews.com.br\/index.php\/2026\/01\/17\/cristian-ribeira-conquista-mais-um-ouro-na-alemanha\/\">Cristian Ribeira conquista mais um ouro na Alemanha<\/a><\/strong><\/p>\n<div class=\"dnd-widget-wrapper context-cheio_8colunas type-image\">\n<h6 class=\"meta\">Document\u00e1rio destaca a atua\u00e7\u00e3o das equipes de sa\u00fade da fam\u00edlia \u2013 Frame:\u00a0<strong>TV Brasil<\/strong><!--END copyright=450365--><\/h6>\n<\/div>\n<p>Ao revelar aspectos da rotina desse trabalho, o doc combina hist\u00f3rias pessoais com diversos aspectos do sistema de sa\u00fade brasileiro. <strong>O m\u00e9dia-metragem ressalta a import\u00e2ncia da estrat\u00e9gia de sa\u00fade da fam\u00edlia que transforma a rela\u00e7\u00e3o entre profissionais de sa\u00fade e a popula\u00e7\u00e3o mais vulner\u00e1vel.<\/strong><\/p>\n<p>Ficha t\u00e9cnica de <em>Essencial \u2013 Equipes de Sa\u00fade<\/em><br \/>Pa\u00eds: Brasil<br \/>Ano: 2022<br \/>G\u00eanero: document\u00e1rio<br \/>Dura\u00e7\u00e3o: 52 min<br \/>Classifica\u00e7\u00e3o indicativa: Livre<br \/>Realiza\u00e7\u00e3o: Produtora Brasileira de Arte e Cultura<br \/>Dire\u00e7\u00e3o Geral: Pedro Saad<br \/>Dire\u00e7\u00e3o e roteiro: Luciano Oreggia<\/p>\n<p>Valoriza\u00e7\u00e3o do conte\u00fado independente<\/p>\n<p>O m\u00e9dia-metragem <em>Essencial \u2013 Equipes de Sa\u00fade<\/em>\u00a0ganha espa\u00e7o na programa\u00e7\u00e3o da\u00a0<strong>TV Brasil<\/strong>\u00a0neste domingo (18). O conte\u00fado de natureza documental exibido na telinha tamb\u00e9m pode ser acompanhado sob demanda no app <strong>TV Brasil Play<\/strong>.<\/p>\n<p><strong>A emissora p\u00fablica \u00e9 um dos canais que mais exibe conte\u00fado independente nacional.<\/strong> Al\u00e9m de ser uma grande apoiadora da produ\u00e7\u00e3o de obras desse tipo no mercado audiovisual do pa\u00eds, a <strong>TV Brasil<\/strong> fomenta novos realizadores.<\/p>\n<p><strong>Ao vivo e on demand<\/strong>\u00a0\u00a0<\/p>\n<p>Acompanhe a programa\u00e7\u00e3o da\u00a0<strong>TV Brasil<\/strong>\u00a0pelo canal aberto, TV por assinatura e parab\u00f3lica. Sintonize:\u00a0https:\/\/tvbrasil.ebc.com.br\/comosintonizar .\u00a0\u00a0<\/p>\n<p>Seus programas favoritos est\u00e3o no\u00a0<strong>TV Brasil Play<\/strong>, pelo site\u00a0http:\/\/tvbrasilplay.com.br\u00a0ou por aplicativo no smartphone. O app pode ser baixado gratuitamente e est\u00e1 dispon\u00edvel para Android e iOS. Assista tamb\u00e9m pela WebTV:\u00a0https:\/\/tvbrasil.ebc.com.br\/webtv .\u00a0\u00a0<\/p>\n<p><strong>Servi\u00e7o<\/strong><br \/><em>Essencial \u2013 Equipes de Sa\u00fade<\/em> \u2013 domingo, dia 18\/1, \u00e0s 11h, na <strong>TV Brasil<\/strong>\u00a0<\/p>\n<p><strong>TV Brasil<\/strong> na internet e nas redes sociais\u00a0\u00a0<\/p>\n<ul>\n<li>Site \u2013\u00a0https:\/\/tvbrasil.ebc.com.br<\/li>\n<li>Instagram \u2013\u00a0https:\/\/www.instagram.com\/tvbrasil<\/li>\n<li>YouTube \u2013\u00a0https:\/\/www.youtube.com\/tvbrasil<\/li>\n<li>X \u2013\u00a0https:\/\/x.com\/TVBrasil<\/li>\n<li>Facebook \u2013\u00a0https:\/\/www.facebook.com\/tvbrasil<\/li>\n<li>TikTok \u2013\u00a0https:\/\/www.tiktok.com\/@tvbrasil<\/li>\n<li>TV Brasil Play \u2013\u00a0http:\/\/tvbrasilplay.com.br<\/li>\n<\/ul>\n<\/div>\n<p><script async src=\"\/\/www.instagram.com\/embed.js\"><\/script><script async src=\"\/\/www.tiktok.com\/embed.js\"><\/script><\/p>\n","protected":false},"excerpt":{"rendered":"<p>Por MRNews O document\u00e1rio Essencial \u2013 Equipes de Sa\u00fade\u00a0entra no ar na telinha da TV Brasil neste domingo (18), \u00e0s<\/p>\n","protected":false},"author":2,"featured_media":0,"comment_status":"","ping_status":"","sticky":false,"template":"","format":"standard","meta":{"colormag_page_container_layout":"default_layout","colormag_page_sidebar_layout":"default_layout","footnotes":""},"categories":[1],"tags":[],"class_list":["post-59228","post","type-post","status-publish","format-standard","hentry","category-ejornais"],"aioseo_notices":[],"amp_enabled":true,"_links":{"self":[{"href":"https:\/\/ejornais.com.br\/index.php\/wp-json\/wp\/v2\/posts\/59228","targetHints":{"allow":["GET"]}}],"collection":[{"href":"https:\/\/ejornais.com.br\/index.php\/wp-json\/wp\/v2\/posts"}],"about":[{"href":"https:\/\/ejornais.com.br\/index.php\/wp-json\/wp\/v2\/types\/post"}],"author":[{"embeddable":true,"href":"https:\/\/ejornais.com.br\/index.php\/wp-json\/wp\/v2\/users\/2"}],"replies":[{"embeddable":true,"href":"https:\/\/ejornais.com.br\/index.php\/wp-json\/wp\/v2\/comments?post=59228"}],"version-history":[{"count":0,"href":"https:\/\/ejornais.com.br\/index.php\/wp-json\/wp\/v2\/posts\/59228\/revisions"}],"wp:attachment":[{"href":"https:\/\/ejornais.com.br\/index.php\/wp-json\/wp\/v2\/media?parent=59228"}],"wp:term":[{"taxonomy":"category","embeddable":true,"href":"https:\/\/ejornais.com.br\/index.php\/wp-json\/wp\/v2\/categories?post=59228"},{"taxonomy":"post_tag","embeddable":true,"href":"https:\/\/ejornais.com.br\/index.php\/wp-json\/wp\/v2\/tags?post=59228"}],"curies":[{"name":"wp","href":"https:\/\/api.w.org\/{rel}","templated":true}]}}