{"id":59260,"date":"2026-01-18T14:52:02","date_gmt":"2026-01-18T17:52:02","guid":{"rendered":"https:\/\/ejornais.com.br\/index.php\/2026\/01\/18\/lucas-pinheiro-e-prata-em-copa-do-mundo-de-esqui-alpino-na-suica\/"},"modified":"2026-01-18T14:52:02","modified_gmt":"2026-01-18T17:52:02","slug":"lucas-pinheiro-e-prata-em-copa-do-mundo-de-esqui-alpino-na-suica","status":"publish","type":"post","link":"https:\/\/ejornais.com.br\/index.php\/2026\/01\/18\/lucas-pinheiro-e-prata-em-copa-do-mundo-de-esqui-alpino-na-suica\/","title":{"rendered":"Lucas Pinheiro \u00e9 prata em Copa do Mundo de Esqui Alpino, na Su\u00ed\u00e7a"},"content":{"rendered":"<p> Por MRNews<br \/>\n<\/p>\n<div wp_automatic_readability=\"33.553072625698\">\n<p>O esquiador brasileiro Lucas Pinheiro Braathen ficou em segundo lugar no slalom na etapa da Copa do Mundo de Esqui Alpino neste domingo (18), disputada em Wengen, na Su\u00ed\u00e7a. Com o\u00a0resultado foi o melhor j\u00e1 obtido por um brasileiro na competi\u00e7\u00e3o e seu quarto p\u00f3dio na temporada.<\/p>\n<p>O brasileiro fechou a\u00a0prova\u00a0com o tempo de 1min46s46 na somat\u00f3ria das duas descidas. Na primeira, Lucas registrou 53s39;\u00a0na segunda, Lucas foi ainda melhor: 53s07.<\/p>\n<p>No total, o esquiador ficou apenas 0,47 segundo\u00a0atr\u00e1s do campe\u00e3o Atle Lie McGrath, da Noruega, que levou o ouro, com 1min45s99. Outro noruegu\u00eas, Henrik Kristoffersen, foi bronze, com 1min46s80.<\/p>\n<p><strong><a href=\"https:\/\/mrnews.com.br\/index.php\/2026\/01\/18\/saiba-como-gastar-menos-com-o-uso-do-ar-condicionado\/\">Saiba como gastar menos com o uso do ar-condicionado<\/a><\/strong><\/p>\n<p><strong><a href=\"https:\/\/mrnews.com.br\/index.php\/2026\/01\/18\/ativistas-denunciam-blackface-em-fantasias-de-carnaval\/\">Ativistas denunciam \u2018blackface\u2019 em fantasias de carnaval<\/a><\/strong><\/p>\n<p>\u00c0s v\u00e9speras dos Jogos Ol\u00edmpicos de Inverno nas cidades italianas de\u00a0Mil\u00e3o e Cortina d\u2019Ampezzo, o brasileiro j\u00e1 soma tr\u00eas p\u00f3dios. Al\u00e9m da medalha de hoje, ele\u00a0foi ouro na prova de slalom na Finl\u00e2ndia; e prata\u00a0em Alta Badia, na It\u00e1lia, no slalom gigante.<\/p>\n<\/div>\n","protected":false},"excerpt":{"rendered":"<p>Por MRNews O esquiador brasileiro Lucas Pinheiro Braathen ficou em segundo lugar no slalom na etapa da Copa do Mundo<\/p>\n","protected":false},"author":2,"featured_media":0,"comment_status":"","ping_status":"","sticky":false,"template":"","format":"standard","meta":{"colormag_page_container_layout":"default_layout","colormag_page_sidebar_layout":"default_layout","footnotes":""},"categories":[1],"tags":[],"class_list":["post-59260","post","type-post","status-publish","format-standard","hentry","category-ejornais"],"aioseo_notices":[],"amp_enabled":true,"_links":{"self":[{"href":"https:\/\/ejornais.com.br\/index.php\/wp-json\/wp\/v2\/posts\/59260","targetHints":{"allow":["GET"]}}],"collection":[{"href":"https:\/\/ejornais.com.br\/index.php\/wp-json\/wp\/v2\/posts"}],"about":[{"href":"https:\/\/ejornais.com.br\/index.php\/wp-json\/wp\/v2\/types\/post"}],"author":[{"embeddable":true,"href":"https:\/\/ejornais.com.br\/index.php\/wp-json\/wp\/v2\/users\/2"}],"replies":[{"embeddable":true,"href":"https:\/\/ejornais.com.br\/index.php\/wp-json\/wp\/v2\/comments?post=59260"}],"version-history":[{"count":0,"href":"https:\/\/ejornais.com.br\/index.php\/wp-json\/wp\/v2\/posts\/59260\/revisions"}],"wp:attachment":[{"href":"https:\/\/ejornais.com.br\/index.php\/wp-json\/wp\/v2\/media?parent=59260"}],"wp:term":[{"taxonomy":"category","embeddable":true,"href":"https:\/\/ejornais.com.br\/index.php\/wp-json\/wp\/v2\/categories?post=59260"},{"taxonomy":"post_tag","embeddable":true,"href":"https:\/\/ejornais.com.br\/index.php\/wp-json\/wp\/v2\/tags?post=59260"}],"curies":[{"name":"wp","href":"https:\/\/api.w.org\/{rel}","templated":true}]}}