{"id":59262,"date":"2026-01-18T16:13:02","date_gmt":"2026-01-18T19:13:02","guid":{"rendered":"https:\/\/ejornais.com.br\/index.php\/2026\/01\/18\/rio-de-janeiro-ganha-novo-pacote-de-editais-do-ministerio-da-cultura\/"},"modified":"2026-01-18T16:13:02","modified_gmt":"2026-01-18T19:13:02","slug":"rio-de-janeiro-ganha-novo-pacote-de-editais-do-ministerio-da-cultura","status":"publish","type":"post","link":"https:\/\/ejornais.com.br\/index.php\/2026\/01\/18\/rio-de-janeiro-ganha-novo-pacote-de-editais-do-ministerio-da-cultura\/","title":{"rendered":"Rio de Janeiro ganha novo pacote de editais do Minist\u00e9rio da Cultura"},"content":{"rendered":"<p> Por MRNews<br \/>\n<\/p>\n<div wp_automatic_readability=\"113.01215443279\">\n<p>Um novo pacote de editais do ciclo II da Pol\u00edtica Nacional Aldir Blanc, totalizando investimento de R$ 38,896 milh\u00f5es, est\u00e1 sendo destinado pelo Minist\u00e9rio da Cultura (MinC) \u00e0 cultura carioca. O novo pacote de editais foi lan\u00e7ado no Pal\u00e1cio Gustavo Capanema, na capital fluminense, na \u00faltima sexta-feira (16), e contou com as presen\u00e7as do secret\u00e1rio-executivo do MinC, M\u00e1rcio Tavares, e do secret\u00e1rio municipal de Cultura do Rio, Lucas Padilha.<\/p>\n<p>Em entrevista \u00e0 <strong>Ag\u00eancia Brasil<\/strong>, o secret\u00e1rio-executivo do MinC, M\u00e1rcio Tavares, ressaltou\u00a0que esse \u201c\u00e9 o maior investimento direto em cultura feito pelo governo do Brasil no Rio de Janeiro, com um pacote de editais que s\u00e3o divididos pela prefeitura carioca em mais de 15 \u00e1reas de atua\u00e7\u00e3o, que v\u00e3o desde o fomento direto \u00e0 resid\u00eancia art\u00edstica, forma\u00e7\u00e3o de plateias e\u00a0editais espec\u00edficos para o desenvolvimento do setor do audiovisual\u201d.<\/p>\n<p>Tavares acrescentou que esse conjunto completo de editais culmina em\u00a0um edital para a\u00e7\u00f5es continuadas, para grupos, coletivos e atividades que atuam de forma recorrente, o que alinha esses novos editais do Rio com as novas pol\u00edticas da Lei Aldir Blanc. \u201cFoi um lan\u00e7amento muito esperado pela comunidade e muito bem sucedido\u201d, afirmou o secret\u00e1rio-executivo do MinC.<\/p>\n<p><strong><a href=\"https:\/\/mrnews.com.br\/index.php\/2026\/01\/18\/marido-desaparecido-ha-23-anos-e-encontrado-vivo-e-casado-com-outra\/\">Marido desaparecido h\u00e1 23 anos \u00e9 encontrado vivo e casado com outra<\/a><\/strong><\/p>\n<p><strong><a href=\"https:\/\/mrnews.com.br\/index.php\/2026\/01\/18\/entenda-as-liquidacoes-do-banco-master-e-da-reag\/\">Entenda as liquida\u00e7\u00f5es do Banco Master e da Reag<\/a><\/strong><\/p>\n<p>Os novos editais, que somam R$ 13,4 milh\u00f5es em sua primeira etapa de lan\u00e7amento, incluem o edital Mestre Bira Presidente (R$ 1 milh\u00e3o), Apoio a A\u00e7\u00f5es Locais \u2013 Cineclubes (R$ 3,4 milh\u00f5es), A\u00e7\u00f5es Locais (R$ 3,2 milh\u00f5es), Media\u00e7\u00e3o e Forma\u00e7\u00e3o de Plateia (R$ 3 milh\u00f5es), Produ\u00e7\u00e3o de Mostras e Festivais de Audiovisual (R$ 300 mil), Produtos Culturais \u2013 Fluxo Cont\u00ednuo (R$ 800 mil) e o Pr\u00eamio Jo\u00e3o e J\u00falia do Rio (R$ 615,5 mil).<\/p>\n<h2>Reconhecimento<\/h2>\n<p>O secret\u00e1rio-executivo do MinC tamb\u00e9m explicou sobre o Pr\u00eamio Jo\u00e3o e J\u00falia do Rio, que\u00a0reconhece pessoas que contribu\u00edram para o mundo liter\u00e1rio carioca.<\/p>\n<p>O nome homenageia Jo\u00e3o do Rio, jornalista, cronista, contista, romancista, tradutor e teatr\u00f3logo brasileiro, segundo ocupante da cadeira 26 da Academia Brasileira de Letras (ABL), para onde foi eleito em 7 de maio de 1910;<\/p>\n<p>J\u00e1 J\u00falia Lopes de Almeida foi\u00a0escritora, cronista, teatr\u00f3loga e abolicionista brasileira, que integrava o grupo de escritores e intelectuais que planejou a cria\u00e7\u00e3o da ABL. Entretanto, na primeira reuni\u00e3o da Academia, seu nome foi exclu\u00eddo porque os fundadores optaram por manter a institui\u00e7\u00e3o exclusivamente masculina, seguindo a Academia Francesa, que lhes servia de modelo. O veto \u00e0 participa\u00e7\u00e3o de mulheres na ABL s\u00f3 terminou em 1977, com a elei\u00e7\u00e3o de Rachel de Queiroz para a cadeira n\u00famero 5.<\/p>\n<p><strong><a href=\"https:\/\/mrnews.com.br\/index.php\/2026\/01\/18\/lucas-pinheiro-e-prata-em-copa-do-mundo-de-esqui-alpino-na-suica\/\">Lucas Pinheiro \u00e9 prata em Copa do Mundo de Esqui Alpino, na Su\u00ed\u00e7a<\/a><\/strong><\/p>\n<p><strong><a href=\"https:\/\/mrnews.com.br\/index.php\/2026\/01\/18\/saiba-como-gastar-menos-com-o-uso-do-ar-condicionado\/\">Saiba como gastar menos com o uso do ar-condicionado<\/a><\/strong><\/p>\n<p>M\u00e1rcio Tavares informou que o Pr\u00eamio Jo\u00e3o e J\u00falia vai reconhecer livreiros, livrarias, pessoas do mundo liter\u00e1rio que contribu\u00edram para o desenvolvimento desse setor no Rio de Janeiro.<\/p>\n<p>\u201c\u00c9 um pr\u00eamio in\u00e9dito e que tamb\u00e9m est\u00e1 na esteira do desenvolvimento do Rio Capital Mundial do Livro, reconhecimento que a cidade recebeu atrav\u00e9s da Organiza\u00e7\u00e3o das Na\u00e7\u00f5es Unidas para a Educa\u00e7\u00e3o, a Ci\u00eancia e a Cultura (Unesco)\u201d.<\/p>\n<p>O secret\u00e1rio-executivo lembrou que essa foi a primeira vez que uma cidade de l\u00edngua portuguesa recebeu esse reconhecimento. \u201cIsso deixa como legado essas pol\u00edticas que v\u00e3o fortalecendo tamb\u00e9m a voca\u00e7\u00e3o do Rio de Janeiro para o livro, a literatura e a escrita\u201d.<\/p>\n<h2>Est\u00edmulo<\/h2>\n<p>Tavares n\u00e3o tem d\u00favidas de que o pr\u00eamio e o t\u00edtulo de Capital Mundial do Livro estimulam ainda mais a cultura no munic\u00edpio do Rio de Janeiro.<\/p>\n<p>\u201cEstimula muito porque o Rio de Janeiro \u00e9 uma refer\u00eancia cultural do Brasil, uma cidade que tem uma diversidade cultural imensa. E \u00e9 por isso que essa diversidade de editais, de linguagens e iniciativas contempladas agradou muito ao governo federal, porque busca dar abrang\u00eancia, tanto territorial quanto de linguagem, necess\u00e1ria para responder a essa cidade que respira cultura\u201d.<\/p>\n<p>\u00a0<\/p>\n<\/div>\n","protected":false},"excerpt":{"rendered":"<p>Por MRNews Um novo pacote de editais do ciclo II da Pol\u00edtica Nacional Aldir Blanc, totalizando investimento de R$ 38,896<\/p>\n","protected":false},"author":2,"featured_media":0,"comment_status":"","ping_status":"","sticky":false,"template":"","format":"standard","meta":{"colormag_page_container_layout":"default_layout","colormag_page_sidebar_layout":"default_layout","footnotes":""},"categories":[1],"tags":[],"class_list":["post-59262","post","type-post","status-publish","format-standard","hentry","category-ejornais"],"aioseo_notices":[],"amp_enabled":true,"_links":{"self":[{"href":"https:\/\/ejornais.com.br\/index.php\/wp-json\/wp\/v2\/posts\/59262","targetHints":{"allow":["GET"]}}],"collection":[{"href":"https:\/\/ejornais.com.br\/index.php\/wp-json\/wp\/v2\/posts"}],"about":[{"href":"https:\/\/ejornais.com.br\/index.php\/wp-json\/wp\/v2\/types\/post"}],"author":[{"embeddable":true,"href":"https:\/\/ejornais.com.br\/index.php\/wp-json\/wp\/v2\/users\/2"}],"replies":[{"embeddable":true,"href":"https:\/\/ejornais.com.br\/index.php\/wp-json\/wp\/v2\/comments?post=59262"}],"version-history":[{"count":0,"href":"https:\/\/ejornais.com.br\/index.php\/wp-json\/wp\/v2\/posts\/59262\/revisions"}],"wp:attachment":[{"href":"https:\/\/ejornais.com.br\/index.php\/wp-json\/wp\/v2\/media?parent=59262"}],"wp:term":[{"taxonomy":"category","embeddable":true,"href":"https:\/\/ejornais.com.br\/index.php\/wp-json\/wp\/v2\/categories?post=59262"},{"taxonomy":"post_tag","embeddable":true,"href":"https:\/\/ejornais.com.br\/index.php\/wp-json\/wp\/v2\/tags?post=59262"}],"curies":[{"name":"wp","href":"https:\/\/api.w.org\/{rel}","templated":true}]}}