{"id":59357,"date":"2026-01-20T13:46:08","date_gmt":"2026-01-20T16:46:08","guid":{"rendered":"https:\/\/ejornais.com.br\/index.php\/2026\/01\/20\/cicero-lucena-entrega-equipamentos-de-calistenia-em-5-pracas-e-parques-de-joao-pessoa\/"},"modified":"2026-01-20T13:46:08","modified_gmt":"2026-01-20T16:46:08","slug":"cicero-lucena-entrega-equipamentos-de-calistenia-em-5-pracas-e-parques-de-joao-pessoa","status":"publish","type":"post","link":"https:\/\/ejornais.com.br\/index.php\/2026\/01\/20\/cicero-lucena-entrega-equipamentos-de-calistenia-em-5-pracas-e-parques-de-joao-pessoa\/","title":{"rendered":"C\u00edcero Lucena entrega equipamentos de calistenia em 5 pra\u00e7as e parques de Jo\u00e3o Pessoa"},"content":{"rendered":"<p><\/p>\n<div>\n<p>Pensando em mais uma forma de promover o bem-estar e melhorar a sa\u00fade e qualidade de vida da popula\u00e7\u00e3o, o prefeito C\u00edcero Lucena entregou, nesta ter\u00e7a-feira (20), equipamentos de calistenia e alongamento em cinco pra\u00e7as de Jo\u00e3o Pessoa. As esta\u00e7\u00f5es est\u00e3o sendo instaladas pela Prefeitura, por meio da Secretaria de Juventude, Esporte e Recrea\u00e7\u00e3o (Sejer), e a expectativa \u00e9 de instalar em 35 pra\u00e7as, cal\u00e7adas e parques da cidade.<\/p>\n<figure class=\"wp-block-gallery has-nested-images columns-default is-cropped wp-block-gallery-1 is-layout-flex wp-block-gallery-is-layout-flex\">\n<figure class=\"wp-block-image size-large\"><\/figure>\n<\/figure>\n<p>Inicialmente, os equipamentos foram instalados e j\u00e1 est\u00e3o dispon\u00edveis \u00e0 popula\u00e7\u00e3o nas Pra\u00e7as da Fam\u00edlia, Cristo Rei, Coqueiral e Encanto Verde, al\u00e9m do Parque Bosque das \u00c1guas, em Mangabeira. Em visita aos locais, o prefeito destacou que os espa\u00e7os p\u00fablicos de Jo\u00e3o Pessoa oferecem diversos equipamentos para a pr\u00e1tica de atividades f\u00edsicas.<\/p>\n<figure class=\"wp-block-gallery has-nested-images columns-default is-cropped wp-block-gallery-2 is-layout-flex wp-block-gallery-is-layout-flex\">\n<figure class=\"wp-block-image size-large\"><\/figure>\n<\/figure>\n<p>\u201cEssa gest\u00e3o tem um compromisso de fazer, fazer bem feito e sempre procurar melhorar o que fez. Ent\u00e3o, nessas pra\u00e7as, al\u00e9m das academias da terceira idade j\u00e1 instaladas, estamos colocando mais um equipamento para que seja feito outro tipo de exerc\u00edcio, com o objetivo de melhorar a qualidade de vida da nossa popula\u00e7\u00e3o. S\u00e3o cinco que estamos entregando hoje com emenda do deputado Cabo Gilberto, mas n\u00f3s estamos complementando com 35 unidades em diferentes bairros da cidade\u201d, ressaltou C\u00edcero Lucena. <\/p>\n<figure class=\"wp-block-gallery has-nested-images columns-default is-cropped wp-block-gallery-3 is-layout-flex wp-block-gallery-is-layout-flex\">\n<figure class=\"wp-block-image size-large\"><\/figure>\n<figure class=\"wp-block-image size-large\"><\/figure>\n<\/figure>\n<p>Calistenia \u00e9 um conjunto de exerc\u00edcios f\u00edsicos nos quais se usa o peso do pr\u00f3prio corpo, podendo adicionar ou n\u00e3o peso extra. A calistenia desenvolve habilidades como for\u00e7a sobre o pr\u00f3prio corpo, equil\u00edbrio, no\u00e7\u00e3o espacial, consci\u00eancia corporal e flexibilidade. Ao lado de cada equipamento, h\u00e1 uma placa com orienta\u00e7\u00f5es dos exerc\u00edcios que podem ser feitos pelos usu\u00e1rios. <\/p>\n<figure class=\"wp-block-gallery has-nested-images columns-default is-cropped wp-block-gallery-4 is-layout-flex wp-block-gallery-is-layout-flex\">\n<figure class=\"wp-block-image size-large\"><\/figure>\n<figure class=\"wp-block-image size-large\"><\/figure>\n<\/figure>\n<p>\u201cAgradecer por esse primeiro passo do prefeito, que contribui diretamente para a longevidade da popula\u00e7\u00e3o. Essas s\u00e3o as primeiras a\u00e7\u00f5es de um conjunto de iniciativas que v\u00e3o fortalecer e impulsionar o desenvolvimento esportivo em toda a cidade\u201d, disse o secret\u00e1rio municipal de Juventude, Esporte e Recrea\u00e7\u00e3o, Jo\u00e3ozinho Neto.<\/p>\n<figure class=\"wp-block-gallery has-nested-images columns-default is-cropped wp-block-gallery-5 is-layout-flex wp-block-gallery-is-layout-flex\">\n<figure class=\"wp-block-image size-large\"><\/figure>\n<\/figure>\n<p>O comerciante Isa\u00edas Dias Pereira mora na comunidade Cristo Rei e agradeceu a instala\u00e7\u00e3o de mais um equipamento para a pr\u00e1tica de exerc\u00edcio f\u00edsico pr\u00f3ximo de sua casa. \u201cEu venho para a pra\u00e7a sempre que posso. E tudo que vem para somar e melhorar nossa sa\u00fade, \u00e9 bom demais\u201d, afirmou.<\/p>\n<p><strong>Confira os locais onde est\u00e3o sendo instalados os novos equipamentos:<\/strong><\/p>\n<p><strong>Mangabeira:<\/strong><br \/>Pra\u00e7a da Fam\u00edlia \u2013 (instalado)<br \/>Pra\u00e7a Cristo Rei \u2013 (instalado)<br \/>Pra\u00e7a do Coqueiral \u2013 (instalado)<br \/>Pra\u00e7a Encanto Verde \u2013 (instalado)<br \/>Parque Bosque das \u00c1guas (instalado)<br \/>Avenida Hilton Souto Maior, s\/n (cal\u00e7ada)<\/p>\n<p><strong>Banc\u00e1rios:<\/strong><br \/>Parque das Tr\u00eas Ruas<br \/>Pra\u00e7a da Paz<\/p>\n<p><strong>Valentina Figueiredo:<\/strong><br \/>Pra\u00e7a Soares Madruga<\/p>\n<p><strong>Gramame:<\/strong><br \/>Avenida C\u00edcero Batista de Luna, 28 (cal\u00e7ada)<\/p>\n<p><strong>Cristo Redentor:<\/strong><br \/>Est\u00e1dio Almeid\u00e3o \u2013 Rua Petrarca Grisi, 402 (cal\u00e7ada)<\/p>\n<p><strong>Centro:<\/strong><br \/>Parque Solon de Lucena 1<br \/>Parque Solon de Lucena 2<\/p>\n<p><strong>Altiplano:<\/strong><br \/>Pra\u00e7a do Altiplano \u2013 Rua Jos\u00e9 Rufino, 176<br \/>Avenida Jo\u00e3o Cirilo da Silva, 504 (cal\u00e7ada)<br \/>Rua Ana Guedes de Vasconcelos, 81 (cal\u00e7ada)<\/p>\n<p><strong>Cabo Branco (Orla):<\/strong><br \/>Avenida Cabo Branco, 4580<br \/>Avenida Cabo Branco, 4630<br \/>Rua Alice Almeida, 33<br \/>Avenida Cabo Branco, 1131\u20131321<br \/>Avenida Cabo Branco, 1758<br \/>Avenida Presidente Epit\u00e1cio Pessoa, 5102 (cal\u00e7ada)<\/p>\n<p><strong>Tamba\u00fa (Orla):<\/strong><br \/>Avenida Cabo Branco, 1148<br \/>Avenida Almirante Tamandar\u00e9, 548<br \/>Mercado do Peixe \u2013 Avenida Almirante Tamandar\u00e9<\/p>\n<p><strong>Mana\u00edra (Orla):<\/strong><br \/>Avenida Jo\u00e3o Maur\u00edcio, 171<br \/>Avenida Jo\u00e3o Maur\u00edcio, 1875<br \/>Avenida Governador Argemiro de Figueiredo, 64<\/p>\n<p><strong>Bessa (Orla):<\/strong><br \/>Avenida Arthur Monteiro de Paiva, 1220<br \/>Avenida Arthur Monteiro de Paiva, 1681<\/p>\n<p><strong>Jardim Oceania e Aeroclube:<\/strong><br \/>Parque Linear Parahyba 1<br \/>Parque Linear Parahyba 2<br \/>Parque Linear Parahyba 3<br \/>Parque Linear Parahyba 4<br \/>Pra\u00e7a Wanda Braga de Lucena<\/p>\n<\/p><\/div>\n","protected":false},"excerpt":{"rendered":"<p>Pensando em mais uma forma de promover o bem-estar e melhorar a sa\u00fade e qualidade de vida da popula\u00e7\u00e3o, o<\/p>\n","protected":false},"author":2,"featured_media":0,"comment_status":"","ping_status":"","sticky":false,"template":"","format":"standard","meta":{"colormag_page_container_layout":"default_layout","colormag_page_sidebar_layout":"default_layout","footnotes":""},"categories":[1],"tags":[],"class_list":["post-59357","post","type-post","status-publish","format-standard","hentry","category-ejornais"],"aioseo_notices":[],"aioseo_head":"\n\t\t<!-- All in One SEO 5.0.1.1 - aioseo.com -->\n\t<meta name=\"description\" content=\"Pensando em mais uma forma de promover o bem-estar e melhorar a sa\u00fade e qualidade de vida da popula\u00e7\u00e3o, o prefeito C\u00edcero Lucena entregou, nesta ter\u00e7a-feira (20), equipamentos de calistenia e alongamento em cinco pra\u00e7as de Jo\u00e3o Pessoa. As esta\u00e7\u00f5es est\u00e3o sendo instaladas pela Prefeitura, por meio da Secretaria de Juventude, Esporte e Recrea\u00e7\u00e3o (Sejer),\" \/>\n\t<meta name=\"robots\" content=\"max-image-preview:large\" \/>\n\t<meta name=\"author\" content=\"admin1\"\/>\n\t<link rel=\"canonical\" href=\"https:\/\/ejornais.com.br\/index.php\/2026\/01\/20\/cicero-lucena-entrega-equipamentos-de-calistenia-em-5-pracas-e-parques-de-joao-pessoa\/\" \/>\n\t<meta name=\"generator\" content=\"All in One SEO (AIOSEO) 5.0.1.1\" \/>\n\t\t<meta property=\"og:locale\" content=\"pt_BR\" \/>\n\t\t<meta property=\"og:site_name\" content=\"eJornais - Cat\u00e1logo de Jornais no mundo, Not\u00edcias, Blog e Esportes ao vivo\" \/>\n\t\t<meta property=\"og:type\" content=\"article\" \/>\n\t\t<meta property=\"og:title\" content=\"C\u00edcero Lucena entrega equipamentos de calistenia em 5 pra\u00e7as e parques de Jo\u00e3o Pessoa - eJornais\" \/>\n\t\t<meta property=\"og:description\" content=\"Pensando em mais uma forma de promover o bem-estar e melhorar a sa\u00fade e qualidade de vida da popula\u00e7\u00e3o, o prefeito C\u00edcero Lucena entregou, nesta ter\u00e7a-feira (20), equipamentos de calistenia e alongamento em cinco pra\u00e7as de Jo\u00e3o Pessoa. As esta\u00e7\u00f5es est\u00e3o sendo instaladas pela Prefeitura, por meio da Secretaria de Juventude, Esporte e Recrea\u00e7\u00e3o (Sejer),\" \/>\n\t\t<meta property=\"og:url\" content=\"https:\/\/ejornais.com.br\/index.php\/2026\/01\/20\/cicero-lucena-entrega-equipamentos-de-calistenia-em-5-pracas-e-parques-de-joao-pessoa\/\" \/>\n\t\t<meta property=\"article:published_time\" content=\"2026-01-20T16:46:08+00:00\" \/>\n\t\t<meta property=\"article:modified_time\" content=\"2026-01-20T16:46:08+00:00\" \/>\n\t\t<meta name=\"twitter:card\" content=\"summary_large_image\" \/>\n\t\t<meta name=\"twitter:title\" content=\"C\u00edcero Lucena entrega equipamentos de calistenia em 5 pra\u00e7as e parques de Jo\u00e3o Pessoa - eJornais\" \/>\n\t\t<meta name=\"twitter:description\" content=\"Pensando em mais uma forma de promover o bem-estar e melhorar a sa\u00fade e qualidade de vida da popula\u00e7\u00e3o, o prefeito C\u00edcero Lucena entregou, nesta ter\u00e7a-feira (20), equipamentos de calistenia e alongamento em cinco pra\u00e7as de Jo\u00e3o Pessoa. As esta\u00e7\u00f5es est\u00e3o sendo instaladas pela Prefeitura, por meio da Secretaria de Juventude, Esporte e Recrea\u00e7\u00e3o (Sejer),\" \/>\n\t\t<script type=\"application\/ld+json\" class=\"aioseo-schema\">\n\t\t\t{\"@context\":\"https:\\\/\\\/schema.org\",\"@graph\":[{\"@type\":\"BlogPosting\",\"@id\":\"https:\\\/\\\/ejornais.com.br\\\/index.php\\\/2026\\\/01\\\/20\\\/cicero-lucena-entrega-equipamentos-de-calistenia-em-5-pracas-e-parques-de-joao-pessoa\\\/#blogposting\",\"name\":\"C\\u00edcero Lucena entrega equipamentos de calistenia em 5 pra\\u00e7as e parques de Jo\\u00e3o Pessoa - eJornais\",\"headline\":\"C\\u00edcero Lucena entrega equipamentos de calistenia em 5 pra\\u00e7as e parques de Jo\\u00e3o Pessoa\",\"author\":{\"@id\":\"https:\\\/\\\/ejornais.com.br\\\/index.php\\\/author\\\/admin1\\\/#author\"},\"publisher\":{\"@id\":\"https:\\\/\\\/ejornais.com.br\\\/#organization\"},\"datePublished\":\"2026-01-20T13:46:08-03:00\",\"dateModified\":\"2026-01-20T13:46:08-03:00\",\"inLanguage\":\"pt-BR\",\"mainEntityOfPage\":{\"@id\":\"https:\\\/\\\/ejornais.com.br\\\/index.php\\\/2026\\\/01\\\/20\\\/cicero-lucena-entrega-equipamentos-de-calistenia-em-5-pracas-e-parques-de-joao-pessoa\\\/#webpage\"},\"isPartOf\":{\"@id\":\"https:\\\/\\\/ejornais.com.br\\\/index.php\\\/2026\\\/01\\\/20\\\/cicero-lucena-entrega-equipamentos-de-calistenia-em-5-pracas-e-parques-de-joao-pessoa\\\/#webpage\"},\"articleSection\":\"Cat\\u00e1logo de Jornais\"},{\"@type\":\"BreadcrumbList\",\"@id\":\"https:\\\/\\\/ejornais.com.br\\\/index.php\\\/2026\\\/01\\\/20\\\/cicero-lucena-entrega-equipamentos-de-calistenia-em-5-pracas-e-parques-de-joao-pessoa\\\/#breadcrumblist\",\"itemListElement\":[{\"@type\":\"ListItem\",\"@id\":\"https:\\\/\\\/ejornais.com.br#listItem\",\"position\":1,\"name\":\"In\\u00edcio\",\"item\":\"https:\\\/\\\/ejornais.com.br\",\"nextItem\":{\"@type\":\"ListItem\",\"@id\":\"https:\\\/\\\/ejornais.com.br\\\/index.php\\\/category\\\/ejornais\\\/#listItem\",\"name\":\"Cat\\u00e1logo de Jornais\"}},{\"@type\":\"ListItem\",\"@id\":\"https:\\\/\\\/ejornais.com.br\\\/index.php\\\/category\\\/ejornais\\\/#listItem\",\"position\":2,\"name\":\"Cat\\u00e1logo de Jornais\",\"item\":\"https:\\\/\\\/ejornais.com.br\\\/index.php\\\/category\\\/ejornais\\\/\",\"nextItem\":{\"@type\":\"ListItem\",\"@id\":\"https:\\\/\\\/ejornais.com.br\\\/index.php\\\/2026\\\/01\\\/20\\\/cicero-lucena-entrega-equipamentos-de-calistenia-em-5-pracas-e-parques-de-joao-pessoa\\\/#listItem\",\"name\":\"C\\u00edcero Lucena entrega equipamentos de calistenia em 5 pra\\u00e7as e parques de Jo\\u00e3o Pessoa\"},\"previousItem\":{\"@type\":\"ListItem\",\"@id\":\"https:\\\/\\\/ejornais.com.br#listItem\",\"name\":\"In\\u00edcio\"}},{\"@type\":\"ListItem\",\"@id\":\"https:\\\/\\\/ejornais.com.br\\\/index.php\\\/2026\\\/01\\\/20\\\/cicero-lucena-entrega-equipamentos-de-calistenia-em-5-pracas-e-parques-de-joao-pessoa\\\/#listItem\",\"position\":3,\"name\":\"C\\u00edcero Lucena entrega equipamentos de calistenia em 5 pra\\u00e7as e parques de Jo\\u00e3o Pessoa\",\"previousItem\":{\"@type\":\"ListItem\",\"@id\":\"https:\\\/\\\/ejornais.com.br\\\/index.php\\\/category\\\/ejornais\\\/#listItem\",\"name\":\"Cat\\u00e1logo de Jornais\"}}]},{\"@type\":\"Organization\",\"@id\":\"https:\\\/\\\/ejornais.com.br\\\/#organization\",\"name\":\"eJornais\",\"description\":\"Cat\\u00e1logo de Jornais no mundo, Not\\u00edcias, Blog e Esportes ao vivo\",\"url\":\"https:\\\/\\\/ejornais.com.br\\\/\"},{\"@type\":\"Person\",\"@id\":\"https:\\\/\\\/ejornais.com.br\\\/index.php\\\/author\\\/admin1\\\/#author\",\"url\":\"https:\\\/\\\/ejornais.com.br\\\/index.php\\\/author\\\/admin1\\\/\",\"name\":\"admin1\",\"image\":{\"@type\":\"ImageObject\",\"@id\":\"https:\\\/\\\/ejornais.com.br\\\/index.php\\\/2026\\\/01\\\/20\\\/cicero-lucena-entrega-equipamentos-de-calistenia-em-5-pracas-e-parques-de-joao-pessoa\\\/#authorImage\",\"url\":\"https:\\\/\\\/secure.gravatar.com\\\/avatar\\\/04084e6d73c042b8646e7c17b494073bf0ede3ea13c7105cfc45cbbbc28385a4?s=96&d=mm&r=g\",\"width\":96,\"height\":96,\"caption\":\"admin1\"}},{\"@type\":\"WebPage\",\"@id\":\"https:\\\/\\\/ejornais.com.br\\\/index.php\\\/2026\\\/01\\\/20\\\/cicero-lucena-entrega-equipamentos-de-calistenia-em-5-pracas-e-parques-de-joao-pessoa\\\/#webpage\",\"url\":\"https:\\\/\\\/ejornais.com.br\\\/index.php\\\/2026\\\/01\\\/20\\\/cicero-lucena-entrega-equipamentos-de-calistenia-em-5-pracas-e-parques-de-joao-pessoa\\\/\",\"name\":\"C\\u00edcero Lucena entrega equipamentos de calistenia em 5 pra\\u00e7as e parques de Jo\\u00e3o Pessoa - eJornais\",\"description\":\"Pensando em mais uma forma de promover o bem-estar e melhorar a sa\\u00fade e qualidade de vida da popula\\u00e7\\u00e3o, o prefeito C\\u00edcero Lucena entregou, nesta ter\\u00e7a-feira (20), equipamentos de calistenia e alongamento em cinco pra\\u00e7as de Jo\\u00e3o Pessoa. As esta\\u00e7\\u00f5es est\\u00e3o sendo instaladas pela Prefeitura, por meio da Secretaria de Juventude, Esporte e Recrea\\u00e7\\u00e3o (Sejer),\",\"inLanguage\":\"pt-BR\",\"isPartOf\":{\"@id\":\"https:\\\/\\\/ejornais.com.br\\\/#website\"},\"breadcrumb\":{\"@id\":\"https:\\\/\\\/ejornais.com.br\\\/index.php\\\/2026\\\/01\\\/20\\\/cicero-lucena-entrega-equipamentos-de-calistenia-em-5-pracas-e-parques-de-joao-pessoa\\\/#breadcrumblist\"},\"author\":{\"@id\":\"https:\\\/\\\/ejornais.com.br\\\/index.php\\\/author\\\/admin1\\\/#author\"},\"creator\":{\"@id\":\"https:\\\/\\\/ejornais.com.br\\\/index.php\\\/author\\\/admin1\\\/#author\"},\"datePublished\":\"2026-01-20T13:46:08-03:00\",\"dateModified\":\"2026-01-20T13:46:08-03:00\"},{\"@type\":\"WebSite\",\"@id\":\"https:\\\/\\\/ejornais.com.br\\\/#website\",\"url\":\"https:\\\/\\\/ejornais.com.br\\\/\",\"name\":\"eJornais\",\"description\":\"Cat\\u00e1logo de Jornais no mundo, Not\\u00edcias, Blog e Esportes ao vivo\",\"inLanguage\":\"pt-BR\",\"publisher\":{\"@id\":\"https:\\\/\\\/ejornais.com.br\\\/#organization\"}}]}\n\t\t<\/script>\n\t\t<!-- All in One SEO -->\n\n","aioseo_head_json":{"title":"C\u00edcero Lucena entrega equipamentos de calistenia em 5 pra\u00e7as e parques de Jo\u00e3o Pessoa - eJornais","description":"Pensando em mais uma forma de promover o bem-estar e melhorar a sa\u00fade e qualidade de vida da popula\u00e7\u00e3o, o prefeito C\u00edcero Lucena entregou, nesta ter\u00e7a-feira (20), equipamentos de calistenia e alongamento em cinco pra\u00e7as de Jo\u00e3o Pessoa. As esta\u00e7\u00f5es est\u00e3o sendo instaladas pela Prefeitura, por meio da Secretaria de Juventude, Esporte e Recrea\u00e7\u00e3o (Sejer),","canonical_url":"https:\/\/ejornais.com.br\/index.php\/2026\/01\/20\/cicero-lucena-entrega-equipamentos-de-calistenia-em-5-pracas-e-parques-de-joao-pessoa\/","robots":"max-image-preview:large","keywords":"","webmasterTools":{"miscellaneous":""},"schema":{"@context":"https:\/\/schema.org","@graph":[{"@type":"BlogPosting","@id":"https:\/\/ejornais.com.br\/index.php\/2026\/01\/20\/cicero-lucena-entrega-equipamentos-de-calistenia-em-5-pracas-e-parques-de-joao-pessoa\/#blogposting","name":"C\u00edcero Lucena entrega equipamentos de calistenia em 5 pra\u00e7as e parques de Jo\u00e3o Pessoa - eJornais","headline":"C\u00edcero Lucena entrega equipamentos de calistenia em 5 pra\u00e7as e parques de Jo\u00e3o Pessoa","author":{"@id":"https:\/\/ejornais.com.br\/index.php\/author\/admin1\/#author"},"publisher":{"@id":"https:\/\/ejornais.com.br\/#organization"},"datePublished":"2026-01-20T13:46:08-03:00","dateModified":"2026-01-20T13:46:08-03:00","inLanguage":"pt-BR","mainEntityOfPage":{"@id":"https:\/\/ejornais.com.br\/index.php\/2026\/01\/20\/cicero-lucena-entrega-equipamentos-de-calistenia-em-5-pracas-e-parques-de-joao-pessoa\/#webpage"},"isPartOf":{"@id":"https:\/\/ejornais.com.br\/index.php\/2026\/01\/20\/cicero-lucena-entrega-equipamentos-de-calistenia-em-5-pracas-e-parques-de-joao-pessoa\/#webpage"},"articleSection":"Cat\u00e1logo de Jornais"},{"@type":"BreadcrumbList","@id":"https:\/\/ejornais.com.br\/index.php\/2026\/01\/20\/cicero-lucena-entrega-equipamentos-de-calistenia-em-5-pracas-e-parques-de-joao-pessoa\/#breadcrumblist","itemListElement":[{"@type":"ListItem","@id":"https:\/\/ejornais.com.br#listItem","position":1,"name":"In\u00edcio","item":"https:\/\/ejornais.com.br","nextItem":{"@type":"ListItem","@id":"https:\/\/ejornais.com.br\/index.php\/category\/ejornais\/#listItem","name":"Cat\u00e1logo de Jornais"}},{"@type":"ListItem","@id":"https:\/\/ejornais.com.br\/index.php\/category\/ejornais\/#listItem","position":2,"name":"Cat\u00e1logo de Jornais","item":"https:\/\/ejornais.com.br\/index.php\/category\/ejornais\/","nextItem":{"@type":"ListItem","@id":"https:\/\/ejornais.com.br\/index.php\/2026\/01\/20\/cicero-lucena-entrega-equipamentos-de-calistenia-em-5-pracas-e-parques-de-joao-pessoa\/#listItem","name":"C\u00edcero Lucena entrega equipamentos de calistenia em 5 pra\u00e7as e parques de Jo\u00e3o Pessoa"},"previousItem":{"@type":"ListItem","@id":"https:\/\/ejornais.com.br#listItem","name":"In\u00edcio"}},{"@type":"ListItem","@id":"https:\/\/ejornais.com.br\/index.php\/2026\/01\/20\/cicero-lucena-entrega-equipamentos-de-calistenia-em-5-pracas-e-parques-de-joao-pessoa\/#listItem","position":3,"name":"C\u00edcero Lucena entrega equipamentos de calistenia em 5 pra\u00e7as e parques de Jo\u00e3o Pessoa","previousItem":{"@type":"ListItem","@id":"https:\/\/ejornais.com.br\/index.php\/category\/ejornais\/#listItem","name":"Cat\u00e1logo de Jornais"}}]},{"@type":"Organization","@id":"https:\/\/ejornais.com.br\/#organization","name":"eJornais","description":"Cat\u00e1logo de Jornais no mundo, Not\u00edcias, Blog e Esportes ao vivo","url":"https:\/\/ejornais.com.br\/"},{"@type":"Person","@id":"https:\/\/ejornais.com.br\/index.php\/author\/admin1\/#author","url":"https:\/\/ejornais.com.br\/index.php\/author\/admin1\/","name":"admin1","image":{"@type":"ImageObject","@id":"https:\/\/ejornais.com.br\/index.php\/2026\/01\/20\/cicero-lucena-entrega-equipamentos-de-calistenia-em-5-pracas-e-parques-de-joao-pessoa\/#authorImage","url":"https:\/\/secure.gravatar.com\/avatar\/04084e6d73c042b8646e7c17b494073bf0ede3ea13c7105cfc45cbbbc28385a4?s=96&d=mm&r=g","width":96,"height":96,"caption":"admin1"}},{"@type":"WebPage","@id":"https:\/\/ejornais.com.br\/index.php\/2026\/01\/20\/cicero-lucena-entrega-equipamentos-de-calistenia-em-5-pracas-e-parques-de-joao-pessoa\/#webpage","url":"https:\/\/ejornais.com.br\/index.php\/2026\/01\/20\/cicero-lucena-entrega-equipamentos-de-calistenia-em-5-pracas-e-parques-de-joao-pessoa\/","name":"C\u00edcero Lucena entrega equipamentos de calistenia em 5 pra\u00e7as e parques de Jo\u00e3o Pessoa - eJornais","description":"Pensando em mais uma forma de promover o bem-estar e melhorar a sa\u00fade e qualidade de vida da popula\u00e7\u00e3o, o prefeito C\u00edcero Lucena entregou, nesta ter\u00e7a-feira (20), equipamentos de calistenia e alongamento em cinco pra\u00e7as de Jo\u00e3o Pessoa. As esta\u00e7\u00f5es est\u00e3o sendo instaladas pela Prefeitura, por meio da Secretaria de Juventude, Esporte e Recrea\u00e7\u00e3o (Sejer),","inLanguage":"pt-BR","isPartOf":{"@id":"https:\/\/ejornais.com.br\/#website"},"breadcrumb":{"@id":"https:\/\/ejornais.com.br\/index.php\/2026\/01\/20\/cicero-lucena-entrega-equipamentos-de-calistenia-em-5-pracas-e-parques-de-joao-pessoa\/#breadcrumblist"},"author":{"@id":"https:\/\/ejornais.com.br\/index.php\/author\/admin1\/#author"},"creator":{"@id":"https:\/\/ejornais.com.br\/index.php\/author\/admin1\/#author"},"datePublished":"2026-01-20T13:46:08-03:00","dateModified":"2026-01-20T13:46:08-03:00"},{"@type":"WebSite","@id":"https:\/\/ejornais.com.br\/#website","url":"https:\/\/ejornais.com.br\/","name":"eJornais","description":"Cat\u00e1logo de Jornais no mundo, Not\u00edcias, Blog e Esportes ao vivo","inLanguage":"pt-BR","publisher":{"@id":"https:\/\/ejornais.com.br\/#organization"}}]},"og:locale":"pt_BR","og:site_name":"eJornais - Cat\u00e1logo de Jornais no mundo, Not\u00edcias, Blog e Esportes ao vivo","og:type":"article","og:title":"C\u00edcero Lucena entrega equipamentos de calistenia em 5 pra\u00e7as e parques de Jo\u00e3o Pessoa - eJornais","og:description":"Pensando em mais uma forma de promover o bem-estar e melhorar a sa\u00fade e qualidade de vida da popula\u00e7\u00e3o, o prefeito C\u00edcero Lucena entregou, nesta ter\u00e7a-feira (20), equipamentos de calistenia e alongamento em cinco pra\u00e7as de Jo\u00e3o Pessoa. As esta\u00e7\u00f5es est\u00e3o sendo instaladas pela Prefeitura, por meio da Secretaria de Juventude, Esporte e Recrea\u00e7\u00e3o (Sejer),","og:url":"https:\/\/ejornais.com.br\/index.php\/2026\/01\/20\/cicero-lucena-entrega-equipamentos-de-calistenia-em-5-pracas-e-parques-de-joao-pessoa\/","article:published_time":"2026-01-20T16:46:08+00:00","article:modified_time":"2026-01-20T16:46:08+00:00","twitter:card":"summary_large_image","twitter:title":"C\u00edcero Lucena entrega equipamentos de calistenia em 5 pra\u00e7as e parques de Jo\u00e3o Pessoa - eJornais","twitter:description":"Pensando em mais uma forma de promover o bem-estar e melhorar a sa\u00fade e qualidade de vida da popula\u00e7\u00e3o, o prefeito C\u00edcero Lucena entregou, nesta ter\u00e7a-feira (20), equipamentos de calistenia e alongamento em cinco pra\u00e7as de Jo\u00e3o Pessoa. As esta\u00e7\u00f5es est\u00e3o sendo instaladas pela Prefeitura, por meio da Secretaria de Juventude, Esporte e Recrea\u00e7\u00e3o (Sejer),"},"aioseo_meta_data":{"post_id":"59357","title":null,"description":null,"keywords":null,"keyphrases":null,"primary_term":null,"canonical_url":null,"og_title":null,"og_description":null,"og_object_type":"default","og_image_type":"default","og_image_url":null,"og_image_width":null,"og_image_height":null,"og_image_custom_url":null,"og_image_custom_fields":null,"og_video":null,"og_custom_url":null,"og_article_section":null,"og_article_tags":null,"twitter_use_og":false,"twitter_card":"default","twitter_image_type":"default","twitter_image_url":null,"twitter_image_custom_url":null,"twitter_image_custom_fields":null,"twitter_title":null,"twitter_description":null,"schema":{"blockGraphs":[],"customGraphs":[],"default":{"data":{"Article":[],"Course":[],"Dataset":[],"FAQPage":[],"Movie":[],"Person":[],"Product":[],"ProductReview":[],"Car":[],"Recipe":[],"Service":[],"SoftwareApplication":[],"WebPage":[]},"graphName":"","isEnabled":true},"graphs":[]},"schema_type":"default","schema_type_options":null,"pillar_content":false,"robots_default":true,"robots_noindex":false,"robots_noarchive":false,"robots_nosnippet":false,"robots_nofollow":false,"robots_noimageindex":false,"robots_noodp":false,"robots_notranslate":false,"robots_max_snippet":null,"robots_max_videopreview":null,"robots_max_imagepreview":"large","priority":null,"frequency":null,"local_seo":null,"breadcrumb_settings":null,"limit_modified_date":false,"ai":null,"created":"2026-01-20 16:49:03","updated":"2026-01-20 16:49:03","seo_analyzer_scan_date":null,"focus_keyword":null,"additional_keywords":null,"truseo_locale":null},"aioseo_breadcrumb":"<div class=\"aioseo-breadcrumbs\"><span class=\"aioseo-breadcrumb\">\n\t\t\t<a href=\"https:\/\/ejornais.com.br\" title=\"In\u00edcio\">In\u00edcio<\/a>\n\t\t<\/span><span class=\"aioseo-breadcrumb-separator\">&raquo;<\/span><span class=\"aioseo-breadcrumb\">\n\t\t\t<a href=\"https:\/\/ejornais.com.br\/index.php\/category\/ejornais\/\" title=\"Cat\u00e1logo de Jornais\">Cat\u00e1logo de Jornais<\/a>\n\t\t<\/span><span class=\"aioseo-breadcrumb-separator\">&raquo;<\/span><span class=\"aioseo-breadcrumb\">\n\t\t\tC\u00edcero Lucena entrega equipamentos de calistenia em 5 pra\u00e7as e parques de Jo\u00e3o Pessoa\n\t\t<\/span><\/div>","aioseo_breadcrumb_json":[{"label":"In\u00edcio","link":"https:\/\/ejornais.com.br"},{"label":"Cat\u00e1logo de Jornais","link":"https:\/\/ejornais.com.br\/index.php\/category\/ejornais\/"},{"label":"C\u00edcero Lucena entrega equipamentos de calistenia em 5 pra\u00e7as e parques de Jo\u00e3o Pessoa","link":"https:\/\/ejornais.com.br\/index.php\/2026\/01\/20\/cicero-lucena-entrega-equipamentos-de-calistenia-em-5-pracas-e-parques-de-joao-pessoa\/"}],"amp_enabled":true,"_links":{"self":[{"href":"https:\/\/ejornais.com.br\/index.php\/wp-json\/wp\/v2\/posts\/59357","targetHints":{"allow":["GET"]}}],"collection":[{"href":"https:\/\/ejornais.com.br\/index.php\/wp-json\/wp\/v2\/posts"}],"about":[{"href":"https:\/\/ejornais.com.br\/index.php\/wp-json\/wp\/v2\/types\/post"}],"author":[{"embeddable":true,"href":"https:\/\/ejornais.com.br\/index.php\/wp-json\/wp\/v2\/users\/2"}],"replies":[{"embeddable":true,"href":"https:\/\/ejornais.com.br\/index.php\/wp-json\/wp\/v2\/comments?post=59357"}],"version-history":[{"count":0,"href":"https:\/\/ejornais.com.br\/index.php\/wp-json\/wp\/v2\/posts\/59357\/revisions"}],"wp:attachment":[{"href":"https:\/\/ejornais.com.br\/index.php\/wp-json\/wp\/v2\/media?parent=59357"}],"wp:term":[{"taxonomy":"category","embeddable":true,"href":"https:\/\/ejornais.com.br\/index.php\/wp-json\/wp\/v2\/categories?post=59357"},{"taxonomy":"post_tag","embeddable":true,"href":"https:\/\/ejornais.com.br\/index.php\/wp-json\/wp\/v2\/tags?post=59357"}],"curies":[{"name":"wp","href":"https:\/\/api.w.org\/{rel}","templated":true}]}}