{"id":59529,"date":"2026-01-23T16:12:07","date_gmt":"2026-01-23T19:12:07","guid":{"rendered":"https:\/\/ejornais.com.br\/index.php\/2026\/01\/23\/prefcg-participa-de-estudo-nacional-sobre-reforma-tributaria-cgnoticias\/"},"modified":"2026-01-23T16:12:07","modified_gmt":"2026-01-23T19:12:07","slug":"prefcg-participa-de-estudo-nacional-sobre-reforma-tributaria-cgnoticias","status":"publish","type":"post","link":"https:\/\/ejornais.com.br\/index.php\/2026\/01\/23\/prefcg-participa-de-estudo-nacional-sobre-reforma-tributaria-cgnoticias\/","title":{"rendered":"PREFCG participa de estudo nacional sobre Reforma Tribut\u00e1ria \u2013 CGNot\u00edcias"},"content":{"rendered":"<p><\/p>\n<div>\n<p>Na manh\u00e3 desta sexta-feira (23), a prefeita de Campo Grande, Adriane Lopes, participou da Assembleia Geral Extraordin\u00e1ria da Frente Nacional de Prefeitas e Prefeitos (FNP). A reuni\u00e3o, realizada de forma on-line, reuniu cerca de 120 chefes do Executivo municipal das cidades mais populosas do pa\u00eds e aprovou, de maneira un\u00e2nime, os 39 indicados que representar\u00e3o os munic\u00edpios no Conselho Superior Provis\u00f3rio do Comit\u00ea Gestor do IBS (CG-IBS).<\/p>\n<p>A escolha dos nomes, divididos entre 39 representantes, sendo 13 titulares e 26 suplentes, ocorreu ap\u00f3s a apresenta\u00e7\u00e3o da ata da reuni\u00e3o e foi votada por todos os gestores participantes. O processo levou em considera\u00e7\u00e3o crit\u00e9rios de representatividade das capitais e de grandes polos econ\u00f4micos, garantindo que os munic\u00edpios que mais geram servi\u00e7os e consumo no Brasil tenham voz na arrecada\u00e7\u00e3o do novo imposto.<\/p>\n<figure class=\"wp-block-image size-large\"><\/figure>\n<p>\u201cEssa indica\u00e7\u00e3o \u00e9 resultado de um trabalho muito importante que a FNP desenvolveu para garantir a participa\u00e7\u00e3o dos munic\u00edpios neste Comit\u00ea. \u00c9 fundamental que as cidades estejam presentes nessa discuss\u00e3o, para que possamos compreender e nos preparar para os impactos da Reforma Tribut\u00e1ria\u201d, destacou a prefeita Adriane Lopes.<\/p>\n<p>Como representante de Campo Grande, o secret\u00e1rio municipal de Fazenda, Isac Ara\u00fajo comp\u00f4s uma das 26 supl\u00eancias, ao lado de representantes de outras capitais. Dessa forma, o munic\u00edpio d\u00e1 um importante passo na participa\u00e7\u00e3o do munic\u00edpio na governan\u00e7a da Reforma Tribut\u00e1ria.<\/p>\n<p>\u201cMe sinto honrado em fazer parte desse seleto grupo, contribuindo com a transi\u00e7\u00e3o da Reforma Tribut\u00e1ria representando os munic\u00edpios do nosso pa\u00eds\u201d, pontuou Isac Ara\u00fajo, secret\u00e1rio de Fazenda.<\/p>\n<p><strong>Destaques da Composi\u00e7\u00e3o<\/strong><\/p>\n<ul class=\"wp-block-list\">\n<li>Unanimidade: O colegiado de prefeitas\/os aprovou a lista de indicados sem votos contr\u00e1rios ou absten\u00e7\u00f5es. Ao todo, foram 47 votos.<\/li>\n<\/ul>\n<ul class=\"wp-block-list\">\n<li>Dom\u00ednio das Capitais: Entre as 39 cidades escolhidas para compor a representa\u00e7\u00e3o da FNP (entre titulares e suplentes), 22 s\u00e3o capitais de estado.<\/li>\n<\/ul>\n<ul class=\"wp-block-list\">\n<li>Representa\u00e7\u00e3o Regional: Foram eleitos nomes de todas as regi\u00f5es: 16 do Sudeste, 11 do Nordeste, 5 do Sul, 4 do Centro-Oeste e 3 do Norte.<\/li>\n<\/ul>\n<ul class=\"wp-block-list\">\n<li>Legitima\u00e7\u00e3o Pol\u00edtica: A elei\u00e7\u00e3o cumpre o estabelecido pelo PLP 108\/2024, que reconhece a FNP como entidade leg\u00edtima para a indica\u00e7\u00e3o dos 13 assentos das cidades mais populosas.<\/li>\n<\/ul>\n<p>Com a elei\u00e7\u00e3o conclu\u00edda, a FNP enviar\u00e1 as indica\u00e7\u00f5es oficialmente para a composi\u00e7\u00e3o do Conselho Superior. O \u00f3rg\u00e3o ter\u00e1 a miss\u00e3o de centralizar a arrecada\u00e7\u00e3o e realizar a distribui\u00e7\u00e3o autom\u00e1tica das receitas do IBS, assegurando que o federalismo e a autonomia municipal sejam preservados na pr\u00e1tica.<\/p>\n<p><strong>Reforma Tribut\u00e1ria<\/strong><\/p>\n<p>Campo Grande participa de forma ativa das discuss\u00f5es sobre a Reforma Tribut\u00e1ria junto \u00e0 FNP. Ainda em 2023, a prefeita Adriane Lopes representou os chefes do Executivo municipal de todo o pa\u00eds no debate sobre o tema no Senado Federal, em Bras\u00edlia. Na ocasi\u00e3o, a prefeita utilizou a tribuna para defender as cinco emendas apresentadas pela entidade durante a constru\u00e7\u00e3o da Reforma Tribut\u00e1ria.<\/p>\n<\/div>\n<p><script async defer async defer src=\"https:\/\/connect.facebook.net\/en_US\/sdk.js?ver=1#xfbml=1&amp;version=v3.2\" id=\"prefeitura-campogrande-script-facebook-sdk-js\"><\/script><\/p>\n","protected":false},"excerpt":{"rendered":"<p>Na manh\u00e3 desta sexta-feira (23), a prefeita de Campo Grande, Adriane Lopes, participou da Assembleia Geral Extraordin\u00e1ria da Frente Nacional<\/p>\n","protected":false},"author":2,"featured_media":0,"comment_status":"","ping_status":"","sticky":false,"template":"","format":"standard","meta":{"colormag_page_container_layout":"default_layout","colormag_page_sidebar_layout":"default_layout","footnotes":""},"categories":[1],"tags":[],"class_list":["post-59529","post","type-post","status-publish","format-standard","hentry","category-ejornais"],"aioseo_notices":[],"amp_enabled":true,"_links":{"self":[{"href":"https:\/\/ejornais.com.br\/index.php\/wp-json\/wp\/v2\/posts\/59529","targetHints":{"allow":["GET"]}}],"collection":[{"href":"https:\/\/ejornais.com.br\/index.php\/wp-json\/wp\/v2\/posts"}],"about":[{"href":"https:\/\/ejornais.com.br\/index.php\/wp-json\/wp\/v2\/types\/post"}],"author":[{"embeddable":true,"href":"https:\/\/ejornais.com.br\/index.php\/wp-json\/wp\/v2\/users\/2"}],"replies":[{"embeddable":true,"href":"https:\/\/ejornais.com.br\/index.php\/wp-json\/wp\/v2\/comments?post=59529"}],"version-history":[{"count":0,"href":"https:\/\/ejornais.com.br\/index.php\/wp-json\/wp\/v2\/posts\/59529\/revisions"}],"wp:attachment":[{"href":"https:\/\/ejornais.com.br\/index.php\/wp-json\/wp\/v2\/media?parent=59529"}],"wp:term":[{"taxonomy":"category","embeddable":true,"href":"https:\/\/ejornais.com.br\/index.php\/wp-json\/wp\/v2\/categories?post=59529"},{"taxonomy":"post_tag","embeddable":true,"href":"https:\/\/ejornais.com.br\/index.php\/wp-json\/wp\/v2\/tags?post=59529"}],"curies":[{"name":"wp","href":"https:\/\/api.w.org\/{rel}","templated":true}]}}