{"id":59557,"date":"2026-01-24T01:57:14","date_gmt":"2026-01-24T04:57:14","guid":{"rendered":"https:\/\/ejornais.com.br\/index.php\/2026\/01\/24\/trump-quer-criar-nova-onu-diz-lula-sobre-conselho-de-paz\/"},"modified":"2026-01-24T01:57:14","modified_gmt":"2026-01-24T04:57:14","slug":"trump-quer-criar-nova-onu-diz-lula-sobre-conselho-de-paz","status":"publish","type":"post","link":"https:\/\/ejornais.com.br\/index.php\/2026\/01\/24\/trump-quer-criar-nova-onu-diz-lula-sobre-conselho-de-paz\/","title":{"rendered":"&#8220;Trump quer criar nova ONU&#8221;, diz Lula sobre Conselho de Paz"},"content":{"rendered":"<p> Por MRNews<br \/>\n<\/p>\n<div wp_automatic_readability=\"140.54310039021\">\n<p>O presidente Luiz In\u00e1cio Lula da Silva disse nesta sexta-feira (23) que a pol\u00edtica mundial atravessa um momento cr\u00edtico, \u201ccom o multilateralismo sendo jogado fora pelo unilateralismo\u201d. Durante o encerramento do 14\u00ba Encontro Nacional do Movimento dos Trabalhadores Rurais Sem Terra (MST), em Salvador,<strong> Lula disse que a carta da Organiza\u00e7\u00e3o das Na\u00e7\u00f5es Unidas (ONU) est\u00e1 sendo rasgada e criticou a proposta do presidente dos Estados Unidos, Donald Trump, de cria\u00e7\u00e3o de um Conselho de Paz. Para o presidente brasileiro, Trump\u00a0quer criar uma nova ONU para ser o dono.<\/strong><\/p>\n<blockquote wp_automatic_readability=\"17\">\n<p>\u201cEst\u00e1 prevalecendo a lei do mais forte, a carta da ONU est\u00e1 sendo rasgada e, em vez de a gente corrigir a ONU, que a gente reivindica desde que fui presidente em 2003, reforma da ONU com entrada de novos pa\u00edses [como membros permanentes no Conselho de Seguran\u00e7a], com a entrada de M\u00e9xico, do Brasil, de pa\u00edses africanos\u2026 E o que est\u00e1 acontecendo: o presidente Trump est\u00e1 fazendo uma proposta de criar uma nova ONU, em que ele sozinho \u00e9 o dono da ONU\u201d, afirmou Lula.<\/p>\n<\/blockquote>\n<p>O presidente dos Estados Unidos convidou Lula para compor conselho da Paz, que ser\u00e1 criado para\u00a0supervisionar o trabalho de um Comit\u00ea Nacional para a Administra\u00e7\u00e3o de Gaza (NCAG, na sigla em ingl\u00eas).\u00a0<\/p>\n<p><strong><a href=\"https:\/\/mrnews.com.br\/index.php\/2026\/01\/24\/ibama-nega-licenca-previa-para-construcao-de-termeletrica-em-cacapava\/\">Ibama nega licen\u00e7a pr\u00e9via para constru\u00e7\u00e3o de termel\u00e9trica em Ca\u00e7apava<\/a><\/strong><\/p>\n<p><strong><a href=\"https:\/\/mrnews.com.br\/index.php\/2026\/01\/24\/tj-do-maranhao-decreta-intervencao-no-municipio-de-turilandia\/\">TJ do Maranh\u00e3o decreta interven\u00e7\u00e3o no munic\u00edpio de Turil\u00e2ndia<\/a><\/strong><\/p>\n<p>Lula disse ainda que est\u00e1 telefonando para v\u00e1rios l\u00edderes mundiais para discutir o tema, entre eles o presidente da China, Xi Jinping; da R\u00fassia, Vladimir Putin; o primeiro-ministro da \u00cdndia, Narendra Modi; e a presidenta\u00a0do M\u00e9xico, Claudia Sheinbaum.<\/p>\n<p>\u201cEstou conversando para fazer com que seja poss\u00edvel a gente encontrar uma forma de se reunir e n\u00e3o permitir que o multilateralismo seja jogado para o ch\u00e3o e que predomine a for\u00e7a da arma, da intoler\u00e2ncia de qualquer pa\u00eds do mundo\u201d, pontuou.<\/p>\n<p>O presidente voltou a criticar a a\u00e7\u00e3o dos Estados Unidos na Venezuela, que resultou no sequestro do presidente Nicol\u00e1s Maduro e da deputada e primeira-dama, deputada Cilia Flores.<\/p>\n<p>\u201cEu fico toda a noite indignado com o que aconteceu na Venezuela. N\u00e3o consigo acreditar. O Maduro sabia que tinha 15 mil soldados americanos no mar do Caribe, ele sabia que todo dia tinha amea\u00e7a. Os caras entraram na Venezuela, entraram no forte e levaram o Maduro embora e ningu\u00e9m soube que o Maduro foi embora. Como \u00e9 poss\u00edvel a falta de respeito \u00e0 integridade territorial de um pa\u00eds?\u00a0N\u00e3o existe isso na Am\u00e9rica no Sul. A Am\u00e9rica do sul \u00e9 um territ\u00f3rio de paz, a gente n\u00e3o tem bomba at\u00f4mica\u201d, disse.<\/p>\n<p><strong><a href=\"https:\/\/mrnews.com.br\/index.php\/2026\/01\/23\/festival-casabloco-faz-a-uniao-de-carnavais-do-rio-de-janeiro-e-recife\/\">Festival CasaBloco faz a uni\u00e3o de carnavais do Rio de Janeiro e Recife<\/a><\/strong><\/p>\n<p><strong><a href=\"https:\/\/mrnews.com.br\/index.php\/2026\/01\/23\/sp-quem-tomou-vacina-fracionada-da-febre-amarela-deve-completar-ciclo\/\">SP: quem tomou vacina fracionada da febre amarela deve completar ciclo<\/a><\/strong><\/p>\n<p>Citando os Estados Unidos, Cuba, a R\u00fassia\u00a0e a China, como exemplos, <strong>Lula disse ainda que o Brasil n\u00e3o tem prefer\u00eancia de rela\u00e7\u00e3o com qualquer pa\u00eds, mas que n\u00e3o vai aceitar \u201cvoltar a ser col\u00f4nia para algu\u00e9m mandar na gente\u201d.<\/strong><\/p>\n<p>O presidente tamb\u00e9m criticou a postura de Trump, que, segundo ele, toda vez que aparece na televis\u00e3o se gaba de ter o ex\u00e9rcito e as armas mais poderosas do mundo.<strong> Lula disse querer fazer pol\u00edtica na paz, no di\u00e1logo e n\u00e3o aceitando imposi\u00e7\u00e3o de qualquer pa\u00eds.<\/strong><\/p>\n<p>\u201cEu n\u00e3o quero fazer guerra armada com os Estados Unidos, n\u00e3o quero fazer guerra armada com a R\u00fassia, nem com o Uruguai, nem com a Bol\u00edvia. Quero fazer guerra com o poder do convencimento, com argumento, com narrativas, mostrando que a democracia \u00e9 imbat\u00edvel; que a gente n\u00e3o quer se impor aos outros, mas compartilhar aquilo que a gente tem de bom\u201d, defendeu. \u201cN\u00e3o queremos mais Guerra Fria, n\u00e3o queremos mais Gaza\u201d, completou.<\/p>\n<h2>Encontro do MST<\/h2>\n<p>O 14\u00ba Encontro Nacional do Movimento dos Trabalhadores Rurais Sem Terra (MST)\u00a0terminou com um ato marcando os 42 anos do MST, celebrados no dia 22 de janeiro e que contou com a presen\u00e7a de autoridades, parlamentares, representantes de movimentos sociais e sindicais, al\u00e9m de apoiadores do movimento.<\/p>\n<p><strong>O encontro, que come\u00e7ou na segunda-feira (19), reuniu delega\u00e7\u00f5es de todo o Brasil, com mais de 3 mil trabalhadores e trabalhadoras sem terra.<\/strong> Durante os cinco dias, membros do MST debateram reforma agr\u00e1ria, produ\u00e7\u00e3o de alimentos saud\u00e1veis, agroecologia, agricultura familiar, a conjuntura pol\u00edtica atual, seus desafios e o papel do movimento neste contexto.<\/p>\n<p><strong>Ao final, uma carta do movimento foi entregue ao presidente. No texto,\u00a0o MST tamb\u00e9m critica\u00a0a tentativa de impedir o avan\u00e7o do multilateralismo e do imperialismo no continente, citando a invas\u00e3o da Venezuela e\u00a0o ataque \u00e0\u00a0soberania dos povos<\/strong>. No documento, o movimento alerta que a\u00e7\u00f5es como essa t\u00eam como pano de fundo o \u201csaque\u201d de bens comuns da natureza como petr\u00f3leo, min\u00e9rios, terras raras, \u00e1guas e florestas.<\/p>\n<p>O texto reafirma ainda os princ\u00edpios do movimento: a luta pela reforma agr\u00e1ria e pelo socialismo; a cr\u00edtica ao modelo do agroneg\u00f3cio, da explora\u00e7\u00e3o mineral e energ\u00e9tica; a luta anti-imperialista e o internacionalismo; al\u00e9m da solidariedade, em especial com a Venezuela, Palestina, Haiti e Cuba.<\/p>\n<p>\u201cAssim convocamos toda a sociedade brasileira para: \u2013 lutar por melhores condi\u00e7\u00f5es de vida e trabalho e em defesa da paz e da soberania contra as guerras e as bases militares; avan\u00e7ar na luta em defesa da natureza e contra os agrot\u00f3xicos. Contamos com a participa\u00e7\u00e3o de todos e todas que nos apoiam e \u00e0 classe trabalhadora a se somarem na luta pela Reforma Agr\u00e1ria Popular, rumo \u00e0 constru\u00e7\u00e3o de outro projeto de pa\u00eds\u201d, finaliza o documento.<\/p>\n<\/div>\n","protected":false},"excerpt":{"rendered":"<p>Por MRNews O presidente Luiz In\u00e1cio Lula da Silva disse nesta sexta-feira (23) que a pol\u00edtica mundial atravessa um momento<\/p>\n","protected":false},"author":2,"featured_media":0,"comment_status":"","ping_status":"","sticky":false,"template":"","format":"standard","meta":{"colormag_page_container_layout":"default_layout","colormag_page_sidebar_layout":"default_layout","footnotes":""},"categories":[1],"tags":[],"class_list":["post-59557","post","type-post","status-publish","format-standard","hentry","category-ejornais"],"aioseo_notices":[],"aioseo_head":"\n\t\t<!-- All in One SEO 5.0.1.1 - aioseo.com -->\n\t<meta name=\"description\" content=\"Por MRNews O presidente Luiz In\u00e1cio Lula da Silva disse nesta sexta-feira (23) que a pol\u00edtica mundial atravessa um momento cr\u00edtico, \u201ccom o multilateralismo sendo jogado fora pelo unilateralismo\u201d. Durante o encerramento do 14\u00ba Encontro Nacional do Movimento dos Trabalhadores Rurais Sem Terra (MST), em Salvador, Lula disse que a carta da Organiza\u00e7\u00e3o das Na\u00e7\u00f5es\" \/>\n\t<meta name=\"robots\" content=\"max-image-preview:large\" \/>\n\t<meta name=\"author\" content=\"admin1\"\/>\n\t<link rel=\"canonical\" href=\"https:\/\/ejornais.com.br\/index.php\/2026\/01\/24\/trump-quer-criar-nova-onu-diz-lula-sobre-conselho-de-paz\/\" \/>\n\t<meta name=\"generator\" content=\"All in One SEO (AIOSEO) 5.0.1.1\" \/>\n\t\t<meta property=\"og:locale\" content=\"pt_BR\" \/>\n\t\t<meta property=\"og:site_name\" content=\"eJornais - Cat\u00e1logo de Jornais no mundo, Not\u00edcias, Blog e Esportes ao vivo\" \/>\n\t\t<meta property=\"og:type\" content=\"article\" \/>\n\t\t<meta property=\"og:title\" content=\"\u201cTrump quer criar nova ONU\u201d, diz Lula sobre Conselho de Paz - eJornais\" \/>\n\t\t<meta property=\"og:description\" content=\"Por MRNews O presidente Luiz In\u00e1cio Lula da Silva disse nesta sexta-feira (23) que a pol\u00edtica mundial atravessa um momento cr\u00edtico, \u201ccom o multilateralismo sendo jogado fora pelo unilateralismo\u201d. Durante o encerramento do 14\u00ba Encontro Nacional do Movimento dos Trabalhadores Rurais Sem Terra (MST), em Salvador, Lula disse que a carta da Organiza\u00e7\u00e3o das Na\u00e7\u00f5es\" \/>\n\t\t<meta property=\"og:url\" content=\"https:\/\/ejornais.com.br\/index.php\/2026\/01\/24\/trump-quer-criar-nova-onu-diz-lula-sobre-conselho-de-paz\/\" \/>\n\t\t<meta property=\"article:published_time\" content=\"2026-01-24T04:57:14+00:00\" \/>\n\t\t<meta property=\"article:modified_time\" content=\"2026-01-24T04:57:14+00:00\" \/>\n\t\t<meta name=\"twitter:card\" content=\"summary_large_image\" \/>\n\t\t<meta name=\"twitter:title\" content=\"\u201cTrump quer criar nova ONU\u201d, diz Lula sobre Conselho de Paz - eJornais\" \/>\n\t\t<meta name=\"twitter:description\" content=\"Por MRNews O presidente Luiz In\u00e1cio Lula da Silva disse nesta sexta-feira (23) que a pol\u00edtica mundial atravessa um momento cr\u00edtico, \u201ccom o multilateralismo sendo jogado fora pelo unilateralismo\u201d. Durante o encerramento do 14\u00ba Encontro Nacional do Movimento dos Trabalhadores Rurais Sem Terra (MST), em Salvador, Lula disse que a carta da Organiza\u00e7\u00e3o das Na\u00e7\u00f5es\" \/>\n\t\t<script type=\"application\/ld+json\" class=\"aioseo-schema\">\n\t\t\t{\"@context\":\"https:\\\/\\\/schema.org\",\"@graph\":[{\"@type\":\"BlogPosting\",\"@id\":\"https:\\\/\\\/ejornais.com.br\\\/index.php\\\/2026\\\/01\\\/24\\\/trump-quer-criar-nova-onu-diz-lula-sobre-conselho-de-paz\\\/#blogposting\",\"name\":\"\\u201cTrump quer criar nova ONU\\u201d, diz Lula sobre Conselho de Paz - eJornais\",\"headline\":\"&#8220;Trump quer criar nova ONU&#8221;, diz Lula sobre Conselho de Paz\",\"author\":{\"@id\":\"https:\\\/\\\/ejornais.com.br\\\/index.php\\\/author\\\/admin1\\\/#author\"},\"publisher\":{\"@id\":\"https:\\\/\\\/ejornais.com.br\\\/#organization\"},\"datePublished\":\"2026-01-24T01:57:14-03:00\",\"dateModified\":\"2026-01-24T01:57:14-03:00\",\"inLanguage\":\"pt-BR\",\"mainEntityOfPage\":{\"@id\":\"https:\\\/\\\/ejornais.com.br\\\/index.php\\\/2026\\\/01\\\/24\\\/trump-quer-criar-nova-onu-diz-lula-sobre-conselho-de-paz\\\/#webpage\"},\"isPartOf\":{\"@id\":\"https:\\\/\\\/ejornais.com.br\\\/index.php\\\/2026\\\/01\\\/24\\\/trump-quer-criar-nova-onu-diz-lula-sobre-conselho-de-paz\\\/#webpage\"},\"articleSection\":\"Cat\\u00e1logo de Jornais\"},{\"@type\":\"BreadcrumbList\",\"@id\":\"https:\\\/\\\/ejornais.com.br\\\/index.php\\\/2026\\\/01\\\/24\\\/trump-quer-criar-nova-onu-diz-lula-sobre-conselho-de-paz\\\/#breadcrumblist\",\"itemListElement\":[{\"@type\":\"ListItem\",\"@id\":\"https:\\\/\\\/ejornais.com.br#listItem\",\"position\":1,\"name\":\"In\\u00edcio\",\"item\":\"https:\\\/\\\/ejornais.com.br\",\"nextItem\":{\"@type\":\"ListItem\",\"@id\":\"https:\\\/\\\/ejornais.com.br\\\/index.php\\\/category\\\/ejornais\\\/#listItem\",\"name\":\"Cat\\u00e1logo de Jornais\"}},{\"@type\":\"ListItem\",\"@id\":\"https:\\\/\\\/ejornais.com.br\\\/index.php\\\/category\\\/ejornais\\\/#listItem\",\"position\":2,\"name\":\"Cat\\u00e1logo de Jornais\",\"item\":\"https:\\\/\\\/ejornais.com.br\\\/index.php\\\/category\\\/ejornais\\\/\",\"nextItem\":{\"@type\":\"ListItem\",\"@id\":\"https:\\\/\\\/ejornais.com.br\\\/index.php\\\/2026\\\/01\\\/24\\\/trump-quer-criar-nova-onu-diz-lula-sobre-conselho-de-paz\\\/#listItem\",\"name\":\"&#8220;Trump quer criar nova ONU&#8221;, diz Lula sobre Conselho de Paz\"},\"previousItem\":{\"@type\":\"ListItem\",\"@id\":\"https:\\\/\\\/ejornais.com.br#listItem\",\"name\":\"In\\u00edcio\"}},{\"@type\":\"ListItem\",\"@id\":\"https:\\\/\\\/ejornais.com.br\\\/index.php\\\/2026\\\/01\\\/24\\\/trump-quer-criar-nova-onu-diz-lula-sobre-conselho-de-paz\\\/#listItem\",\"position\":3,\"name\":\"&#8220;Trump quer criar nova ONU&#8221;, diz Lula sobre Conselho de Paz\",\"previousItem\":{\"@type\":\"ListItem\",\"@id\":\"https:\\\/\\\/ejornais.com.br\\\/index.php\\\/category\\\/ejornais\\\/#listItem\",\"name\":\"Cat\\u00e1logo de Jornais\"}}]},{\"@type\":\"Organization\",\"@id\":\"https:\\\/\\\/ejornais.com.br\\\/#organization\",\"name\":\"eJornais\",\"description\":\"Cat\\u00e1logo de Jornais no mundo, Not\\u00edcias, Blog e Esportes ao vivo\",\"url\":\"https:\\\/\\\/ejornais.com.br\\\/\"},{\"@type\":\"Person\",\"@id\":\"https:\\\/\\\/ejornais.com.br\\\/index.php\\\/author\\\/admin1\\\/#author\",\"url\":\"https:\\\/\\\/ejornais.com.br\\\/index.php\\\/author\\\/admin1\\\/\",\"name\":\"admin1\",\"image\":{\"@type\":\"ImageObject\",\"@id\":\"https:\\\/\\\/ejornais.com.br\\\/index.php\\\/2026\\\/01\\\/24\\\/trump-quer-criar-nova-onu-diz-lula-sobre-conselho-de-paz\\\/#authorImage\",\"url\":\"https:\\\/\\\/secure.gravatar.com\\\/avatar\\\/04084e6d73c042b8646e7c17b494073bf0ede3ea13c7105cfc45cbbbc28385a4?s=96&d=mm&r=g\",\"width\":96,\"height\":96,\"caption\":\"admin1\"}},{\"@type\":\"WebPage\",\"@id\":\"https:\\\/\\\/ejornais.com.br\\\/index.php\\\/2026\\\/01\\\/24\\\/trump-quer-criar-nova-onu-diz-lula-sobre-conselho-de-paz\\\/#webpage\",\"url\":\"https:\\\/\\\/ejornais.com.br\\\/index.php\\\/2026\\\/01\\\/24\\\/trump-quer-criar-nova-onu-diz-lula-sobre-conselho-de-paz\\\/\",\"name\":\"\\u201cTrump quer criar nova ONU\\u201d, diz Lula sobre Conselho de Paz - eJornais\",\"description\":\"Por MRNews O presidente Luiz In\\u00e1cio Lula da Silva disse nesta sexta-feira (23) que a pol\\u00edtica mundial atravessa um momento cr\\u00edtico, \\u201ccom o multilateralismo sendo jogado fora pelo unilateralismo\\u201d. Durante o encerramento do 14\\u00ba Encontro Nacional do Movimento dos Trabalhadores Rurais Sem Terra (MST), em Salvador, Lula disse que a carta da Organiza\\u00e7\\u00e3o das Na\\u00e7\\u00f5es\",\"inLanguage\":\"pt-BR\",\"isPartOf\":{\"@id\":\"https:\\\/\\\/ejornais.com.br\\\/#website\"},\"breadcrumb\":{\"@id\":\"https:\\\/\\\/ejornais.com.br\\\/index.php\\\/2026\\\/01\\\/24\\\/trump-quer-criar-nova-onu-diz-lula-sobre-conselho-de-paz\\\/#breadcrumblist\"},\"author\":{\"@id\":\"https:\\\/\\\/ejornais.com.br\\\/index.php\\\/author\\\/admin1\\\/#author\"},\"creator\":{\"@id\":\"https:\\\/\\\/ejornais.com.br\\\/index.php\\\/author\\\/admin1\\\/#author\"},\"datePublished\":\"2026-01-24T01:57:14-03:00\",\"dateModified\":\"2026-01-24T01:57:14-03:00\"},{\"@type\":\"WebSite\",\"@id\":\"https:\\\/\\\/ejornais.com.br\\\/#website\",\"url\":\"https:\\\/\\\/ejornais.com.br\\\/\",\"name\":\"eJornais\",\"description\":\"Cat\\u00e1logo de Jornais no mundo, Not\\u00edcias, Blog e Esportes ao vivo\",\"inLanguage\":\"pt-BR\",\"publisher\":{\"@id\":\"https:\\\/\\\/ejornais.com.br\\\/#organization\"}}]}\n\t\t<\/script>\n\t\t<!-- All in One SEO -->\n\n","aioseo_head_json":{"title":"\u201cTrump quer criar nova ONU\u201d, diz Lula sobre Conselho de Paz - eJornais","description":"Por MRNews O presidente Luiz In\u00e1cio Lula da Silva disse nesta sexta-feira (23) que a pol\u00edtica mundial atravessa um momento cr\u00edtico, \u201ccom o multilateralismo sendo jogado fora pelo unilateralismo\u201d. Durante o encerramento do 14\u00ba Encontro Nacional do Movimento dos Trabalhadores Rurais Sem Terra (MST), em Salvador, Lula disse que a carta da Organiza\u00e7\u00e3o das Na\u00e7\u00f5es","canonical_url":"https:\/\/ejornais.com.br\/index.php\/2026\/01\/24\/trump-quer-criar-nova-onu-diz-lula-sobre-conselho-de-paz\/","robots":"max-image-preview:large","keywords":"","webmasterTools":{"miscellaneous":""},"schema":{"@context":"https:\/\/schema.org","@graph":[{"@type":"BlogPosting","@id":"https:\/\/ejornais.com.br\/index.php\/2026\/01\/24\/trump-quer-criar-nova-onu-diz-lula-sobre-conselho-de-paz\/#blogposting","name":"\u201cTrump quer criar nova ONU\u201d, diz Lula sobre Conselho de Paz - eJornais","headline":"&#8220;Trump quer criar nova ONU&#8221;, diz Lula sobre Conselho de Paz","author":{"@id":"https:\/\/ejornais.com.br\/index.php\/author\/admin1\/#author"},"publisher":{"@id":"https:\/\/ejornais.com.br\/#organization"},"datePublished":"2026-01-24T01:57:14-03:00","dateModified":"2026-01-24T01:57:14-03:00","inLanguage":"pt-BR","mainEntityOfPage":{"@id":"https:\/\/ejornais.com.br\/index.php\/2026\/01\/24\/trump-quer-criar-nova-onu-diz-lula-sobre-conselho-de-paz\/#webpage"},"isPartOf":{"@id":"https:\/\/ejornais.com.br\/index.php\/2026\/01\/24\/trump-quer-criar-nova-onu-diz-lula-sobre-conselho-de-paz\/#webpage"},"articleSection":"Cat\u00e1logo de Jornais"},{"@type":"BreadcrumbList","@id":"https:\/\/ejornais.com.br\/index.php\/2026\/01\/24\/trump-quer-criar-nova-onu-diz-lula-sobre-conselho-de-paz\/#breadcrumblist","itemListElement":[{"@type":"ListItem","@id":"https:\/\/ejornais.com.br#listItem","position":1,"name":"In\u00edcio","item":"https:\/\/ejornais.com.br","nextItem":{"@type":"ListItem","@id":"https:\/\/ejornais.com.br\/index.php\/category\/ejornais\/#listItem","name":"Cat\u00e1logo de Jornais"}},{"@type":"ListItem","@id":"https:\/\/ejornais.com.br\/index.php\/category\/ejornais\/#listItem","position":2,"name":"Cat\u00e1logo de Jornais","item":"https:\/\/ejornais.com.br\/index.php\/category\/ejornais\/","nextItem":{"@type":"ListItem","@id":"https:\/\/ejornais.com.br\/index.php\/2026\/01\/24\/trump-quer-criar-nova-onu-diz-lula-sobre-conselho-de-paz\/#listItem","name":"&#8220;Trump quer criar nova ONU&#8221;, diz Lula sobre Conselho de Paz"},"previousItem":{"@type":"ListItem","@id":"https:\/\/ejornais.com.br#listItem","name":"In\u00edcio"}},{"@type":"ListItem","@id":"https:\/\/ejornais.com.br\/index.php\/2026\/01\/24\/trump-quer-criar-nova-onu-diz-lula-sobre-conselho-de-paz\/#listItem","position":3,"name":"&#8220;Trump quer criar nova ONU&#8221;, diz Lula sobre Conselho de Paz","previousItem":{"@type":"ListItem","@id":"https:\/\/ejornais.com.br\/index.php\/category\/ejornais\/#listItem","name":"Cat\u00e1logo de Jornais"}}]},{"@type":"Organization","@id":"https:\/\/ejornais.com.br\/#organization","name":"eJornais","description":"Cat\u00e1logo de Jornais no mundo, Not\u00edcias, Blog e Esportes ao vivo","url":"https:\/\/ejornais.com.br\/"},{"@type":"Person","@id":"https:\/\/ejornais.com.br\/index.php\/author\/admin1\/#author","url":"https:\/\/ejornais.com.br\/index.php\/author\/admin1\/","name":"admin1","image":{"@type":"ImageObject","@id":"https:\/\/ejornais.com.br\/index.php\/2026\/01\/24\/trump-quer-criar-nova-onu-diz-lula-sobre-conselho-de-paz\/#authorImage","url":"https:\/\/secure.gravatar.com\/avatar\/04084e6d73c042b8646e7c17b494073bf0ede3ea13c7105cfc45cbbbc28385a4?s=96&d=mm&r=g","width":96,"height":96,"caption":"admin1"}},{"@type":"WebPage","@id":"https:\/\/ejornais.com.br\/index.php\/2026\/01\/24\/trump-quer-criar-nova-onu-diz-lula-sobre-conselho-de-paz\/#webpage","url":"https:\/\/ejornais.com.br\/index.php\/2026\/01\/24\/trump-quer-criar-nova-onu-diz-lula-sobre-conselho-de-paz\/","name":"\u201cTrump quer criar nova ONU\u201d, diz Lula sobre Conselho de Paz - eJornais","description":"Por MRNews O presidente Luiz In\u00e1cio Lula da Silva disse nesta sexta-feira (23) que a pol\u00edtica mundial atravessa um momento cr\u00edtico, \u201ccom o multilateralismo sendo jogado fora pelo unilateralismo\u201d. Durante o encerramento do 14\u00ba Encontro Nacional do Movimento dos Trabalhadores Rurais Sem Terra (MST), em Salvador, Lula disse que a carta da Organiza\u00e7\u00e3o das Na\u00e7\u00f5es","inLanguage":"pt-BR","isPartOf":{"@id":"https:\/\/ejornais.com.br\/#website"},"breadcrumb":{"@id":"https:\/\/ejornais.com.br\/index.php\/2026\/01\/24\/trump-quer-criar-nova-onu-diz-lula-sobre-conselho-de-paz\/#breadcrumblist"},"author":{"@id":"https:\/\/ejornais.com.br\/index.php\/author\/admin1\/#author"},"creator":{"@id":"https:\/\/ejornais.com.br\/index.php\/author\/admin1\/#author"},"datePublished":"2026-01-24T01:57:14-03:00","dateModified":"2026-01-24T01:57:14-03:00"},{"@type":"WebSite","@id":"https:\/\/ejornais.com.br\/#website","url":"https:\/\/ejornais.com.br\/","name":"eJornais","description":"Cat\u00e1logo de Jornais no mundo, Not\u00edcias, Blog e Esportes ao vivo","inLanguage":"pt-BR","publisher":{"@id":"https:\/\/ejornais.com.br\/#organization"}}]},"og:locale":"pt_BR","og:site_name":"eJornais - Cat\u00e1logo de Jornais no mundo, Not\u00edcias, Blog e Esportes ao vivo","og:type":"article","og:title":"\u201cTrump quer criar nova ONU\u201d, diz Lula sobre Conselho de Paz - eJornais","og:description":"Por MRNews O presidente Luiz In\u00e1cio Lula da Silva disse nesta sexta-feira (23) que a pol\u00edtica mundial atravessa um momento cr\u00edtico, \u201ccom o multilateralismo sendo jogado fora pelo unilateralismo\u201d. Durante o encerramento do 14\u00ba Encontro Nacional do Movimento dos Trabalhadores Rurais Sem Terra (MST), em Salvador, Lula disse que a carta da Organiza\u00e7\u00e3o das Na\u00e7\u00f5es","og:url":"https:\/\/ejornais.com.br\/index.php\/2026\/01\/24\/trump-quer-criar-nova-onu-diz-lula-sobre-conselho-de-paz\/","article:published_time":"2026-01-24T04:57:14+00:00","article:modified_time":"2026-01-24T04:57:14+00:00","twitter:card":"summary_large_image","twitter:title":"\u201cTrump quer criar nova ONU\u201d, diz Lula sobre Conselho de Paz - eJornais","twitter:description":"Por MRNews O presidente Luiz In\u00e1cio Lula da Silva disse nesta sexta-feira (23) que a pol\u00edtica mundial atravessa um momento cr\u00edtico, \u201ccom o multilateralismo sendo jogado fora pelo unilateralismo\u201d. Durante o encerramento do 14\u00ba Encontro Nacional do Movimento dos Trabalhadores Rurais Sem Terra (MST), em Salvador, Lula disse que a carta da Organiza\u00e7\u00e3o das Na\u00e7\u00f5es"},"aioseo_meta_data":{"post_id":"59557","title":null,"description":null,"keywords":null,"keyphrases":null,"primary_term":null,"canonical_url":null,"og_title":null,"og_description":null,"og_object_type":"default","og_image_type":"default","og_image_url":null,"og_image_width":null,"og_image_height":null,"og_image_custom_url":null,"og_image_custom_fields":null,"og_video":null,"og_custom_url":null,"og_article_section":null,"og_article_tags":null,"twitter_use_og":false,"twitter_card":"default","twitter_image_type":"default","twitter_image_url":null,"twitter_image_custom_url":null,"twitter_image_custom_fields":null,"twitter_title":null,"twitter_description":null,"schema":{"blockGraphs":[],"customGraphs":[],"default":{"data":{"Article":[],"Course":[],"Dataset":[],"FAQPage":[],"Movie":[],"Person":[],"Product":[],"ProductReview":[],"Car":[],"Recipe":[],"Service":[],"SoftwareApplication":[],"WebPage":[]},"graphName":"","isEnabled":true},"graphs":[]},"schema_type":"default","schema_type_options":null,"pillar_content":false,"robots_default":true,"robots_noindex":false,"robots_noarchive":false,"robots_nosnippet":false,"robots_nofollow":false,"robots_noimageindex":false,"robots_noodp":false,"robots_notranslate":false,"robots_max_snippet":null,"robots_max_videopreview":null,"robots_max_imagepreview":"large","priority":null,"frequency":null,"local_seo":null,"breadcrumb_settings":null,"limit_modified_date":false,"ai":null,"created":"2026-01-24 05:09:00","updated":"2026-01-24 05:09:00","seo_analyzer_scan_date":null,"focus_keyword":null,"additional_keywords":null,"truseo_locale":null},"aioseo_breadcrumb":"<div class=\"aioseo-breadcrumbs\"><span class=\"aioseo-breadcrumb\">\n\t\t\t<a href=\"https:\/\/ejornais.com.br\" title=\"In\u00edcio\">In\u00edcio<\/a>\n\t\t<\/span><span class=\"aioseo-breadcrumb-separator\">&raquo;<\/span><span class=\"aioseo-breadcrumb\">\n\t\t\t<a href=\"https:\/\/ejornais.com.br\/index.php\/category\/ejornais\/\" title=\"Cat\u00e1logo de Jornais\">Cat\u00e1logo de Jornais<\/a>\n\t\t<\/span><span class=\"aioseo-breadcrumb-separator\">&raquo;<\/span><span class=\"aioseo-breadcrumb\">\n\t\t\t\u201cTrump quer criar nova ONU\u201d, diz Lula sobre Conselho de Paz\n\t\t<\/span><\/div>","aioseo_breadcrumb_json":[{"label":"In\u00edcio","link":"https:\/\/ejornais.com.br"},{"label":"Cat\u00e1logo de Jornais","link":"https:\/\/ejornais.com.br\/index.php\/category\/ejornais\/"},{"label":"&#8220;Trump quer criar nova ONU&#8221;, diz Lula sobre Conselho de Paz","link":"https:\/\/ejornais.com.br\/index.php\/2026\/01\/24\/trump-quer-criar-nova-onu-diz-lula-sobre-conselho-de-paz\/"}],"amp_enabled":true,"_links":{"self":[{"href":"https:\/\/ejornais.com.br\/index.php\/wp-json\/wp\/v2\/posts\/59557","targetHints":{"allow":["GET"]}}],"collection":[{"href":"https:\/\/ejornais.com.br\/index.php\/wp-json\/wp\/v2\/posts"}],"about":[{"href":"https:\/\/ejornais.com.br\/index.php\/wp-json\/wp\/v2\/types\/post"}],"author":[{"embeddable":true,"href":"https:\/\/ejornais.com.br\/index.php\/wp-json\/wp\/v2\/users\/2"}],"replies":[{"embeddable":true,"href":"https:\/\/ejornais.com.br\/index.php\/wp-json\/wp\/v2\/comments?post=59557"}],"version-history":[{"count":0,"href":"https:\/\/ejornais.com.br\/index.php\/wp-json\/wp\/v2\/posts\/59557\/revisions"}],"wp:attachment":[{"href":"https:\/\/ejornais.com.br\/index.php\/wp-json\/wp\/v2\/media?parent=59557"}],"wp:term":[{"taxonomy":"category","embeddable":true,"href":"https:\/\/ejornais.com.br\/index.php\/wp-json\/wp\/v2\/categories?post=59557"},{"taxonomy":"post_tag","embeddable":true,"href":"https:\/\/ejornais.com.br\/index.php\/wp-json\/wp\/v2\/tags?post=59557"}],"curies":[{"name":"wp","href":"https:\/\/api.w.org\/{rel}","templated":true}]}}