{"id":59559,"date":"2026-01-24T03:18:06","date_gmt":"2026-01-24T06:18:06","guid":{"rendered":"https:\/\/ejornais.com.br\/index.php\/2026\/01\/24\/ibama-nega-licenca-previa-para-construcao-de-termeletrica-em-cacapava\/"},"modified":"2026-01-24T03:18:06","modified_gmt":"2026-01-24T06:18:06","slug":"ibama-nega-licenca-previa-para-construcao-de-termeletrica-em-cacapava","status":"publish","type":"post","link":"https:\/\/ejornais.com.br\/index.php\/2026\/01\/24\/ibama-nega-licenca-previa-para-construcao-de-termeletrica-em-cacapava\/","title":{"rendered":"Ibama nega licen\u00e7a pr\u00e9via para constru\u00e7\u00e3o de termel\u00e9trica em Ca\u00e7apava"},"content":{"rendered":"<p> Por MRNews<br \/>\n<\/p>\n<div wp_automatic_readability=\"106.44740804474\">\n<p><strong>O Instituto Brasileiro do Meio Ambiente e dos Recursos Naturais Renov\u00e1veis (Ibama) negou o pedido de licen\u00e7a pr\u00e9via para a constru\u00e7\u00e3o da Usina Termoel\u00e9trica (UTE) S\u00e3o Paulo, em Ca\u00e7apava (SP). O empreendimento tem previs\u00e3o de ser uma das maiores termel\u00e9tricas do pa\u00eds e da Am\u00e9rica Latina, com potencial de gera\u00e7\u00e3o de 1,7 GW.\u00a0<\/strong><\/p>\n<p>A licen\u00e7a pr\u00e9via \u00e9 a primeira etapa do licenciamento ambiental e demonstra a viabilidade do projeto sob esse aspecto, al\u00e9m de especificar os requisitos b\u00e1sicos a serem cumpridos nas demais fases.<\/p>\n<p><strong>Em nota, o Ibama disse que a Termel\u00e9trica S\u00e3o Paulo Gera\u00e7\u00e3o de Energia S.A., companhia respons\u00e1vel pela usina e que \u00e9 controlada pela Natural Energia, n\u00e3o apresentou o Estudo de Impacto Ambiental (EIA) e o Relat\u00f3rio de Impacto Ambiental (Rima) completos. <\/strong>O \u00f3rg\u00e3o fez dois pedidos de acr\u00e9scimos de informa\u00e7\u00f5es, mas a empresa n\u00e3o atendeu \u00e0s dilig\u00eancias.\u00a0<\/p>\n<p><strong><a href=\"https:\/\/mrnews.com.br\/index.php\/2026\/01\/24\/trump-quer-criar-nova-onu-diz-lula-sobre-conselho-de-paz\/\">\u201cTrump quer criar nova ONU\u201d, diz Lula sobre Conselho de Paz<\/a><\/strong><\/p>\n<p><strong><a href=\"https:\/\/mrnews.com.br\/index.php\/2026\/01\/24\/tj-do-maranhao-decreta-intervencao-no-municipio-de-turilandia\/\">TJ do Maranh\u00e3o decreta interven\u00e7\u00e3o no munic\u00edpio de Turil\u00e2ndia<\/a><\/strong><\/p>\n<blockquote wp_automatic_readability=\"9\">\n<p>\u201cDessa forma, o pedido de Licen\u00e7a Pr\u00e9via foi indeferido pela equipe de licenciamento ambiental respons\u00e1vel pelo processo, com base na Resolu\u00e7\u00e3o Conama n\u00ba 237\/97\u201d, justificou o Ibama.<\/p>\n<\/blockquote>\n<p>A resolu\u00e7\u00e3o mencionada estipula prazos para a entrega da documenta\u00e7\u00e3o exigida. Em geral, quando s\u00e3o solicitadas complementa\u00e7\u00f5es, a companhia tem at\u00e9 quatro meses para encaminh\u00e1-las ao Ibama, a contar da data do aviso. Ao descumprir as demandas, o processo de licenciamento pode ser arquivado, mas a empresa pode iniciar um outro processo.<\/p>\n<p>&gt;&gt; Siga o canal da <strong>Ag\u00eancia Brasil <\/strong>no WhatsApp<\/p>\n<h2>Cr\u00edticas<\/h2>\n<p><strong>Diversas organiza\u00e7\u00f5es e grupos t\u00eam se manifestado contra a obra, principalmente pelos danos socioambientais resultantes da abertura da UTE S\u00e3o Paulo.\u00a0<\/strong><\/p>\n<p><strong><a href=\"https:\/\/mrnews.com.br\/index.php\/2026\/01\/23\/festival-casabloco-faz-a-uniao-de-carnavais-do-rio-de-janeiro-e-recife\/\">Festival CasaBloco faz a uni\u00e3o de carnavais do Rio de Janeiro e Recife<\/a><\/strong><\/p>\n<p><strong><a href=\"https:\/\/mrnews.com.br\/index.php\/2026\/01\/23\/sp-quem-tomou-vacina-fracionada-da-febre-amarela-deve-completar-ciclo\/\">SP: quem tomou vacina fracionada da febre amarela deve completar ciclo<\/a><\/strong><\/p>\n<p>Fizeram oposi\u00e7\u00e3o, entre outros, o Instituto Brasileiro de Prote\u00e7\u00e3o Ambiental (Proam), o Conselho Municipal do Meio Ambiente (CMMA) de Ca\u00e7apava, o Sindicato Nacional dos Servidores P\u00fablicos Federais na \u00c1rea de Ci\u00eancia e Tecnologia do Setor Aeroespacial (SindCT) e o F\u00f3rum Permanente em Defesa da Vida.<\/p>\n<p>Em post no Instagram, a Frente Ambientalista do Vale do Para\u00edba Paulista (Famvap) comemorou a negativa. Segundo a entidade, um trabalho recente da Funda\u00e7\u00e3o Oswaldo Cruz (Fiocruz) identificou o projeto como potencial amea\u00e7a \u00e0 sa\u00fade da popula\u00e7\u00e3o local. Outros estudos e pesquisas identificam riscos iminentes de degrada\u00e7\u00e3o com potencial irrevers\u00edvel do meio ambiente na regi\u00e3o do Vale do Para\u00edba caso a usina fosse constru\u00edda e entrasse em funcionamento.\u00a0<\/p>\n<blockquote wp_automatic_readability=\"7\">\n<p>\u201cO povo que protesta h\u00e1 mais de cinco anos contra a termel\u00e9trica e tem realizado um dos movimentos socioambientais auto-organizados mais potentes do pa\u00eds comemora o veto do Ibama e segue atento aos desdobramentos dessa decis\u00e3o.\u201d<\/p>\n<\/blockquote>\n<p>Em janeiro de 2024, a Justi\u00e7a Federal determinou a suspens\u00e3o do licenciamento ambiental para a constru\u00e7\u00e3o e cancelou a audi\u00eancia p\u00fablica que estava agendada.\u00a0Uma a\u00e7\u00e3o do Minist\u00e9rio P\u00fablico Federal (MPF) contra o Ibama embasou a liminar. Nela, destacava a desconsidera\u00e7\u00e3o aos outros munic\u00edpios que seriam afetados pela usina: Monteiro Lobato, Pindamonhangaba, Taubat\u00e9, Trememb\u00e9 e Santo Ant\u00f4nio do Pinhal.\u00a0<\/p>\n<p>Em junho daquele ano, institui\u00e7\u00f5es que integram a Coaliz\u00e3o Energia Limpa, como o Instituto Arayara e o Instituto de Defesa do Consumidor (Idec), lan\u00e7aram o relat\u00f3rio Regress\u00e3o energ\u00e9tica\u00a0destacando os 6 milh\u00f5es de toneladas de CO\u2082 por ano que podem ser emitidos pela usina, caso entre em opera\u00e7\u00e3o. O volume \u00e9 2 mil vezes maior do que todas as emiss\u00f5es da cidade de Ca\u00e7apava no per\u00edodo de 2000 a 2022.<\/p>\n<p>Al\u00e9m de poss\u00edveis problemas de sa\u00fade e subsist\u00eancia que o empreendimento poderia ocasionar, outra raz\u00e3o para a defesa do embargo \u00e9 o elevado consumo de \u00e1gua. Para seu funcionamento, o consumo de \u00e1gua pode chegar a 1,56 milh\u00e3o\u00a0de litros de \u00e1gua diariamente, entre capta\u00e7\u00f5es subterr\u00e2neas, incluindo as de po\u00e7os artesianos, e de um c\u00f3rrego local.<\/p>\n<p>Em outubro de 2022, a C\u00e2mara Municipal de Ca\u00e7apava alterou a lei complementar relativa ao zoneamento do solo e proibiu a instala\u00e7\u00e3o de usinas termel\u00e9tricas na cidade. Em novembro de 2023, uma decis\u00e3o liminar em a\u00e7\u00e3o direta de inconstitucionalidade permitiu novamente os empreendimentos termel\u00e9tricos.\u00a0<\/p>\n<p>A <strong>Ag\u00eancia Brasil<\/strong> questionou a Natural Energia sobre o veto do Ibama, mas a companhia n\u00e3o se pronunciou at\u00e9 o fechamento desta mat\u00e9ria.\u00a0<\/p>\n<\/div>\n","protected":false},"excerpt":{"rendered":"<p>Por MRNews O Instituto Brasileiro do Meio Ambiente e dos Recursos Naturais Renov\u00e1veis (Ibama) negou o pedido de licen\u00e7a pr\u00e9via<\/p>\n","protected":false},"author":2,"featured_media":0,"comment_status":"","ping_status":"","sticky":false,"template":"","format":"standard","meta":{"colormag_page_container_layout":"default_layout","colormag_page_sidebar_layout":"default_layout","footnotes":""},"categories":[1],"tags":[],"class_list":["post-59559","post","type-post","status-publish","format-standard","hentry","category-ejornais"],"aioseo_notices":[],"aioseo_head":"\n\t\t<!-- All in One SEO 5.0.1.1 - aioseo.com -->\n\t<meta name=\"description\" content=\"Por MRNews O Instituto Brasileiro do Meio Ambiente e dos Recursos Naturais Renov\u00e1veis (Ibama) negou o pedido de licen\u00e7a pr\u00e9via para a constru\u00e7\u00e3o da Usina Termoel\u00e9trica (UTE) S\u00e3o Paulo, em Ca\u00e7apava (SP). O empreendimento tem previs\u00e3o de ser uma das maiores termel\u00e9tricas do pa\u00eds e da Am\u00e9rica Latina, com potencial de gera\u00e7\u00e3o de 1,7 GW.\" \/>\n\t<meta name=\"robots\" content=\"max-image-preview:large\" \/>\n\t<meta name=\"author\" content=\"admin1\"\/>\n\t<link rel=\"canonical\" href=\"https:\/\/ejornais.com.br\/index.php\/2026\/01\/24\/ibama-nega-licenca-previa-para-construcao-de-termeletrica-em-cacapava\/\" \/>\n\t<meta name=\"generator\" content=\"All in One SEO (AIOSEO) 5.0.1.1\" \/>\n\t\t<meta property=\"og:locale\" content=\"pt_BR\" \/>\n\t\t<meta property=\"og:site_name\" content=\"eJornais - Cat\u00e1logo de Jornais no mundo, Not\u00edcias, Blog e Esportes ao vivo\" \/>\n\t\t<meta property=\"og:type\" content=\"article\" \/>\n\t\t<meta property=\"og:title\" content=\"Ibama nega licen\u00e7a pr\u00e9via para constru\u00e7\u00e3o de termel\u00e9trica em Ca\u00e7apava - eJornais\" \/>\n\t\t<meta property=\"og:description\" content=\"Por MRNews O Instituto Brasileiro do Meio Ambiente e dos Recursos Naturais Renov\u00e1veis (Ibama) negou o pedido de licen\u00e7a pr\u00e9via para a constru\u00e7\u00e3o da Usina Termoel\u00e9trica (UTE) S\u00e3o Paulo, em Ca\u00e7apava (SP). O empreendimento tem previs\u00e3o de ser uma das maiores termel\u00e9tricas do pa\u00eds e da Am\u00e9rica Latina, com potencial de gera\u00e7\u00e3o de 1,7 GW.\" \/>\n\t\t<meta property=\"og:url\" content=\"https:\/\/ejornais.com.br\/index.php\/2026\/01\/24\/ibama-nega-licenca-previa-para-construcao-de-termeletrica-em-cacapava\/\" \/>\n\t\t<meta property=\"article:published_time\" content=\"2026-01-24T06:18:06+00:00\" \/>\n\t\t<meta property=\"article:modified_time\" content=\"2026-01-24T06:18:06+00:00\" \/>\n\t\t<meta name=\"twitter:card\" content=\"summary_large_image\" \/>\n\t\t<meta name=\"twitter:title\" content=\"Ibama nega licen\u00e7a pr\u00e9via para constru\u00e7\u00e3o de termel\u00e9trica em Ca\u00e7apava - eJornais\" \/>\n\t\t<meta name=\"twitter:description\" content=\"Por MRNews O Instituto Brasileiro do Meio Ambiente e dos Recursos Naturais Renov\u00e1veis (Ibama) negou o pedido de licen\u00e7a pr\u00e9via para a constru\u00e7\u00e3o da Usina Termoel\u00e9trica (UTE) S\u00e3o Paulo, em Ca\u00e7apava (SP). O empreendimento tem previs\u00e3o de ser uma das maiores termel\u00e9tricas do pa\u00eds e da Am\u00e9rica Latina, com potencial de gera\u00e7\u00e3o de 1,7 GW.\" \/>\n\t\t<script type=\"application\/ld+json\" class=\"aioseo-schema\">\n\t\t\t{\"@context\":\"https:\\\/\\\/schema.org\",\"@graph\":[{\"@type\":\"BlogPosting\",\"@id\":\"https:\\\/\\\/ejornais.com.br\\\/index.php\\\/2026\\\/01\\\/24\\\/ibama-nega-licenca-previa-para-construcao-de-termeletrica-em-cacapava\\\/#blogposting\",\"name\":\"Ibama nega licen\\u00e7a pr\\u00e9via para constru\\u00e7\\u00e3o de termel\\u00e9trica em Ca\\u00e7apava - eJornais\",\"headline\":\"Ibama nega licen\\u00e7a pr\\u00e9via para constru\\u00e7\\u00e3o de termel\\u00e9trica em Ca\\u00e7apava\",\"author\":{\"@id\":\"https:\\\/\\\/ejornais.com.br\\\/index.php\\\/author\\\/admin1\\\/#author\"},\"publisher\":{\"@id\":\"https:\\\/\\\/ejornais.com.br\\\/#organization\"},\"datePublished\":\"2026-01-24T03:18:06-03:00\",\"dateModified\":\"2026-01-24T03:18:06-03:00\",\"inLanguage\":\"pt-BR\",\"mainEntityOfPage\":{\"@id\":\"https:\\\/\\\/ejornais.com.br\\\/index.php\\\/2026\\\/01\\\/24\\\/ibama-nega-licenca-previa-para-construcao-de-termeletrica-em-cacapava\\\/#webpage\"},\"isPartOf\":{\"@id\":\"https:\\\/\\\/ejornais.com.br\\\/index.php\\\/2026\\\/01\\\/24\\\/ibama-nega-licenca-previa-para-construcao-de-termeletrica-em-cacapava\\\/#webpage\"},\"articleSection\":\"Cat\\u00e1logo de Jornais\"},{\"@type\":\"BreadcrumbList\",\"@id\":\"https:\\\/\\\/ejornais.com.br\\\/index.php\\\/2026\\\/01\\\/24\\\/ibama-nega-licenca-previa-para-construcao-de-termeletrica-em-cacapava\\\/#breadcrumblist\",\"itemListElement\":[{\"@type\":\"ListItem\",\"@id\":\"https:\\\/\\\/ejornais.com.br#listItem\",\"position\":1,\"name\":\"In\\u00edcio\",\"item\":\"https:\\\/\\\/ejornais.com.br\",\"nextItem\":{\"@type\":\"ListItem\",\"@id\":\"https:\\\/\\\/ejornais.com.br\\\/index.php\\\/category\\\/ejornais\\\/#listItem\",\"name\":\"Cat\\u00e1logo de Jornais\"}},{\"@type\":\"ListItem\",\"@id\":\"https:\\\/\\\/ejornais.com.br\\\/index.php\\\/category\\\/ejornais\\\/#listItem\",\"position\":2,\"name\":\"Cat\\u00e1logo de Jornais\",\"item\":\"https:\\\/\\\/ejornais.com.br\\\/index.php\\\/category\\\/ejornais\\\/\",\"nextItem\":{\"@type\":\"ListItem\",\"@id\":\"https:\\\/\\\/ejornais.com.br\\\/index.php\\\/2026\\\/01\\\/24\\\/ibama-nega-licenca-previa-para-construcao-de-termeletrica-em-cacapava\\\/#listItem\",\"name\":\"Ibama nega licen\\u00e7a pr\\u00e9via para constru\\u00e7\\u00e3o de termel\\u00e9trica em Ca\\u00e7apava\"},\"previousItem\":{\"@type\":\"ListItem\",\"@id\":\"https:\\\/\\\/ejornais.com.br#listItem\",\"name\":\"In\\u00edcio\"}},{\"@type\":\"ListItem\",\"@id\":\"https:\\\/\\\/ejornais.com.br\\\/index.php\\\/2026\\\/01\\\/24\\\/ibama-nega-licenca-previa-para-construcao-de-termeletrica-em-cacapava\\\/#listItem\",\"position\":3,\"name\":\"Ibama nega licen\\u00e7a pr\\u00e9via para constru\\u00e7\\u00e3o de termel\\u00e9trica em Ca\\u00e7apava\",\"previousItem\":{\"@type\":\"ListItem\",\"@id\":\"https:\\\/\\\/ejornais.com.br\\\/index.php\\\/category\\\/ejornais\\\/#listItem\",\"name\":\"Cat\\u00e1logo de Jornais\"}}]},{\"@type\":\"Organization\",\"@id\":\"https:\\\/\\\/ejornais.com.br\\\/#organization\",\"name\":\"eJornais\",\"description\":\"Cat\\u00e1logo de Jornais no mundo, Not\\u00edcias, Blog e Esportes ao vivo\",\"url\":\"https:\\\/\\\/ejornais.com.br\\\/\"},{\"@type\":\"Person\",\"@id\":\"https:\\\/\\\/ejornais.com.br\\\/index.php\\\/author\\\/admin1\\\/#author\",\"url\":\"https:\\\/\\\/ejornais.com.br\\\/index.php\\\/author\\\/admin1\\\/\",\"name\":\"admin1\",\"image\":{\"@type\":\"ImageObject\",\"@id\":\"https:\\\/\\\/ejornais.com.br\\\/index.php\\\/2026\\\/01\\\/24\\\/ibama-nega-licenca-previa-para-construcao-de-termeletrica-em-cacapava\\\/#authorImage\",\"url\":\"https:\\\/\\\/secure.gravatar.com\\\/avatar\\\/04084e6d73c042b8646e7c17b494073bf0ede3ea13c7105cfc45cbbbc28385a4?s=96&d=mm&r=g\",\"width\":96,\"height\":96,\"caption\":\"admin1\"}},{\"@type\":\"WebPage\",\"@id\":\"https:\\\/\\\/ejornais.com.br\\\/index.php\\\/2026\\\/01\\\/24\\\/ibama-nega-licenca-previa-para-construcao-de-termeletrica-em-cacapava\\\/#webpage\",\"url\":\"https:\\\/\\\/ejornais.com.br\\\/index.php\\\/2026\\\/01\\\/24\\\/ibama-nega-licenca-previa-para-construcao-de-termeletrica-em-cacapava\\\/\",\"name\":\"Ibama nega licen\\u00e7a pr\\u00e9via para constru\\u00e7\\u00e3o de termel\\u00e9trica em Ca\\u00e7apava - eJornais\",\"description\":\"Por MRNews O Instituto Brasileiro do Meio Ambiente e dos Recursos Naturais Renov\\u00e1veis (Ibama) negou o pedido de licen\\u00e7a pr\\u00e9via para a constru\\u00e7\\u00e3o da Usina Termoel\\u00e9trica (UTE) S\\u00e3o Paulo, em Ca\\u00e7apava (SP). O empreendimento tem previs\\u00e3o de ser uma das maiores termel\\u00e9tricas do pa\\u00eds e da Am\\u00e9rica Latina, com potencial de gera\\u00e7\\u00e3o de 1,7 GW.\",\"inLanguage\":\"pt-BR\",\"isPartOf\":{\"@id\":\"https:\\\/\\\/ejornais.com.br\\\/#website\"},\"breadcrumb\":{\"@id\":\"https:\\\/\\\/ejornais.com.br\\\/index.php\\\/2026\\\/01\\\/24\\\/ibama-nega-licenca-previa-para-construcao-de-termeletrica-em-cacapava\\\/#breadcrumblist\"},\"author\":{\"@id\":\"https:\\\/\\\/ejornais.com.br\\\/index.php\\\/author\\\/admin1\\\/#author\"},\"creator\":{\"@id\":\"https:\\\/\\\/ejornais.com.br\\\/index.php\\\/author\\\/admin1\\\/#author\"},\"datePublished\":\"2026-01-24T03:18:06-03:00\",\"dateModified\":\"2026-01-24T03:18:06-03:00\"},{\"@type\":\"WebSite\",\"@id\":\"https:\\\/\\\/ejornais.com.br\\\/#website\",\"url\":\"https:\\\/\\\/ejornais.com.br\\\/\",\"name\":\"eJornais\",\"description\":\"Cat\\u00e1logo de Jornais no mundo, Not\\u00edcias, Blog e Esportes ao vivo\",\"inLanguage\":\"pt-BR\",\"publisher\":{\"@id\":\"https:\\\/\\\/ejornais.com.br\\\/#organization\"}}]}\n\t\t<\/script>\n\t\t<!-- All in One SEO -->\n\n","aioseo_head_json":{"title":"Ibama nega licen\u00e7a pr\u00e9via para constru\u00e7\u00e3o de termel\u00e9trica em Ca\u00e7apava - eJornais","description":"Por MRNews O Instituto Brasileiro do Meio Ambiente e dos Recursos Naturais Renov\u00e1veis (Ibama) negou o pedido de licen\u00e7a pr\u00e9via para a constru\u00e7\u00e3o da Usina Termoel\u00e9trica (UTE) S\u00e3o Paulo, em Ca\u00e7apava (SP). O empreendimento tem previs\u00e3o de ser uma das maiores termel\u00e9tricas do pa\u00eds e da Am\u00e9rica Latina, com potencial de gera\u00e7\u00e3o de 1,7 GW.","canonical_url":"https:\/\/ejornais.com.br\/index.php\/2026\/01\/24\/ibama-nega-licenca-previa-para-construcao-de-termeletrica-em-cacapava\/","robots":"max-image-preview:large","keywords":"","webmasterTools":{"miscellaneous":""},"schema":{"@context":"https:\/\/schema.org","@graph":[{"@type":"BlogPosting","@id":"https:\/\/ejornais.com.br\/index.php\/2026\/01\/24\/ibama-nega-licenca-previa-para-construcao-de-termeletrica-em-cacapava\/#blogposting","name":"Ibama nega licen\u00e7a pr\u00e9via para constru\u00e7\u00e3o de termel\u00e9trica em Ca\u00e7apava - eJornais","headline":"Ibama nega licen\u00e7a pr\u00e9via para constru\u00e7\u00e3o de termel\u00e9trica em Ca\u00e7apava","author":{"@id":"https:\/\/ejornais.com.br\/index.php\/author\/admin1\/#author"},"publisher":{"@id":"https:\/\/ejornais.com.br\/#organization"},"datePublished":"2026-01-24T03:18:06-03:00","dateModified":"2026-01-24T03:18:06-03:00","inLanguage":"pt-BR","mainEntityOfPage":{"@id":"https:\/\/ejornais.com.br\/index.php\/2026\/01\/24\/ibama-nega-licenca-previa-para-construcao-de-termeletrica-em-cacapava\/#webpage"},"isPartOf":{"@id":"https:\/\/ejornais.com.br\/index.php\/2026\/01\/24\/ibama-nega-licenca-previa-para-construcao-de-termeletrica-em-cacapava\/#webpage"},"articleSection":"Cat\u00e1logo de Jornais"},{"@type":"BreadcrumbList","@id":"https:\/\/ejornais.com.br\/index.php\/2026\/01\/24\/ibama-nega-licenca-previa-para-construcao-de-termeletrica-em-cacapava\/#breadcrumblist","itemListElement":[{"@type":"ListItem","@id":"https:\/\/ejornais.com.br#listItem","position":1,"name":"In\u00edcio","item":"https:\/\/ejornais.com.br","nextItem":{"@type":"ListItem","@id":"https:\/\/ejornais.com.br\/index.php\/category\/ejornais\/#listItem","name":"Cat\u00e1logo de Jornais"}},{"@type":"ListItem","@id":"https:\/\/ejornais.com.br\/index.php\/category\/ejornais\/#listItem","position":2,"name":"Cat\u00e1logo de Jornais","item":"https:\/\/ejornais.com.br\/index.php\/category\/ejornais\/","nextItem":{"@type":"ListItem","@id":"https:\/\/ejornais.com.br\/index.php\/2026\/01\/24\/ibama-nega-licenca-previa-para-construcao-de-termeletrica-em-cacapava\/#listItem","name":"Ibama nega licen\u00e7a pr\u00e9via para constru\u00e7\u00e3o de termel\u00e9trica em Ca\u00e7apava"},"previousItem":{"@type":"ListItem","@id":"https:\/\/ejornais.com.br#listItem","name":"In\u00edcio"}},{"@type":"ListItem","@id":"https:\/\/ejornais.com.br\/index.php\/2026\/01\/24\/ibama-nega-licenca-previa-para-construcao-de-termeletrica-em-cacapava\/#listItem","position":3,"name":"Ibama nega licen\u00e7a pr\u00e9via para constru\u00e7\u00e3o de termel\u00e9trica em Ca\u00e7apava","previousItem":{"@type":"ListItem","@id":"https:\/\/ejornais.com.br\/index.php\/category\/ejornais\/#listItem","name":"Cat\u00e1logo de Jornais"}}]},{"@type":"Organization","@id":"https:\/\/ejornais.com.br\/#organization","name":"eJornais","description":"Cat\u00e1logo de Jornais no mundo, Not\u00edcias, Blog e Esportes ao vivo","url":"https:\/\/ejornais.com.br\/"},{"@type":"Person","@id":"https:\/\/ejornais.com.br\/index.php\/author\/admin1\/#author","url":"https:\/\/ejornais.com.br\/index.php\/author\/admin1\/","name":"admin1","image":{"@type":"ImageObject","@id":"https:\/\/ejornais.com.br\/index.php\/2026\/01\/24\/ibama-nega-licenca-previa-para-construcao-de-termeletrica-em-cacapava\/#authorImage","url":"https:\/\/secure.gravatar.com\/avatar\/04084e6d73c042b8646e7c17b494073bf0ede3ea13c7105cfc45cbbbc28385a4?s=96&d=mm&r=g","width":96,"height":96,"caption":"admin1"}},{"@type":"WebPage","@id":"https:\/\/ejornais.com.br\/index.php\/2026\/01\/24\/ibama-nega-licenca-previa-para-construcao-de-termeletrica-em-cacapava\/#webpage","url":"https:\/\/ejornais.com.br\/index.php\/2026\/01\/24\/ibama-nega-licenca-previa-para-construcao-de-termeletrica-em-cacapava\/","name":"Ibama nega licen\u00e7a pr\u00e9via para constru\u00e7\u00e3o de termel\u00e9trica em Ca\u00e7apava - eJornais","description":"Por MRNews O Instituto Brasileiro do Meio Ambiente e dos Recursos Naturais Renov\u00e1veis (Ibama) negou o pedido de licen\u00e7a pr\u00e9via para a constru\u00e7\u00e3o da Usina Termoel\u00e9trica (UTE) S\u00e3o Paulo, em Ca\u00e7apava (SP). O empreendimento tem previs\u00e3o de ser uma das maiores termel\u00e9tricas do pa\u00eds e da Am\u00e9rica Latina, com potencial de gera\u00e7\u00e3o de 1,7 GW.","inLanguage":"pt-BR","isPartOf":{"@id":"https:\/\/ejornais.com.br\/#website"},"breadcrumb":{"@id":"https:\/\/ejornais.com.br\/index.php\/2026\/01\/24\/ibama-nega-licenca-previa-para-construcao-de-termeletrica-em-cacapava\/#breadcrumblist"},"author":{"@id":"https:\/\/ejornais.com.br\/index.php\/author\/admin1\/#author"},"creator":{"@id":"https:\/\/ejornais.com.br\/index.php\/author\/admin1\/#author"},"datePublished":"2026-01-24T03:18:06-03:00","dateModified":"2026-01-24T03:18:06-03:00"},{"@type":"WebSite","@id":"https:\/\/ejornais.com.br\/#website","url":"https:\/\/ejornais.com.br\/","name":"eJornais","description":"Cat\u00e1logo de Jornais no mundo, Not\u00edcias, Blog e Esportes ao vivo","inLanguage":"pt-BR","publisher":{"@id":"https:\/\/ejornais.com.br\/#organization"}}]},"og:locale":"pt_BR","og:site_name":"eJornais - Cat\u00e1logo de Jornais no mundo, Not\u00edcias, Blog e Esportes ao vivo","og:type":"article","og:title":"Ibama nega licen\u00e7a pr\u00e9via para constru\u00e7\u00e3o de termel\u00e9trica em Ca\u00e7apava - eJornais","og:description":"Por MRNews O Instituto Brasileiro do Meio Ambiente e dos Recursos Naturais Renov\u00e1veis (Ibama) negou o pedido de licen\u00e7a pr\u00e9via para a constru\u00e7\u00e3o da Usina Termoel\u00e9trica (UTE) S\u00e3o Paulo, em Ca\u00e7apava (SP). O empreendimento tem previs\u00e3o de ser uma das maiores termel\u00e9tricas do pa\u00eds e da Am\u00e9rica Latina, com potencial de gera\u00e7\u00e3o de 1,7 GW.","og:url":"https:\/\/ejornais.com.br\/index.php\/2026\/01\/24\/ibama-nega-licenca-previa-para-construcao-de-termeletrica-em-cacapava\/","article:published_time":"2026-01-24T06:18:06+00:00","article:modified_time":"2026-01-24T06:18:06+00:00","twitter:card":"summary_large_image","twitter:title":"Ibama nega licen\u00e7a pr\u00e9via para constru\u00e7\u00e3o de termel\u00e9trica em Ca\u00e7apava - eJornais","twitter:description":"Por MRNews O Instituto Brasileiro do Meio Ambiente e dos Recursos Naturais Renov\u00e1veis (Ibama) negou o pedido de licen\u00e7a pr\u00e9via para a constru\u00e7\u00e3o da Usina Termoel\u00e9trica (UTE) S\u00e3o Paulo, em Ca\u00e7apava (SP). O empreendimento tem previs\u00e3o de ser uma das maiores termel\u00e9tricas do pa\u00eds e da Am\u00e9rica Latina, com potencial de gera\u00e7\u00e3o de 1,7 GW."},"aioseo_meta_data":{"post_id":"59559","title":null,"description":null,"keywords":null,"keyphrases":null,"primary_term":null,"canonical_url":null,"og_title":null,"og_description":null,"og_object_type":"default","og_image_type":"default","og_image_url":null,"og_image_width":null,"og_image_height":null,"og_image_custom_url":null,"og_image_custom_fields":null,"og_video":null,"og_custom_url":null,"og_article_section":null,"og_article_tags":null,"twitter_use_og":false,"twitter_card":"default","twitter_image_type":"default","twitter_image_url":null,"twitter_image_custom_url":null,"twitter_image_custom_fields":null,"twitter_title":null,"twitter_description":null,"schema":{"blockGraphs":[],"customGraphs":[],"default":{"data":{"Article":[],"Course":[],"Dataset":[],"FAQPage":[],"Movie":[],"Person":[],"Product":[],"ProductReview":[],"Car":[],"Recipe":[],"Service":[],"SoftwareApplication":[],"WebPage":[]},"graphName":"","isEnabled":true},"graphs":[]},"schema_type":"default","schema_type_options":null,"pillar_content":false,"robots_default":true,"robots_noindex":false,"robots_noarchive":false,"robots_nosnippet":false,"robots_nofollow":false,"robots_noimageindex":false,"robots_noodp":false,"robots_notranslate":false,"robots_max_snippet":null,"robots_max_videopreview":null,"robots_max_imagepreview":"large","priority":null,"frequency":null,"local_seo":null,"breadcrumb_settings":null,"limit_modified_date":false,"ai":null,"created":"2026-01-24 06:28:01","updated":"2026-01-24 06:28:01","seo_analyzer_scan_date":null,"focus_keyword":null,"additional_keywords":null,"truseo_locale":null},"aioseo_breadcrumb":"<div class=\"aioseo-breadcrumbs\"><span class=\"aioseo-breadcrumb\">\n\t\t\t<a href=\"https:\/\/ejornais.com.br\" title=\"In\u00edcio\">In\u00edcio<\/a>\n\t\t<\/span><span class=\"aioseo-breadcrumb-separator\">&raquo;<\/span><span class=\"aioseo-breadcrumb\">\n\t\t\t<a href=\"https:\/\/ejornais.com.br\/index.php\/category\/ejornais\/\" title=\"Cat\u00e1logo de Jornais\">Cat\u00e1logo de Jornais<\/a>\n\t\t<\/span><span class=\"aioseo-breadcrumb-separator\">&raquo;<\/span><span class=\"aioseo-breadcrumb\">\n\t\t\tIbama nega licen\u00e7a pr\u00e9via para constru\u00e7\u00e3o de termel\u00e9trica em Ca\u00e7apava\n\t\t<\/span><\/div>","aioseo_breadcrumb_json":[{"label":"In\u00edcio","link":"https:\/\/ejornais.com.br"},{"label":"Cat\u00e1logo de Jornais","link":"https:\/\/ejornais.com.br\/index.php\/category\/ejornais\/"},{"label":"Ibama nega licen\u00e7a pr\u00e9via para constru\u00e7\u00e3o de termel\u00e9trica em Ca\u00e7apava","link":"https:\/\/ejornais.com.br\/index.php\/2026\/01\/24\/ibama-nega-licenca-previa-para-construcao-de-termeletrica-em-cacapava\/"}],"amp_enabled":true,"_links":{"self":[{"href":"https:\/\/ejornais.com.br\/index.php\/wp-json\/wp\/v2\/posts\/59559","targetHints":{"allow":["GET"]}}],"collection":[{"href":"https:\/\/ejornais.com.br\/index.php\/wp-json\/wp\/v2\/posts"}],"about":[{"href":"https:\/\/ejornais.com.br\/index.php\/wp-json\/wp\/v2\/types\/post"}],"author":[{"embeddable":true,"href":"https:\/\/ejornais.com.br\/index.php\/wp-json\/wp\/v2\/users\/2"}],"replies":[{"embeddable":true,"href":"https:\/\/ejornais.com.br\/index.php\/wp-json\/wp\/v2\/comments?post=59559"}],"version-history":[{"count":0,"href":"https:\/\/ejornais.com.br\/index.php\/wp-json\/wp\/v2\/posts\/59559\/revisions"}],"wp:attachment":[{"href":"https:\/\/ejornais.com.br\/index.php\/wp-json\/wp\/v2\/media?parent=59559"}],"wp:term":[{"taxonomy":"category","embeddable":true,"href":"https:\/\/ejornais.com.br\/index.php\/wp-json\/wp\/v2\/categories?post=59559"},{"taxonomy":"post_tag","embeddable":true,"href":"https:\/\/ejornais.com.br\/index.php\/wp-json\/wp\/v2\/tags?post=59559"}],"curies":[{"name":"wp","href":"https:\/\/api.w.org\/{rel}","templated":true}]}}