{"id":59639,"date":"2026-01-26T03:10:50","date_gmt":"2026-01-26T06:10:50","guid":{"rendered":"https:\/\/ejornais.com.br\/index.php\/2026\/01\/26\/cicero-lucena-se-reune-com-representantes-das-quadrilhas-juninas-da-paraiba-e-garante-apoio-a-edicao-2026-do-concurso-na-capital\/"},"modified":"2026-01-26T03:10:50","modified_gmt":"2026-01-26T06:10:50","slug":"cicero-lucena-se-reune-com-representantes-das-quadrilhas-juninas-da-paraiba-e-garante-apoio-a-edicao-2026-do-concurso-na-capital","status":"publish","type":"post","link":"https:\/\/ejornais.com.br\/index.php\/2026\/01\/26\/cicero-lucena-se-reune-com-representantes-das-quadrilhas-juninas-da-paraiba-e-garante-apoio-a-edicao-2026-do-concurso-na-capital\/","title":{"rendered":"C\u00edcero Lucena se re\u00fane com representantes das quadrilhas juninas da Para\u00edba e garante apoio \u00e0 edi\u00e7\u00e3o 2026 do concurso na Capital"},"content":{"rendered":"<p><\/p>\n<div>\n<p>O prefeito C\u00edcero Lucena se reuniu, na manh\u00e3 deste domingo (25), com representantes das quadrilhas juninas da Para\u00edba, e garantiu a inten\u00e7\u00e3o de realizar em Jo\u00e3o Pessoa, pelo quarto ano consecutivo, a edi\u00e7\u00e3o de 2026 do Concurso Estadual de Quadrilhas da Para\u00edba. O prefeito afirmou que a gest\u00e3o municipal garantir\u00e1 todo o apoio e estrutura necess\u00e1ria para que mais uma edi\u00e7\u00e3o do concurso que celebra as tradi\u00e7\u00f5es juninas seja realizado no Busto de Tamandar\u00e9.<\/p>\n<figure class=\"wp-block-gallery has-nested-images columns-default is-cropped wp-block-gallery-1 is-layout-flex wp-block-gallery-is-layout-flex\">\n<figure class=\"wp-block-image size-large\"><\/figure>\n<\/figure>\n<p>\u201cFiz quest\u00e3o de estar presente neste encontro para assumir o compromisso da gest\u00e3o municipal de apoiar e fortalecer o concurso de quadrilhas juninas. Me coloco \u00e0 disposi\u00e7\u00e3o para que este ano o evento seja ainda maior, ampliando nosso apoio, para dar mais for\u00e7a e multiplicar as oportunidades de fortalecimento de nossas tradi\u00e7\u00f5es, nossas ra\u00edzes. Este trabalho estimula o surgimento de novas quadrilhas e estimula nossa economia, movimenta uma cadeia produtiva envolvida com este segmento que \u00e9 muito importante para a nossa cultura\u201d, afirmou o prefeito C\u00edcero Lucena.<\/p>\n<figure class=\"wp-block-gallery has-nested-images columns-default is-cropped wp-block-gallery-2 is-layout-flex wp-block-gallery-is-layout-flex\">\n<figure class=\"wp-block-image size-large\"><\/figure>\n<\/figure>\n<p>O presidente da Federa\u00e7\u00e3o das Entidades de Quadrilhas Juninas da Para\u00edba (Fequajune PB), Genilson F\u00e9lix, agradeceu a presen\u00e7a do prefeito e o apoio que a gest\u00e3o d\u00e1 para o movimento. \u201cTemos representantes das entidades das quadrilhas juninas do Litoral ao Sert\u00e3o aqui e o prefeito C\u00edcero Lucena, que \u00e9 amigo do movimento junino e abra\u00e7a a nossa causa nos presenteando com aquela estrutura para que nosso festival seja realizado\u201d, disse.<\/p>\n<figure class=\"wp-block-gallery has-nested-images columns-default is-cropped wp-block-gallery-3 is-layout-flex wp-block-gallery-is-layout-flex\">\n<figure class=\"wp-block-image size-large\"><\/figure>\n<figure class=\"wp-block-image size-large\"><\/figure>\n<\/figure>\n<p>O deputado federal Mersinho Lucena falou de sua rela\u00e7\u00e3o com o setor cultural e de entretenimento e garantiu buscar novos apoios na C\u00e2mara dos Deputados para fortalecer a tradi\u00e7\u00e3o das quadrilhas juninas. \u201cTemos um olhar especial para aqueles que fazem com que nossa arte permane\u00e7a viva e passe para novas gera\u00e7\u00f5es. Temos que ter este compromisso de fortalecer a nossa tradi\u00e7\u00e3o e vamos buscar recursos em Bras\u00edlia, novas parcerias para fazer este movimento ainda maior e que gere mais empregos e oportunidades para quem vive da cultura e da tradi\u00e7\u00e3o das quadrilhas\u201d, destacou.<\/p>\n<figure class=\"wp-block-gallery has-nested-images columns-default is-cropped wp-block-gallery-4 is-layout-flex wp-block-gallery-is-layout-flex\">\n<figure class=\"wp-block-image size-large\"><\/figure>\n<figure class=\"wp-block-image size-large\"><\/figure>\n<\/figure>\n<p>O diretor executivo da Funda\u00e7\u00e3o Cultural de Jo\u00e3o Pessoa (Funjope), Marcus Alves, afirmou que a entidade, h\u00e1 quase cinco anos, vem capacitando e qualificando as quadrilhas juninas e reestruturando os festivais. \u201cCome\u00e7amos no Almeid\u00e3o e depois levamos para o Busto de Tamandar\u00e9 uma estrutura qualificada para a realiza\u00e7\u00e3o do concurso e ficamos muito felizes de poder contribuir com este processo. Vamos potencializar e organizar mais um concurso em Jo\u00e3o Pessoa e estimular a capacidade criativa de nossas culturas populares porque compreendemos que o festival municipal e estadual tem potencial para atrair mais investimentos\u201d, afirmou.<\/p>\n<figure class=\"wp-block-gallery has-nested-images columns-default is-cropped wp-block-gallery-5 is-layout-flex wp-block-gallery-is-layout-flex\">\n<figure class=\"wp-block-image size-large\"><\/figure>\n<figure class=\"wp-block-image size-large\"><\/figure>\n<\/figure><\/div>\n","protected":false},"excerpt":{"rendered":"<p>O prefeito C\u00edcero Lucena se reuniu, na manh\u00e3 deste domingo (25), com representantes das quadrilhas juninas da Para\u00edba, e garantiu<\/p>\n","protected":false},"author":2,"featured_media":0,"comment_status":"","ping_status":"","sticky":false,"template":"","format":"standard","meta":{"colormag_page_container_layout":"default_layout","colormag_page_sidebar_layout":"default_layout","footnotes":""},"categories":[1],"tags":[],"class_list":["post-59639","post","type-post","status-publish","format-standard","hentry","category-ejornais"],"aioseo_notices":[],"amp_enabled":true,"_links":{"self":[{"href":"https:\/\/ejornais.com.br\/index.php\/wp-json\/wp\/v2\/posts\/59639","targetHints":{"allow":["GET"]}}],"collection":[{"href":"https:\/\/ejornais.com.br\/index.php\/wp-json\/wp\/v2\/posts"}],"about":[{"href":"https:\/\/ejornais.com.br\/index.php\/wp-json\/wp\/v2\/types\/post"}],"author":[{"embeddable":true,"href":"https:\/\/ejornais.com.br\/index.php\/wp-json\/wp\/v2\/users\/2"}],"replies":[{"embeddable":true,"href":"https:\/\/ejornais.com.br\/index.php\/wp-json\/wp\/v2\/comments?post=59639"}],"version-history":[{"count":0,"href":"https:\/\/ejornais.com.br\/index.php\/wp-json\/wp\/v2\/posts\/59639\/revisions"}],"wp:attachment":[{"href":"https:\/\/ejornais.com.br\/index.php\/wp-json\/wp\/v2\/media?parent=59639"}],"wp:term":[{"taxonomy":"category","embeddable":true,"href":"https:\/\/ejornais.com.br\/index.php\/wp-json\/wp\/v2\/categories?post=59639"},{"taxonomy":"post_tag","embeddable":true,"href":"https:\/\/ejornais.com.br\/index.php\/wp-json\/wp\/v2\/tags?post=59639"}],"curies":[{"name":"wp","href":"https:\/\/api.w.org\/{rel}","templated":true}]}}