{"id":59837,"date":"2026-01-29T11:39:15","date_gmt":"2026-01-29T14:39:15","guid":{"rendered":"https:\/\/ejornais.com.br\/index.php\/2026\/01\/29\/congonhas-confirma-terceiro-vazamento-em-mina-em-menos-de-uma-semana\/"},"modified":"2026-01-29T11:39:15","modified_gmt":"2026-01-29T14:39:15","slug":"congonhas-confirma-terceiro-vazamento-em-mina-em-menos-de-uma-semana","status":"publish","type":"post","link":"https:\/\/ejornais.com.br\/index.php\/2026\/01\/29\/congonhas-confirma-terceiro-vazamento-em-mina-em-menos-de-uma-semana\/","title":{"rendered":"Congonhas confirma terceiro vazamento em mina, em menos de uma semana"},"content":{"rendered":"<p> Por MRNews<br \/>\n<\/p>\n<div wp_automatic_readability=\"47.900383141762\">\n<p><strong>A cidade de Congonhas, regi\u00e3o central de Minas Gerais, confirmou na noite desta quinta-feira (28) um terceiro vazamento de \u00e1gua no estado em menos de cinco dias.<\/strong><\/p>\n<p><strong>Desta vez, o acidente foi identificado no dique de Fraile, na mina Casa de Pedra, que pertence \u00e0 Companhia Sider\u00fargica Nacional (CSN). <\/strong><\/p>\n<p>Os dois vazamentos anteriores, um no domingo (25) e outro na segunda-feira (27), ocorreram em \u00e1reas controladas pela mineradora Vale.<\/p>\n<p><strong><a href=\"https:\/\/mrnews.com.br\/index.php\/2026\/01\/29\/incendio-destroi-empresas-e-creche-na-zona-leste-de-sao-paulo\/\">Inc\u00eandio destr\u00f3i empresas e creche na zona leste de S\u00e3o Paulo<\/a><\/strong><\/p>\n<p><strong><a href=\"https:\/\/mrnews.com.br\/index.php\/2026\/01\/29\/sisu-2026-candidatos-ja-podem-conferir-resultado-individual\/\">Sisu 2026: candidatos j\u00e1 podem conferir resultado individual<\/a><\/strong><\/p>\n<p>Segundo a prefeitura de Congonhas, o\u00a0novo problema foi identificado durante os trabalhos de fiscaliza\u00e7\u00e3o nos outros dois vazamentos:\u00a0<\/p>\n<blockquote wp_automatic_readability=\"7\">\n<p>\u201c[Foi identificado] carreamento de res\u00edduos por enxurrada, decorrentes de defici\u00eancias nos sistemas de drenagem das vias internas da mineradora\u201d.<\/p>\n<\/blockquote>\n<p>Ainda de acordo com a prefeitura o material foi em dire\u00e7\u00e3o ao Rio Maranh\u00e3o e, apesar do vazamento, n\u00e3o houve rompimento de estruturas.<\/p>\n<p><strong>O \u00f3rg\u00e3o municipal considerou o incidente como um \u2018dano ambiental moderado\u2019. A prefeitura disse ainda que notificou a CSN para que tome provid\u00eancias.<\/strong><\/p>\n<p><strong><a href=\"https:\/\/mrnews.com.br\/index.php\/2026\/01\/29\/prouni-2026-prazo-de-inscricao-para-1o-semestre-termina-nesta-quinta\/\">Prouni 2026: prazo de inscri\u00e7\u00e3o para 1\u00ba semestre termina nesta quinta<\/a><\/strong><\/p>\n<p><strong><a href=\"https:\/\/mrnews.com.br\/index.php\/2026\/01\/29\/treinos-em-grupo-na-praia-devolvem-liberdade-a-pessoas-trans-no-rio\/\">Treinos em grupo na praia devolvem liberdade a pessoas trans no Rio<\/a><\/strong><\/p>\n<p>CSN<\/p>\n<p>A empresa se manifestou sobre o assunto em nota. A companhia informou que \u201csegundo manifesta\u00e7\u00e3o da pr\u00f3pria prefeitura de Congonhas foi constatado que n\u00e3o houve qualquer extravasamento, transbordamento, rompimento ou anormalidade em quaisquer das estruturas da barragem ou conten\u00e7\u00e3o de sedimentos\u201d. Sobre a alega\u00e7\u00e3o da prefeitura da cidade, de que houve carreamento de res\u00edduos por enxurrada, a CSN afirma que este problema \u201cest\u00e1 relacionado exclusivamente \u00e0 drenagem de estradas de terra e acessos da regi\u00e3o, assim como eventual carreamento de galhos em decorr\u00eancia das fortes chuvas, sem qualquer rela\u00e7\u00e3o com barragens ou com as atividades operacionais da Companhia\u201d.<\/p>\n<p><em>*Atualizada \u00e0s 10h05 para inclus\u00e3o do posicionamento da CSN.<\/em><\/p>\n<\/div>\n","protected":false},"excerpt":{"rendered":"<p>Por MRNews A cidade de Congonhas, regi\u00e3o central de Minas Gerais, confirmou na noite desta quinta-feira (28) um terceiro vazamento<\/p>\n","protected":false},"author":2,"featured_media":0,"comment_status":"","ping_status":"","sticky":false,"template":"","format":"standard","meta":{"colormag_page_container_layout":"default_layout","colormag_page_sidebar_layout":"default_layout","footnotes":""},"categories":[1],"tags":[],"class_list":["post-59837","post","type-post","status-publish","format-standard","hentry","category-ejornais"],"aioseo_notices":[],"aioseo_head":"\n\t\t<!-- All in One SEO 5.0.1.1 - aioseo.com -->\n\t<meta name=\"description\" content=\"Por MRNews A cidade de Congonhas, regi\u00e3o central de Minas Gerais, confirmou na noite desta quinta-feira (28) um terceiro vazamento de \u00e1gua no estado em menos de cinco dias. Desta vez, o acidente foi identificado no dique de Fraile, na mina Casa de Pedra, que pertence \u00e0 Companhia Sider\u00fargica Nacional (CSN). Os dois vazamentos anteriores,\" \/>\n\t<meta name=\"robots\" content=\"max-image-preview:large\" \/>\n\t<meta name=\"author\" content=\"admin1\"\/>\n\t<link rel=\"canonical\" href=\"https:\/\/ejornais.com.br\/index.php\/2026\/01\/29\/congonhas-confirma-terceiro-vazamento-em-mina-em-menos-de-uma-semana\/\" \/>\n\t<meta name=\"generator\" content=\"All in One SEO (AIOSEO) 5.0.1.1\" \/>\n\t\t<meta property=\"og:locale\" content=\"pt_BR\" \/>\n\t\t<meta property=\"og:site_name\" content=\"eJornais - Cat\u00e1logo de Jornais no mundo, Not\u00edcias, Blog e Esportes ao vivo\" \/>\n\t\t<meta property=\"og:type\" content=\"article\" \/>\n\t\t<meta property=\"og:title\" content=\"Congonhas confirma terceiro vazamento em mina, em menos de uma semana - eJornais\" \/>\n\t\t<meta property=\"og:description\" content=\"Por MRNews A cidade de Congonhas, regi\u00e3o central de Minas Gerais, confirmou na noite desta quinta-feira (28) um terceiro vazamento de \u00e1gua no estado em menos de cinco dias. Desta vez, o acidente foi identificado no dique de Fraile, na mina Casa de Pedra, que pertence \u00e0 Companhia Sider\u00fargica Nacional (CSN). Os dois vazamentos anteriores,\" \/>\n\t\t<meta property=\"og:url\" content=\"https:\/\/ejornais.com.br\/index.php\/2026\/01\/29\/congonhas-confirma-terceiro-vazamento-em-mina-em-menos-de-uma-semana\/\" \/>\n\t\t<meta property=\"article:published_time\" content=\"2026-01-29T14:39:15+00:00\" \/>\n\t\t<meta property=\"article:modified_time\" content=\"2026-01-29T14:39:15+00:00\" \/>\n\t\t<meta name=\"twitter:card\" content=\"summary_large_image\" \/>\n\t\t<meta name=\"twitter:title\" content=\"Congonhas confirma terceiro vazamento em mina, em menos de uma semana - eJornais\" \/>\n\t\t<meta name=\"twitter:description\" content=\"Por MRNews A cidade de Congonhas, regi\u00e3o central de Minas Gerais, confirmou na noite desta quinta-feira (28) um terceiro vazamento de \u00e1gua no estado em menos de cinco dias. Desta vez, o acidente foi identificado no dique de Fraile, na mina Casa de Pedra, que pertence \u00e0 Companhia Sider\u00fargica Nacional (CSN). Os dois vazamentos anteriores,\" \/>\n\t\t<script type=\"application\/ld+json\" class=\"aioseo-schema\">\n\t\t\t{\"@context\":\"https:\\\/\\\/schema.org\",\"@graph\":[{\"@type\":\"BlogPosting\",\"@id\":\"https:\\\/\\\/ejornais.com.br\\\/index.php\\\/2026\\\/01\\\/29\\\/congonhas-confirma-terceiro-vazamento-em-mina-em-menos-de-uma-semana\\\/#blogposting\",\"name\":\"Congonhas confirma terceiro vazamento em mina, em menos de uma semana - eJornais\",\"headline\":\"Congonhas confirma terceiro vazamento em mina, em menos de uma semana\",\"author\":{\"@id\":\"https:\\\/\\\/ejornais.com.br\\\/index.php\\\/author\\\/admin1\\\/#author\"},\"publisher\":{\"@id\":\"https:\\\/\\\/ejornais.com.br\\\/#organization\"},\"datePublished\":\"2026-01-29T11:39:15-03:00\",\"dateModified\":\"2026-01-29T11:39:15-03:00\",\"inLanguage\":\"pt-BR\",\"mainEntityOfPage\":{\"@id\":\"https:\\\/\\\/ejornais.com.br\\\/index.php\\\/2026\\\/01\\\/29\\\/congonhas-confirma-terceiro-vazamento-em-mina-em-menos-de-uma-semana\\\/#webpage\"},\"isPartOf\":{\"@id\":\"https:\\\/\\\/ejornais.com.br\\\/index.php\\\/2026\\\/01\\\/29\\\/congonhas-confirma-terceiro-vazamento-em-mina-em-menos-de-uma-semana\\\/#webpage\"},\"articleSection\":\"Cat\\u00e1logo de Jornais\"},{\"@type\":\"BreadcrumbList\",\"@id\":\"https:\\\/\\\/ejornais.com.br\\\/index.php\\\/2026\\\/01\\\/29\\\/congonhas-confirma-terceiro-vazamento-em-mina-em-menos-de-uma-semana\\\/#breadcrumblist\",\"itemListElement\":[{\"@type\":\"ListItem\",\"@id\":\"https:\\\/\\\/ejornais.com.br#listItem\",\"position\":1,\"name\":\"In\\u00edcio\",\"item\":\"https:\\\/\\\/ejornais.com.br\",\"nextItem\":{\"@type\":\"ListItem\",\"@id\":\"https:\\\/\\\/ejornais.com.br\\\/index.php\\\/category\\\/ejornais\\\/#listItem\",\"name\":\"Cat\\u00e1logo de Jornais\"}},{\"@type\":\"ListItem\",\"@id\":\"https:\\\/\\\/ejornais.com.br\\\/index.php\\\/category\\\/ejornais\\\/#listItem\",\"position\":2,\"name\":\"Cat\\u00e1logo de Jornais\",\"item\":\"https:\\\/\\\/ejornais.com.br\\\/index.php\\\/category\\\/ejornais\\\/\",\"nextItem\":{\"@type\":\"ListItem\",\"@id\":\"https:\\\/\\\/ejornais.com.br\\\/index.php\\\/2026\\\/01\\\/29\\\/congonhas-confirma-terceiro-vazamento-em-mina-em-menos-de-uma-semana\\\/#listItem\",\"name\":\"Congonhas confirma terceiro vazamento em mina, em menos de uma semana\"},\"previousItem\":{\"@type\":\"ListItem\",\"@id\":\"https:\\\/\\\/ejornais.com.br#listItem\",\"name\":\"In\\u00edcio\"}},{\"@type\":\"ListItem\",\"@id\":\"https:\\\/\\\/ejornais.com.br\\\/index.php\\\/2026\\\/01\\\/29\\\/congonhas-confirma-terceiro-vazamento-em-mina-em-menos-de-uma-semana\\\/#listItem\",\"position\":3,\"name\":\"Congonhas confirma terceiro vazamento em mina, em menos de uma semana\",\"previousItem\":{\"@type\":\"ListItem\",\"@id\":\"https:\\\/\\\/ejornais.com.br\\\/index.php\\\/category\\\/ejornais\\\/#listItem\",\"name\":\"Cat\\u00e1logo de Jornais\"}}]},{\"@type\":\"Organization\",\"@id\":\"https:\\\/\\\/ejornais.com.br\\\/#organization\",\"name\":\"eJornais\",\"description\":\"Cat\\u00e1logo de Jornais no mundo, Not\\u00edcias, Blog e Esportes ao vivo\",\"url\":\"https:\\\/\\\/ejornais.com.br\\\/\"},{\"@type\":\"Person\",\"@id\":\"https:\\\/\\\/ejornais.com.br\\\/index.php\\\/author\\\/admin1\\\/#author\",\"url\":\"https:\\\/\\\/ejornais.com.br\\\/index.php\\\/author\\\/admin1\\\/\",\"name\":\"admin1\",\"image\":{\"@type\":\"ImageObject\",\"@id\":\"https:\\\/\\\/ejornais.com.br\\\/index.php\\\/2026\\\/01\\\/29\\\/congonhas-confirma-terceiro-vazamento-em-mina-em-menos-de-uma-semana\\\/#authorImage\",\"url\":\"https:\\\/\\\/secure.gravatar.com\\\/avatar\\\/04084e6d73c042b8646e7c17b494073bf0ede3ea13c7105cfc45cbbbc28385a4?s=96&d=mm&r=g\",\"width\":96,\"height\":96,\"caption\":\"admin1\"}},{\"@type\":\"WebPage\",\"@id\":\"https:\\\/\\\/ejornais.com.br\\\/index.php\\\/2026\\\/01\\\/29\\\/congonhas-confirma-terceiro-vazamento-em-mina-em-menos-de-uma-semana\\\/#webpage\",\"url\":\"https:\\\/\\\/ejornais.com.br\\\/index.php\\\/2026\\\/01\\\/29\\\/congonhas-confirma-terceiro-vazamento-em-mina-em-menos-de-uma-semana\\\/\",\"name\":\"Congonhas confirma terceiro vazamento em mina, em menos de uma semana - eJornais\",\"description\":\"Por MRNews A cidade de Congonhas, regi\\u00e3o central de Minas Gerais, confirmou na noite desta quinta-feira (28) um terceiro vazamento de \\u00e1gua no estado em menos de cinco dias. Desta vez, o acidente foi identificado no dique de Fraile, na mina Casa de Pedra, que pertence \\u00e0 Companhia Sider\\u00fargica Nacional (CSN). Os dois vazamentos anteriores,\",\"inLanguage\":\"pt-BR\",\"isPartOf\":{\"@id\":\"https:\\\/\\\/ejornais.com.br\\\/#website\"},\"breadcrumb\":{\"@id\":\"https:\\\/\\\/ejornais.com.br\\\/index.php\\\/2026\\\/01\\\/29\\\/congonhas-confirma-terceiro-vazamento-em-mina-em-menos-de-uma-semana\\\/#breadcrumblist\"},\"author\":{\"@id\":\"https:\\\/\\\/ejornais.com.br\\\/index.php\\\/author\\\/admin1\\\/#author\"},\"creator\":{\"@id\":\"https:\\\/\\\/ejornais.com.br\\\/index.php\\\/author\\\/admin1\\\/#author\"},\"datePublished\":\"2026-01-29T11:39:15-03:00\",\"dateModified\":\"2026-01-29T11:39:15-03:00\"},{\"@type\":\"WebSite\",\"@id\":\"https:\\\/\\\/ejornais.com.br\\\/#website\",\"url\":\"https:\\\/\\\/ejornais.com.br\\\/\",\"name\":\"eJornais\",\"description\":\"Cat\\u00e1logo de Jornais no mundo, Not\\u00edcias, Blog e Esportes ao vivo\",\"inLanguage\":\"pt-BR\",\"publisher\":{\"@id\":\"https:\\\/\\\/ejornais.com.br\\\/#organization\"}}]}\n\t\t<\/script>\n\t\t<!-- All in One SEO -->\n\n","aioseo_head_json":{"title":"Congonhas confirma terceiro vazamento em mina, em menos de uma semana - eJornais","description":"Por MRNews A cidade de Congonhas, regi\u00e3o central de Minas Gerais, confirmou na noite desta quinta-feira (28) um terceiro vazamento de \u00e1gua no estado em menos de cinco dias. Desta vez, o acidente foi identificado no dique de Fraile, na mina Casa de Pedra, que pertence \u00e0 Companhia Sider\u00fargica Nacional (CSN). Os dois vazamentos anteriores,","canonical_url":"https:\/\/ejornais.com.br\/index.php\/2026\/01\/29\/congonhas-confirma-terceiro-vazamento-em-mina-em-menos-de-uma-semana\/","robots":"max-image-preview:large","keywords":"","webmasterTools":{"miscellaneous":""},"schema":{"@context":"https:\/\/schema.org","@graph":[{"@type":"BlogPosting","@id":"https:\/\/ejornais.com.br\/index.php\/2026\/01\/29\/congonhas-confirma-terceiro-vazamento-em-mina-em-menos-de-uma-semana\/#blogposting","name":"Congonhas confirma terceiro vazamento em mina, em menos de uma semana - eJornais","headline":"Congonhas confirma terceiro vazamento em mina, em menos de uma semana","author":{"@id":"https:\/\/ejornais.com.br\/index.php\/author\/admin1\/#author"},"publisher":{"@id":"https:\/\/ejornais.com.br\/#organization"},"datePublished":"2026-01-29T11:39:15-03:00","dateModified":"2026-01-29T11:39:15-03:00","inLanguage":"pt-BR","mainEntityOfPage":{"@id":"https:\/\/ejornais.com.br\/index.php\/2026\/01\/29\/congonhas-confirma-terceiro-vazamento-em-mina-em-menos-de-uma-semana\/#webpage"},"isPartOf":{"@id":"https:\/\/ejornais.com.br\/index.php\/2026\/01\/29\/congonhas-confirma-terceiro-vazamento-em-mina-em-menos-de-uma-semana\/#webpage"},"articleSection":"Cat\u00e1logo de Jornais"},{"@type":"BreadcrumbList","@id":"https:\/\/ejornais.com.br\/index.php\/2026\/01\/29\/congonhas-confirma-terceiro-vazamento-em-mina-em-menos-de-uma-semana\/#breadcrumblist","itemListElement":[{"@type":"ListItem","@id":"https:\/\/ejornais.com.br#listItem","position":1,"name":"In\u00edcio","item":"https:\/\/ejornais.com.br","nextItem":{"@type":"ListItem","@id":"https:\/\/ejornais.com.br\/index.php\/category\/ejornais\/#listItem","name":"Cat\u00e1logo de Jornais"}},{"@type":"ListItem","@id":"https:\/\/ejornais.com.br\/index.php\/category\/ejornais\/#listItem","position":2,"name":"Cat\u00e1logo de Jornais","item":"https:\/\/ejornais.com.br\/index.php\/category\/ejornais\/","nextItem":{"@type":"ListItem","@id":"https:\/\/ejornais.com.br\/index.php\/2026\/01\/29\/congonhas-confirma-terceiro-vazamento-em-mina-em-menos-de-uma-semana\/#listItem","name":"Congonhas confirma terceiro vazamento em mina, em menos de uma semana"},"previousItem":{"@type":"ListItem","@id":"https:\/\/ejornais.com.br#listItem","name":"In\u00edcio"}},{"@type":"ListItem","@id":"https:\/\/ejornais.com.br\/index.php\/2026\/01\/29\/congonhas-confirma-terceiro-vazamento-em-mina-em-menos-de-uma-semana\/#listItem","position":3,"name":"Congonhas confirma terceiro vazamento em mina, em menos de uma semana","previousItem":{"@type":"ListItem","@id":"https:\/\/ejornais.com.br\/index.php\/category\/ejornais\/#listItem","name":"Cat\u00e1logo de Jornais"}}]},{"@type":"Organization","@id":"https:\/\/ejornais.com.br\/#organization","name":"eJornais","description":"Cat\u00e1logo de Jornais no mundo, Not\u00edcias, Blog e Esportes ao vivo","url":"https:\/\/ejornais.com.br\/"},{"@type":"Person","@id":"https:\/\/ejornais.com.br\/index.php\/author\/admin1\/#author","url":"https:\/\/ejornais.com.br\/index.php\/author\/admin1\/","name":"admin1","image":{"@type":"ImageObject","@id":"https:\/\/ejornais.com.br\/index.php\/2026\/01\/29\/congonhas-confirma-terceiro-vazamento-em-mina-em-menos-de-uma-semana\/#authorImage","url":"https:\/\/secure.gravatar.com\/avatar\/04084e6d73c042b8646e7c17b494073bf0ede3ea13c7105cfc45cbbbc28385a4?s=96&d=mm&r=g","width":96,"height":96,"caption":"admin1"}},{"@type":"WebPage","@id":"https:\/\/ejornais.com.br\/index.php\/2026\/01\/29\/congonhas-confirma-terceiro-vazamento-em-mina-em-menos-de-uma-semana\/#webpage","url":"https:\/\/ejornais.com.br\/index.php\/2026\/01\/29\/congonhas-confirma-terceiro-vazamento-em-mina-em-menos-de-uma-semana\/","name":"Congonhas confirma terceiro vazamento em mina, em menos de uma semana - eJornais","description":"Por MRNews A cidade de Congonhas, regi\u00e3o central de Minas Gerais, confirmou na noite desta quinta-feira (28) um terceiro vazamento de \u00e1gua no estado em menos de cinco dias. Desta vez, o acidente foi identificado no dique de Fraile, na mina Casa de Pedra, que pertence \u00e0 Companhia Sider\u00fargica Nacional (CSN). Os dois vazamentos anteriores,","inLanguage":"pt-BR","isPartOf":{"@id":"https:\/\/ejornais.com.br\/#website"},"breadcrumb":{"@id":"https:\/\/ejornais.com.br\/index.php\/2026\/01\/29\/congonhas-confirma-terceiro-vazamento-em-mina-em-menos-de-uma-semana\/#breadcrumblist"},"author":{"@id":"https:\/\/ejornais.com.br\/index.php\/author\/admin1\/#author"},"creator":{"@id":"https:\/\/ejornais.com.br\/index.php\/author\/admin1\/#author"},"datePublished":"2026-01-29T11:39:15-03:00","dateModified":"2026-01-29T11:39:15-03:00"},{"@type":"WebSite","@id":"https:\/\/ejornais.com.br\/#website","url":"https:\/\/ejornais.com.br\/","name":"eJornais","description":"Cat\u00e1logo de Jornais no mundo, Not\u00edcias, Blog e Esportes ao vivo","inLanguage":"pt-BR","publisher":{"@id":"https:\/\/ejornais.com.br\/#organization"}}]},"og:locale":"pt_BR","og:site_name":"eJornais - Cat\u00e1logo de Jornais no mundo, Not\u00edcias, Blog e Esportes ao vivo","og:type":"article","og:title":"Congonhas confirma terceiro vazamento em mina, em menos de uma semana - eJornais","og:description":"Por MRNews A cidade de Congonhas, regi\u00e3o central de Minas Gerais, confirmou na noite desta quinta-feira (28) um terceiro vazamento de \u00e1gua no estado em menos de cinco dias. Desta vez, o acidente foi identificado no dique de Fraile, na mina Casa de Pedra, que pertence \u00e0 Companhia Sider\u00fargica Nacional (CSN). Os dois vazamentos anteriores,","og:url":"https:\/\/ejornais.com.br\/index.php\/2026\/01\/29\/congonhas-confirma-terceiro-vazamento-em-mina-em-menos-de-uma-semana\/","article:published_time":"2026-01-29T14:39:15+00:00","article:modified_time":"2026-01-29T14:39:15+00:00","twitter:card":"summary_large_image","twitter:title":"Congonhas confirma terceiro vazamento em mina, em menos de uma semana - eJornais","twitter:description":"Por MRNews A cidade de Congonhas, regi\u00e3o central de Minas Gerais, confirmou na noite desta quinta-feira (28) um terceiro vazamento de \u00e1gua no estado em menos de cinco dias. Desta vez, o acidente foi identificado no dique de Fraile, na mina Casa de Pedra, que pertence \u00e0 Companhia Sider\u00fargica Nacional (CSN). Os dois vazamentos anteriores,"},"aioseo_meta_data":{"post_id":"59837","title":null,"description":null,"keywords":null,"keyphrases":null,"primary_term":null,"canonical_url":null,"og_title":null,"og_description":null,"og_object_type":"default","og_image_type":"default","og_image_url":null,"og_image_width":null,"og_image_height":null,"og_image_custom_url":null,"og_image_custom_fields":null,"og_video":null,"og_custom_url":null,"og_article_section":null,"og_article_tags":null,"twitter_use_og":false,"twitter_card":"default","twitter_image_type":"default","twitter_image_url":null,"twitter_image_custom_url":null,"twitter_image_custom_fields":null,"twitter_title":null,"twitter_description":null,"schema":{"blockGraphs":[],"customGraphs":[],"default":{"data":{"Article":[],"Course":[],"Dataset":[],"FAQPage":[],"Movie":[],"Person":[],"Product":[],"ProductReview":[],"Car":[],"Recipe":[],"Service":[],"SoftwareApplication":[],"WebPage":[]},"graphName":"","isEnabled":true},"graphs":[]},"schema_type":"default","schema_type_options":null,"pillar_content":false,"robots_default":true,"robots_noindex":false,"robots_noarchive":false,"robots_nosnippet":false,"robots_nofollow":false,"robots_noimageindex":false,"robots_noodp":false,"robots_notranslate":false,"robots_max_snippet":null,"robots_max_videopreview":null,"robots_max_imagepreview":"large","priority":null,"frequency":null,"local_seo":null,"breadcrumb_settings":null,"limit_modified_date":false,"ai":null,"created":"2026-01-29 14:41:00","updated":"2026-01-29 14:41:00","seo_analyzer_scan_date":null,"focus_keyword":null,"additional_keywords":null,"truseo_locale":null},"aioseo_breadcrumb":"<div class=\"aioseo-breadcrumbs\"><span class=\"aioseo-breadcrumb\">\n\t\t\t<a href=\"https:\/\/ejornais.com.br\" title=\"In\u00edcio\">In\u00edcio<\/a>\n\t\t<\/span><span class=\"aioseo-breadcrumb-separator\">&raquo;<\/span><span class=\"aioseo-breadcrumb\">\n\t\t\t<a href=\"https:\/\/ejornais.com.br\/index.php\/category\/ejornais\/\" title=\"Cat\u00e1logo de Jornais\">Cat\u00e1logo de Jornais<\/a>\n\t\t<\/span><span class=\"aioseo-breadcrumb-separator\">&raquo;<\/span><span class=\"aioseo-breadcrumb\">\n\t\t\tCongonhas confirma terceiro vazamento em mina, em menos de uma semana\n\t\t<\/span><\/div>","aioseo_breadcrumb_json":[{"label":"In\u00edcio","link":"https:\/\/ejornais.com.br"},{"label":"Cat\u00e1logo de Jornais","link":"https:\/\/ejornais.com.br\/index.php\/category\/ejornais\/"},{"label":"Congonhas confirma terceiro vazamento em mina, em menos de uma semana","link":"https:\/\/ejornais.com.br\/index.php\/2026\/01\/29\/congonhas-confirma-terceiro-vazamento-em-mina-em-menos-de-uma-semana\/"}],"amp_enabled":true,"_links":{"self":[{"href":"https:\/\/ejornais.com.br\/index.php\/wp-json\/wp\/v2\/posts\/59837","targetHints":{"allow":["GET"]}}],"collection":[{"href":"https:\/\/ejornais.com.br\/index.php\/wp-json\/wp\/v2\/posts"}],"about":[{"href":"https:\/\/ejornais.com.br\/index.php\/wp-json\/wp\/v2\/types\/post"}],"author":[{"embeddable":true,"href":"https:\/\/ejornais.com.br\/index.php\/wp-json\/wp\/v2\/users\/2"}],"replies":[{"embeddable":true,"href":"https:\/\/ejornais.com.br\/index.php\/wp-json\/wp\/v2\/comments?post=59837"}],"version-history":[{"count":0,"href":"https:\/\/ejornais.com.br\/index.php\/wp-json\/wp\/v2\/posts\/59837\/revisions"}],"wp:attachment":[{"href":"https:\/\/ejornais.com.br\/index.php\/wp-json\/wp\/v2\/media?parent=59837"}],"wp:term":[{"taxonomy":"category","embeddable":true,"href":"https:\/\/ejornais.com.br\/index.php\/wp-json\/wp\/v2\/categories?post=59837"},{"taxonomy":"post_tag","embeddable":true,"href":"https:\/\/ejornais.com.br\/index.php\/wp-json\/wp\/v2\/tags?post=59837"}],"curies":[{"name":"wp","href":"https:\/\/api.w.org\/{rel}","templated":true}]}}