{"id":59945,"date":"2026-01-31T05:51:03","date_gmt":"2026-01-31T08:51:03","guid":{"rendered":"https:\/\/ejornais.com.br\/index.php\/2026\/01\/31\/agencia-minas-gerais-governo-de-minas-fortalece-participacao-social-e-transparencia-com-encontro-inedito-de-ouvidorias-em-formiga\/"},"modified":"2026-01-31T05:51:03","modified_gmt":"2026-01-31T08:51:03","slug":"agencia-minas-gerais-governo-de-minas-fortalece-participacao-social-e-transparencia-com-encontro-inedito-de-ouvidorias-em-formiga","status":"publish","type":"post","link":"https:\/\/ejornais.com.br\/index.php\/2026\/01\/31\/agencia-minas-gerais-governo-de-minas-fortalece-participacao-social-e-transparencia-com-encontro-inedito-de-ouvidorias-em-formiga\/","title":{"rendered":"Ag\u00eancia Minas Gerais | Governo de Minas fortalece participa\u00e7\u00e3o social e transpar\u00eancia com encontro in\u00e9dito de ouvidorias em Formiga"},"content":{"rendered":"<p><\/p>\n<div>\n<section class=\"news-related \/ col-md-4 col-lg-3 \/ margin-md-bottom-2 margin-left-1 \/ pull-right \/ hidden-xs hidden-sm\">\n<header>\n<p class=\"text-title-section \/ margin-bottom-1\">Relacionadas<\/p>\n<\/header>\n<p>\t\t\t\t\t\t\t<main><\/p>\n<hr class=\"row margin-md-bottom-2\"\/>\n<hr class=\"row margin-md-bottom-2\"\/>\n\t\t\t\t\t\t\t<\/main><br \/>\n\t\t\t\t\t\t<\/section>\n<p>Com foco no fortalecimento da participa\u00e7\u00e3o cidad\u00e3, na amplia\u00e7\u00e3o da transpar\u00eancia e na qualifica\u00e7\u00e3o das ouvidorias p\u00fablicas, o Governo de Minas promoveu, nesta sexta-feira (30\/1), em Formiga, no Centro-Oeste do estado, o 1\u00ba Encontro de Ouvidoria e Transpar\u00eancia.<\/p>\n<p>A iniciativa, realizada por meio da Ouvidoria-Geral do Estado (OGE\/MG), reuniu representantes de diversos munic\u00edpios mineiros em uma manh\u00e3 dedicada \u00e0 troca de experi\u00eancias, forma\u00e7\u00e3o t\u00e9cnica e debate sobre boas pr\u00e1ticas no setor p\u00fablico.<\/p>\n<p>Com a presen\u00e7a de ouvidores, controladores, gestores p\u00fablicos, servidores e demais interessados, o evento contou com a parceria do Tribunal de Contas do Estado de Minas Gerais (TCE\/MG), do Minist\u00e9rio P\u00fablico de Contas de Minas Gerais (MPC-MG), do Minist\u00e9rio P\u00fablico de Minas Gerais (MPMG) e da Controladoria-Geral da Uni\u00e3o (CGU), integrando \u00f3rg\u00e3os de controle e as administra\u00e7\u00f5es municipais.<\/p>\n<p><strong>A Voz dos Mineiros <\/strong><\/p>\n<p>O encontro integra as a\u00e7\u00f5es do programa A Voz dos Mineiros (AVM), iniciativa estrat\u00e9gica da OGE\/MG voltada \u00e0 implementa\u00e7\u00e3o e ao fortalecimento das ouvidorias p\u00fablicas municipais, que contribui diretamente para a melhoria da gest\u00e3o, o fortalecimento da cidadania e o avan\u00e7o da transpar\u00eancia p\u00fablica em Minas Gerais.<br \/>&#13;<br \/>\n\u00a0<\/p>\n<table align=\"center\" border=\"0\" cellpadding=\"1\" cellspacing=\"1\" style=\"width: 100%;\">&#13;<\/p>\n<tbody>&#13;<\/p>\n<tr>&#13;<\/p>\n<td colspan=\"5\" style=\"text-align: center; vertical-align: middle;\">&#13;<\/p>\n<p style=\"text-align:center\">\n<p>&#13;\n\t\t\t<\/td>\n<p>&#13;<br \/>\n\t\t<\/tr>\n<p>&#13;<\/p>\n<tr>&#13;<\/p>\n<td style=\"text-align: center; vertical-align: middle;\">\u00a0<\/td>\n<p>&#13;<\/p>\n<td colspan=\"3\" rowspan=\"3\" style=\"text-align: center; vertical-align: middle;\">&#13;<br \/>\n\t\t\t&#13;\n\t\t\t<\/td>\n<p>&#13;<\/p>\n<td style=\"text-align: center; vertical-align: middle;\">\u00a0<\/td>\n<p>&#13;<br \/>\n\t\t<\/tr>\n<p>&#13;<\/p>\n<tr>&#13;<\/p>\n<td style=\"text-align: center; vertical-align: middle;\">\u00a0<\/td>\n<p>&#13;<\/p>\n<td style=\"text-align: center; vertical-align: middle;\">\u00a0<\/td>\n<p>&#13;<br \/>\n\t\t<\/tr>\n<p>&#13;<\/p>\n<tr>&#13;<\/p>\n<td style=\"text-align: center; vertical-align: middle;\">\u00a0<\/td>\n<p>&#13;<\/p>\n<td style=\"text-align: center; vertical-align: middle;\">\u00a0<\/td>\n<p>&#13;<br \/>\n\t\t<\/tr>\n<p>&#13;<\/p>\n<tr>&#13;<\/p>\n<td colspan=\"5\" style=\"text-align: center; vertical-align: middle;\">&#13;<\/p>\n<p style=\"text-align:center\">\n<p>&#13;\n\t\t\t<\/td>\n<p>&#13;<br \/>\n\t\t<\/tr>\n<p>&#13;<br \/>\n\t<\/tbody>\n<p>&#13;<br \/>\n<\/table>\n<p>&#13;<br \/>\nAl\u00e9m dos debates institucionais, o evento ofereceu tr\u00eas cursos com abordagem pr\u00e1tica, ministrados por ouvidores da OGE\/MG: \u201cCurso B\u00e1sico de Ouvidoria P\u00fablica\u201d, \u201cLei Geral de Prote\u00e7\u00e3o de Dados (LGPD) e Prote\u00e7\u00e3o ao Denunciante\u201d, e \u201cO Papel das Ouvidorias P\u00fablicas na Preven\u00e7\u00e3o e Combate ao Ass\u00e9dio Moral e Sexual\u201d.<\/p>\n<p>Novos encontros como este j\u00e1 est\u00e3o previstos ao longo do ano e dever\u00e3o percorrer outras regi\u00f5es de Minas Gerais, ampliando o di\u00e1logo com os munic\u00edpios e fortalecendo, de forma cont\u00ednua, a participa\u00e7\u00e3o social, a transpar\u00eancia e a integridade na gest\u00e3o p\u00fablica.<\/p>\n<p><strong>Sobre a OGE\/MG<\/strong><\/p>\n<p>A Ouvidoria-Geral do Estado de Minas Gerais \u00e9 um \u00f3rg\u00e3o aut\u00f4nomo, vinculado diretamente ao governador, respons\u00e1vel pelo recebimento e tratamento de den\u00fancias, reclama\u00e7\u00f5es, solicita\u00e7\u00f5es, sugest\u00f5es e elogios, produzindo informa\u00e7\u00f5es estrat\u00e9gicas que subsidiam a tomada de decis\u00e3o e o aperfei\u00e7oamento da gest\u00e3o p\u00fablica.<\/p>\n<p>Canais de atendimento:<\/p>\n<p>Site: www.ouvidoriageral.mg.gov.br<\/p>\n<p>WhatsApp: (31) 3915-2022 \u2013 atendente virtual \u201cBel\u201d<\/p>\n<p>Aplicativo MG App (Android e iOS)<\/p>\n<p>Telefones: 162 (Disque-Ouvidoria) e 136 (Disque-Sa\u00fade)<\/p>\n<\/p><\/div>\n","protected":false},"excerpt":{"rendered":"<p>Relacionadas Com foco no fortalecimento da participa\u00e7\u00e3o cidad\u00e3, na amplia\u00e7\u00e3o da transpar\u00eancia e na qualifica\u00e7\u00e3o das ouvidorias p\u00fablicas, o Governo<\/p>\n","protected":false},"author":2,"featured_media":0,"comment_status":"","ping_status":"","sticky":false,"template":"","format":"standard","meta":{"colormag_page_container_layout":"default_layout","colormag_page_sidebar_layout":"default_layout","footnotes":""},"categories":[1],"tags":[],"class_list":["post-59945","post","type-post","status-publish","format-standard","hentry","category-ejornais"],"aioseo_notices":[],"amp_enabled":true,"_links":{"self":[{"href":"https:\/\/ejornais.com.br\/index.php\/wp-json\/wp\/v2\/posts\/59945","targetHints":{"allow":["GET"]}}],"collection":[{"href":"https:\/\/ejornais.com.br\/index.php\/wp-json\/wp\/v2\/posts"}],"about":[{"href":"https:\/\/ejornais.com.br\/index.php\/wp-json\/wp\/v2\/types\/post"}],"author":[{"embeddable":true,"href":"https:\/\/ejornais.com.br\/index.php\/wp-json\/wp\/v2\/users\/2"}],"replies":[{"embeddable":true,"href":"https:\/\/ejornais.com.br\/index.php\/wp-json\/wp\/v2\/comments?post=59945"}],"version-history":[{"count":0,"href":"https:\/\/ejornais.com.br\/index.php\/wp-json\/wp\/v2\/posts\/59945\/revisions"}],"wp:attachment":[{"href":"https:\/\/ejornais.com.br\/index.php\/wp-json\/wp\/v2\/media?parent=59945"}],"wp:term":[{"taxonomy":"category","embeddable":true,"href":"https:\/\/ejornais.com.br\/index.php\/wp-json\/wp\/v2\/categories?post=59945"},{"taxonomy":"post_tag","embeddable":true,"href":"https:\/\/ejornais.com.br\/index.php\/wp-json\/wp\/v2\/tags?post=59945"}],"curies":[{"name":"wp","href":"https:\/\/api.w.org\/{rel}","templated":true}]}}