{"id":59971,"date":"2026-01-31T18:28:32","date_gmt":"2026-01-31T21:28:32","guid":{"rendered":"https:\/\/ejornais.com.br\/index.php\/2026\/01\/31\/rochedo-recebe-obras-de-infraestrutura-urbana-e-educacao-para-melhorar-a-vida-do-cidadao-agencia-de-noticias-do-governo-de-mato-grosso-do-sul\/"},"modified":"2026-01-31T18:28:32","modified_gmt":"2026-01-31T21:28:32","slug":"rochedo-recebe-obras-de-infraestrutura-urbana-e-educacao-para-melhorar-a-vida-do-cidadao-agencia-de-noticias-do-governo-de-mato-grosso-do-sul","status":"publish","type":"post","link":"https:\/\/ejornais.com.br\/index.php\/2026\/01\/31\/rochedo-recebe-obras-de-infraestrutura-urbana-e-educacao-para-melhorar-a-vida-do-cidadao-agencia-de-noticias-do-governo-de-mato-grosso-do-sul\/","title":{"rendered":"Rochedo recebe obras de infraestrutura urbana e educa\u00e7\u00e3o para melhorar a vida do cidad\u00e3o \u2013 Ag\u00eancia de Noticias do Governo de Mato Grosso do Sul"},"content":{"rendered":"<p><\/p>\n<div>\n<p>Infraestrutura e educa\u00e7\u00e3o de qualidade. Com este objetivo o governador Eduardo Riedel entregou obras que v\u00e3o melhorar a vida dos moradores de Rochedo. Reforma e amplia\u00e7\u00e3o de escola e recapeamento de vias importantes da cidade est\u00e3o dentro deste pacote.<\/p>\n<p>\u201cEstas obras levam melhorias diretas ao cidad\u00e3o. \u00d3 recapeamento das vias urbanas e o asfalto transformam a realidade das pessoas. Nosso objetivo \u00e9 trabalhar junto com os munic\u00edpios para conceder estes benef\u00edcios\u201d, afirmou o governador.<\/p>\n<p>Para contribuir com o aprendizado, foi entregue a reforma e amplia\u00e7\u00e3o de salas de aula da Escola Estadual Jos\u00e9 Alves Ribeiro. O investimento visa modernizar a unidade escolar e proporcionar uma estrutura adequada aos alunos e profissionais.<\/p>\n<p>A escola recebeu investimentos de R$ 2 milh\u00f5es, voltados para a amplia\u00e7\u00e3o, constru\u00e7\u00e3o de bloco com 5 salas de aula, e reforma parcial do pr\u00e9dio. A unidade conta com 426 estudantes de Ensino Fundamental e M\u00e9dio. A institui\u00e7\u00e3o funciona em per\u00edodo integral para os alunos do ensino m\u00e9dio, e meio per\u00edodo (manh\u00e3 ou tarde) para os estudantes do 6\u00b0 ao 9 ano.<\/p>\n<p>A reestrutura\u00e7\u00e3o da Rede Estadual de Ensino \u00e9 uma das prioridades gest\u00e3o estadual, que promove obras, amplia\u00e7\u00f5es e interven\u00e7\u00f5es em todas as regi\u00f5es do Estado. Mais de 70% das unidades j\u00e1 foram reformadas.<\/p>\n<p>\u201cTornar as escolas modernas e acess\u00edveis sempre esteve entre as nossas prioridades. Construir um ambiente adequado para melhorar o ensino, refletindo nos \u00edndices positivos da educa\u00e7\u00e3o\u201d, descreveu Riedel.<\/p>\n<p>A infraestrutura urbana tamb\u00e9m foi contemplada. Foram entregues obras de recapeamento e restaura\u00e7\u00e3o em diversas ruas da cidade. Este investimento faz parte do programa MS Ativo, em que o governador ouve as principais demandas e prioridades dos munic\u00edpios para que as obras contemplem diretamente o cidad\u00e3o. S\u00e3o R$ 3,4 milh\u00f5es em obras de 31 vias urbanas.<\/p>\n<p><strong>Supervis\u00e3o<\/strong><\/p>\n<p>Aproveitando a agenda em Rochedo, o governador aproveitou para supervisionar obras importantes que est\u00e3o em andamento na cidade. Entre elas a pavimenta\u00e7\u00e3o e drenagem de diversas ruas, que somam R$ 7 milh\u00f5es de Investimento que transformam a vida do cidad\u00e3o, que n\u00e3o precisa mais lidar com poeira e barro em dias de chuva. Tamb\u00e9m vistoriou as obras de reforma e amplia\u00e7\u00e3o do Centro de Educa\u00e7\u00e3o Especializada e da Secretaria de Educa\u00e7\u00e3o da cidade. Obra de R$ 2,3 milh\u00f5es.<\/p>\n<p><em>Leonardo Rocha, Comunica\u00e7\u00e3o do Governo de MS<\/em><br \/><em>Fotos: Saul Schramm<\/em><\/p>\n<\/div>\n","protected":false},"excerpt":{"rendered":"<p>Infraestrutura e educa\u00e7\u00e3o de qualidade. Com este objetivo o governador Eduardo Riedel entregou obras que v\u00e3o melhorar a vida dos<\/p>\n","protected":false},"author":2,"featured_media":0,"comment_status":"","ping_status":"","sticky":false,"template":"","format":"standard","meta":{"colormag_page_container_layout":"default_layout","colormag_page_sidebar_layout":"default_layout","footnotes":""},"categories":[1],"tags":[],"class_list":["post-59971","post","type-post","status-publish","format-standard","hentry","category-ejornais"],"aioseo_notices":[],"amp_enabled":true,"_links":{"self":[{"href":"https:\/\/ejornais.com.br\/index.php\/wp-json\/wp\/v2\/posts\/59971","targetHints":{"allow":["GET"]}}],"collection":[{"href":"https:\/\/ejornais.com.br\/index.php\/wp-json\/wp\/v2\/posts"}],"about":[{"href":"https:\/\/ejornais.com.br\/index.php\/wp-json\/wp\/v2\/types\/post"}],"author":[{"embeddable":true,"href":"https:\/\/ejornais.com.br\/index.php\/wp-json\/wp\/v2\/users\/2"}],"replies":[{"embeddable":true,"href":"https:\/\/ejornais.com.br\/index.php\/wp-json\/wp\/v2\/comments?post=59971"}],"version-history":[{"count":0,"href":"https:\/\/ejornais.com.br\/index.php\/wp-json\/wp\/v2\/posts\/59971\/revisions"}],"wp:attachment":[{"href":"https:\/\/ejornais.com.br\/index.php\/wp-json\/wp\/v2\/media?parent=59971"}],"wp:term":[{"taxonomy":"category","embeddable":true,"href":"https:\/\/ejornais.com.br\/index.php\/wp-json\/wp\/v2\/categories?post=59971"},{"taxonomy":"post_tag","embeddable":true,"href":"https:\/\/ejornais.com.br\/index.php\/wp-json\/wp\/v2\/tags?post=59971"}],"curies":[{"name":"wp","href":"https:\/\/api.w.org\/{rel}","templated":true}]}}