{"id":60155,"date":"2026-02-04T08:01:00","date_gmt":"2026-02-04T11:01:00","guid":{"rendered":"https:\/\/ejornais.com.br\/index.php\/2026\/02\/04\/parque-das-tres-ruas-tem-programacao-de-carnaval-e-se-firma-como-polo-cultural-das-previas-na-zona-sul\/"},"modified":"2026-02-04T08:01:00","modified_gmt":"2026-02-04T11:01:00","slug":"parque-das-tres-ruas-tem-programacao-de-carnaval-e-se-firma-como-polo-cultural-das-previas-na-zona-sul","status":"publish","type":"post","link":"https:\/\/ejornais.com.br\/index.php\/2026\/02\/04\/parque-das-tres-ruas-tem-programacao-de-carnaval-e-se-firma-como-polo-cultural-das-previas-na-zona-sul\/","title":{"rendered":"Parque das Tr\u00eas Ruas tem programa\u00e7\u00e3o de Carnaval e se firma como polo cultural das pr\u00e9vias na Zona Sul"},"content":{"rendered":"<p><\/p>\n<div>\n<p>Ax\u00e9, frevo, orquestras, ala ursa e atra\u00e7\u00f5es que atravessam gera\u00e7\u00f5es v\u00e3o marcar as pr\u00e9vias carnavalescas da Zona Sul de Jo\u00e3o Pessoa no Parque Linear das Tr\u00eas Ruas, no Banc\u00e1rios. O espa\u00e7o ser\u00e1 palco dos desfiles de blocos tradicionais e independentes, reunindo artistas como Tatau (ex-Araketu), Yuri Carvalho, Kennedy Costa, al\u00e9m de orquestras de frevo e manifesta\u00e7\u00f5es da cultura popular. A programa\u00e7\u00e3o faz parte do Carnaval Multicultural da Capital, que \u00e9 organizado pela Funda\u00e7\u00e3o Cultural de Jo\u00e3o Pessoa (Funjope). Os desfilem dos blocos no Parque das Tr\u00eas Ruas acontecem no pr\u00f3ximo s\u00e1bado (7) e ter\u00e7a-feira (10).<\/p>\n<figure class=\"wp-block-gallery has-nested-images columns-default is-cropped wp-block-gallery-1 is-layout-flex wp-block-gallery-is-layout-flex\">\n<figure class=\"wp-block-image size-large\"><\/figure>\n<figure class=\"wp-block-image size-large\"><\/figure>\n<\/figure>\n<p>Gerido pelo Comit\u00ea Gestor do Parque Linear das Tr\u00eas Ruas, por meio da Secretaria de Meio Ambiente de Jo\u00e3o Pessoa (Semam), o parque vem se consolidando como um dos principais equipamentos p\u00fablicos de lazer, conviv\u00eancia e difus\u00e3o cultural da Capital. Ao longo do ano, o local recebe eventos musicais, art\u00edsticos e culturais, fortalecendo o v\u00ednculo da comunidade com o espa\u00e7o urbano.<\/p>\n<p>Segundo o presidente do Comit\u00ea Gestor, Jo\u00e3o Eduardo Melo, o parque simboliza um novo modelo de ocupa\u00e7\u00e3o cultural da cidade. \u201cO Parque das Tr\u00eas Ruas \u00e9 hoje um grande s\u00edmbolo de transforma\u00e7\u00e3o. Ele se consolidou como um polo cultural, reunindo blocos de Carnaval, eventos musicais, art\u00edsticos e culturais durante todo o ano. \u00c9 um espa\u00e7o vivo, ocupado por fam\u00edlias e pela comunidade, que mostra como a cultura pode fortalecer o bairro, gerar pertencimento e transformar a cidade\u201d, afirmou.<\/p>\n<p><strong>Programa\u00e7\u00e3o<\/strong> \u2013 Entre os destaques da programa\u00e7\u00e3o est\u00e1 o bloco infantil \u2018Vem Cuidar de Mim\u2019, que chega a sua 13\u00aa edi\u00e7\u00e3o e abre as pr\u00e9vias da regi\u00e3o no s\u00e1bado (7), a partir das 17h. Com concentra\u00e7\u00e3o no Recanto das Crian\u00e7as, o bloco prop\u00f5e um Carnaval familiar, inclusivo e com forte compromisso social, reunindo foli\u00f5es de todas as idades em um ambiente seguro e acolhedor.<\/p>\n<p>A anima\u00e7\u00e3o ficar\u00e1 por conta do cantor Yuri Carvalho, al\u00e9m de Thais e Banda e uma orquestra de frevo. \u201cO bloco \u2018Vem Cuidar de Mim\u2019 nasce com a proposta de unir alegria, cuidado e responsabilidade social. Mais do que um desfile, ele \u00e9 um espa\u00e7o de encontro das fam\u00edlias, das crian\u00e7as e da comunidade\u201d, destacou Jo\u00e3o Eduardo Melo, que tamb\u00e9m \u00e9 presidente do Instituto Vem Cuidar de Mim.<\/p>\n<figure class=\"wp-block-gallery has-nested-images columns-default is-cropped wp-block-gallery-2 is-layout-flex wp-block-gallery-is-layout-flex\">\n<figure class=\"wp-block-image size-large\"><\/figure>\n<figure class=\"wp-block-image size-large\"><\/figure>\n<\/figure>\n<p>Na ter\u00e7a-feira (10), o bloco Piratas dos Banc\u00e1rios retorna ao Parque das Tr\u00eas Ruas para seu segundo desfile consecutivo no local. Com 22 anos de hist\u00f3ria, a agremia\u00e7\u00e3o \u00e9 uma das mais tradicionais da Zona Sul e inicia sua concentra\u00e7\u00e3o \u00e0s 18h, com programa\u00e7\u00e3o at\u00e9 a meia-noite. A edi\u00e7\u00e3o de 2026 aposta no resgate do ax\u00e9 raiz, tendo como atra\u00e7\u00e3o principal o cantor Tatau, ex-vocalista do Araketu, al\u00e9m da Banda Locomotiva e orquestra de frevo.<\/p>\n<p>A organizadora do bloco, Leila Bezerra, relembra a origem da agremia\u00e7\u00e3o. \u201cO nosso bloco come\u00e7ou na Avenida Flamboyant, na frente do restaurante de Carlinhos. A ideia surgiu do meu pai com alguns amigos, que queriam comemorar o Carnaval ali. Mas o bloco cresceu, tomou uma propor\u00e7\u00e3o maior e decidimos lev\u00e1-lo para as Tr\u00eas Ruas\u201d, explicou.<\/p>\n<figure class=\"wp-block-gallery has-nested-images columns-default is-cropped wp-block-gallery-3 is-layout-flex wp-block-gallery-is-layout-flex\">\n<figure class=\"wp-block-image size-large\"><\/figure>\n<figure class=\"wp-block-image size-large\"><\/figure>\n<\/figure>\n<p>Tamb\u00e9m na ter\u00e7a (10), o bloco independente Ervas Cheirosas realiza seu quarto desfile, a partir das 19h, com concentra\u00e7\u00e3o no Restaurante Recanto Tr\u00eas Ruas. Criado em 2023, o bloco surgiu com a proposta de fortalecer a retomada do Carnaval de rua no bairro Banc\u00e1rios. De acordo com a fundadora, a antrop\u00f3loga e professora Jessyca Marins, a agremia\u00e7\u00e3o se consolidou como \u201csegura, democr\u00e1tica e multigeracional, reunindo foli\u00f5es de diferentes idades e valorizando a cultura popular local\u201d. A programa\u00e7\u00e3o inclui Kennedy Costa e Banda, homenageado e autor do hino do bloco, Orquestra de Frevo Para\u00edso Tropical, Ala Ursa Alegria de Panda, da comunidade S\u00e3o Rafael, e a Banda Tracundum, com expectativa de p\u00fablico em torno de 700 foli\u00f5es.<\/p>\n<p>A organiza\u00e7\u00e3o das pr\u00e9vias carnavalescas conta com a atua\u00e7\u00e3o da Associa\u00e7\u00e3o Folia de Rua. O diretor operacional da entidade, Jairo Pessoa, destacou o potencial cultural do parque. \u201cA gente v\u00ea com muita alegria e entusiasmo a revitaliza\u00e7\u00e3o daquela regi\u00e3o das Tr\u00eas Ruas, transformada em um parque linear bel\u00edssimo, que virou um local para manifesta\u00e7\u00f5es culturais. Estamos investindo nesse potencial, com apoio aos blocos, com um dos mais tradicionais, o Piratas dos Banc\u00e1rios, trazendo o cantor Tatau para animar a festa e abrilhantar o nosso Carnaval\u201d, afirmou.<\/p>\n<p><strong>Servi\u00e7o<\/strong>:<\/p>\n<p><strong>Pr\u00e9vias do Carnaval no Parque Linear das Tr\u00eas Ruas \u2013 Banc\u00e1rios<\/strong><\/p>\n<p>Endere\u00e7o: Rua Banc\u00e1rio Waldemar de Mesquita Accioly \u2013 Zona Sul<\/p>\n<p><strong>S\u00e1bado (7)<\/strong><\/p>\n<p>Vem Cuidar de Mim \u2013 17h<\/p>\n<p>Concentra\u00e7\u00e3o: Recanto das Crian\u00e7as<\/p>\n<p>Atra\u00e7\u00f5es: Yuri Carvalho (Ax\u00e9 do Yuri), Thais e Banda e orquestra de frevo<\/p>\n<p><strong>Ter\u00e7a-feira (10)<\/strong><\/p>\n<p>Piratas dos Banc\u00e1rios \u2013 18h<\/p>\n<p>Concentra\u00e7\u00e3o: Restaurante Donna Gra\u00e7a<\/p>\n<p>Atra\u00e7\u00f5es: Tatau (ex-Araketu), Banda Locomotiva e orquestra de frevo<\/p>\n<p>Ervas Cheirosas \u2013 19h<\/p>\n<p>Concentra\u00e7\u00e3o: Restaurante Recanto Tr\u00eas Ruas Atra\u00e7\u00f5es: Ala Ursa Alegria de Panda, Orquestra de Frevo Para\u00edso Tropical, Kennedy Costa e Banda, Banda Tracundum<\/p>\n<\/p><\/div>\n","protected":false},"excerpt":{"rendered":"<p>Ax\u00e9, frevo, orquestras, ala ursa e atra\u00e7\u00f5es que atravessam gera\u00e7\u00f5es v\u00e3o marcar as pr\u00e9vias carnavalescas da Zona Sul de Jo\u00e3o<\/p>\n","protected":false},"author":2,"featured_media":0,"comment_status":"","ping_status":"","sticky":false,"template":"","format":"standard","meta":{"colormag_page_container_layout":"default_layout","colormag_page_sidebar_layout":"default_layout","footnotes":""},"categories":[1],"tags":[],"class_list":["post-60155","post","type-post","status-publish","format-standard","hentry","category-ejornais"],"aioseo_notices":[],"amp_enabled":true,"_links":{"self":[{"href":"https:\/\/ejornais.com.br\/index.php\/wp-json\/wp\/v2\/posts\/60155","targetHints":{"allow":["GET"]}}],"collection":[{"href":"https:\/\/ejornais.com.br\/index.php\/wp-json\/wp\/v2\/posts"}],"about":[{"href":"https:\/\/ejornais.com.br\/index.php\/wp-json\/wp\/v2\/types\/post"}],"author":[{"embeddable":true,"href":"https:\/\/ejornais.com.br\/index.php\/wp-json\/wp\/v2\/users\/2"}],"replies":[{"embeddable":true,"href":"https:\/\/ejornais.com.br\/index.php\/wp-json\/wp\/v2\/comments?post=60155"}],"version-history":[{"count":0,"href":"https:\/\/ejornais.com.br\/index.php\/wp-json\/wp\/v2\/posts\/60155\/revisions"}],"wp:attachment":[{"href":"https:\/\/ejornais.com.br\/index.php\/wp-json\/wp\/v2\/media?parent=60155"}],"wp:term":[{"taxonomy":"category","embeddable":true,"href":"https:\/\/ejornais.com.br\/index.php\/wp-json\/wp\/v2\/categories?post=60155"},{"taxonomy":"post_tag","embeddable":true,"href":"https:\/\/ejornais.com.br\/index.php\/wp-json\/wp\/v2\/tags?post=60155"}],"curies":[{"name":"wp","href":"https:\/\/api.w.org\/{rel}","templated":true}]}}