{"id":60247,"date":"2026-02-05T16:35:10","date_gmt":"2026-02-05T19:35:10","guid":{"rendered":"https:\/\/ejornais.com.br\/index.php\/2026\/02\/05\/solange-couto-passa-mal-apos-noite-tensa-no-bbb26-e-aciona-producao-da-globo-e-deixa-o-bbb26-tenso\/"},"modified":"2026-02-05T16:35:10","modified_gmt":"2026-02-05T19:35:10","slug":"solange-couto-passa-mal-apos-noite-tensa-no-bbb26-e-aciona-producao-da-globo-e-deixa-o-bbb26-tenso","status":"publish","type":"post","link":"https:\/\/ejornais.com.br\/index.php\/2026\/02\/05\/solange-couto-passa-mal-apos-noite-tensa-no-bbb26-e-aciona-producao-da-globo-e-deixa-o-bbb26-tenso\/","title":{"rendered":"Solange Couto passa mal ap\u00f3s noite tensa no BBB26 e aciona produ\u00e7\u00e3o da Globo e Deixa o BBB26 TENSO"},"content":{"rendered":"<p> Por MRNews<br \/>\n<\/p>\n<div wp_automatic_readability=\"397.44359892569\">\n<h2>Solange Couto passa mal ap\u00f3s noite tensa no BBB26 e aciona produ\u00e7\u00e3o da Globo<\/h2>\n<p>A madrugada desta ter\u00e7a-feira (3) foi marcada por preocupa\u00e7\u00e3o dentro da casa do <strong>BBB26<\/strong>. Ap\u00f3s uma noite intensa de discuss\u00f5es motivadas pelo Sincer\u00e3o, <strong>Solange Couto<\/strong> apresentou um forte mal-estar e precisou pedir ajuda \u00e0 produ\u00e7\u00e3o do reality show exibido pela Globo.<\/p>\n<p>A atriz, que integra o grupo Camarote, come\u00e7ou a se sentir mal enquanto descansava e acabou vomitando diversas vezes seguidas. Diante da situa\u00e7\u00e3o, os colegas de confinamento se mobilizaram rapidamente para ajud\u00e1-la, e a produ\u00e7\u00e3o foi acionada.<\/p>\n<h3>Sintomas levantaram suspeita de infec\u00e7\u00e3o<\/h3>\n<p>As c\u00e2meras do Globoplay, que transmitem o programa 24 horas por dia, registraram o momento em que Solange demonstrou dores e desconforto. Em conversa com outros participantes, a atriz relatou sintomas como <strong>queima\u00e7\u00e3o na regi\u00e3o da bexiga<\/strong>, al\u00e9m de n\u00e1useas intensas, o que levantou a suspeita de uma poss\u00edvel <strong>infec\u00e7\u00e3o urin\u00e1ria<\/strong>.<\/p>\n<p>O brother <strong>Marcelo Alves<\/strong>, que \u00e9 m\u00e9dico, foi um dos primeiros a prestar aux\u00edlio \u00e0 artista. Ele sugeriu que Solange procurasse imediatamente a produ\u00e7\u00e3o do programa para receber atendimento adequado.<\/p>\n<p><strong><a href=\"https:\/\/mrnews.com.br\/index.php\/2026\/02\/05\/dino-manda-suspender-pagamento-de-penduricalhos-nos-tres-poderes\/\">Dino manda suspender pagamento de penduricalhos nos Tr\u00eas Poderes<\/a><\/strong><\/p>\n<p><strong><a href=\"https:\/\/mrnews.com.br\/index.php\/2026\/02\/05\/brasil-atinge-recorde-de-feminicidios-em-2025-quatro-mortes-por-dia\/\">Brasil atinge recorde de feminic\u00eddios em 2025: quatro mortes por dia<\/a><\/strong><\/p>\n<h3>Atendimento no confession\u00e1rio<\/h3>\n<p>Ap\u00f3s chamar a equipe do BBB26, Solange Couto foi levada ao confession\u00e1rio, onde recebeu atendimento inicial. Poucos minutos depois, ela retornou \u00e0 casa e explicou aos colegas que a produ\u00e7\u00e3o perguntou se ela gostaria de conversar com a m\u00e9dica do programa e se desejava tomar algum medicamento.<\/p>\n<p>Segundo a pr\u00f3pria atriz, naquele momento ela se sentia um pouco melhor, mas precisava se hidratar para controlar os enjoos. A postura da produ\u00e7\u00e3o, que deixou a decis\u00e3o sobre o atendimento m\u00e9dico nas m\u00e3os da participante, chamou a aten\u00e7\u00e3o de alguns confinados.<\/p>\n<h3>Situa\u00e7\u00e3o segue sob observa\u00e7\u00e3o<\/h3>\n<p>Solange voltou para a casa e permaneceu sob observa\u00e7\u00e3o dos colegas e da produ\u00e7\u00e3o. At\u00e9 o momento, n\u00e3o houve divulga\u00e7\u00e3o oficial sobre a realiza\u00e7\u00e3o de exames mais detalhados ou sobre o uso de medica\u00e7\u00e3o espec\u00edfica.<\/p>\n<p>O epis\u00f3dio gerou preocupa\u00e7\u00e3o entre os f\u00e3s do reality, especialmente por acontecer logo ap\u00f3s uma noite marcada por estresse emocional dentro do jogo. Nas redes sociais, o p\u00fablico comentou o impacto da press\u00e3o psicol\u00f3gica do BBB26 na sa\u00fade dos participantes.<\/p>\n<p><strong><a href=\"https:\/\/mrnews.com.br\/index.php\/2026\/02\/05\/anvisa-e-mpf-assinam-acordo-para-combater-cigarros-eletronicos\/\">Anvisa e MPF assinam acordo para combater cigarros eletr\u00f4nicos<\/a><\/strong><\/p>\n<p><strong><a href=\"https:\/\/mrnews.com.br\/index.php\/2026\/02\/05\/mais-da-metade-dos-negocios-em-favelas-foi-aberta-a-partir-da-pandemia\/\">Mais da metade dos neg\u00f3cios em favelas foi aberta a partir da pandemia<\/a><\/strong><\/p>\n<hr\/>\n<p><strong>Tags:<\/strong> BBB26, Solange Couto, Reality Show, Globo, Sa\u00fade no BBB<\/p>\n<p>\u00a0<\/p>\n<h2>Coment\u00e1rio de Caio Castro em foto da filha de Giovanna Ewbank gera pol\u00eamica nas redes sociais<\/h2>\n<p>Uma publica\u00e7\u00e3o feita por <strong>Giovanna Ewbank<\/strong> nas redes sociais acabou se transformando em motivo de pol\u00eamica ap\u00f3s um coment\u00e1rio feito pelo ator <strong>Caio Castro<\/strong>. A situa\u00e7\u00e3o ocorreu depois que a atriz compartilhou uma foto da filha, <strong>Titi<\/strong>, exibindo um novo visual, com o cabelo pintado de roxo, o que encantou f\u00e3s e seguidores.<\/p>\n<p>Giovanna, que junto com <strong>Bruno Gagliasso<\/strong> \u00e9 amplamente elogiada pela ado\u00e7\u00e3o de Titi e de seu irm\u00e3o, costuma dividir momentos da rotina familiar com o p\u00fablico. Na legenda da imagem, a atriz demonstrou emo\u00e7\u00e3o com a mudan\u00e7a no visual da filha e recebeu uma enxurrada de coment\u00e1rios positivos, ultrapassando rapidamente centenas de milhares de curtidas.<\/p>\n<h3>Coment\u00e1rio gera rea\u00e7\u00e3o negativa<\/h3>\n<p>Entre as in\u00fameras mensagens de carinho, um coment\u00e1rio espec\u00edfico acabou chamando aten\u00e7\u00e3o de forma negativa. Caio Castro, colega de profiss\u00e3o de Giovanna, fez uma observa\u00e7\u00e3o considerada inadequada por parte do p\u00fablico, o que gerou cr\u00edticas imediatas nos coment\u00e1rios da publica\u00e7\u00e3o.<\/p>\n<p>Seguidores passaram a questionar o teor da fala, especialmente por se tratar de uma foto envolvendo uma crian\u00e7a. Coment\u00e1rios como \u201cdesnecess\u00e1rio\u201d e \u201csem sentido\u201d surgiram em resposta \u00e0 atitude do ator, aumentando rapidamente a repercuss\u00e3o do caso.<\/p>\n<p>Diante da rea\u00e7\u00e3o negativa, Caio Castro apagou o coment\u00e1rio pouco tempo depois. No entanto, ele n\u00e3o chegou a se pronunciar oficialmente sobre o ocorrido ou a esclarecer suas inten\u00e7\u00f5es.<\/p>\n<h3>P\u00fablico dividido nas redes sociais<\/h3>\n<p>Apesar das cr\u00edticas, parte dos internautas saiu em defesa do ator, alegando que o coment\u00e1rio teria sido mal interpretado e que n\u00e3o houve inten\u00e7\u00e3o ofensiva. Segundo essa parcela do p\u00fablico, a fala poderia ter sido uma tentativa de brincadeira relacionada \u00e0 beleza e ao estilo marcante de Titi, que j\u00e1 \u00e9 bastante admirada pelos seguidores da fam\u00edlia.<\/p>\n<p>Ainda assim, o epis\u00f3dio reacendeu o debate sobre os limites do humor nas redes sociais, especialmente quando envolve crian\u00e7as e figuras p\u00fablicas.<\/p>\n<h3>Fam\u00edlia em fase especial<\/h3>\n<p>Enquanto a pol\u00eamica repercutia, Giovanna Ewbank seguia compartilhando momentos importantes de sua vida pessoal. Na \u00e9poca, a atriz vivia a expectativa da chegada de mais um filho, fruto de sua rela\u00e7\u00e3o com Bruno Gagliasso, o que aumentou ainda mais o engajamento dos f\u00e3s com a fam\u00edlia.<\/p>\n<p>O casal, conhecido por levantar debates importantes sobre ado\u00e7\u00e3o, diversidade e respeito, continuou recebendo apoio do p\u00fablico, que destacou a forma carinhosa e transparente com que eles lidam com a exposi\u00e7\u00e3o nas redes sociais.<\/p>\n<hr\/>\n<p><strong>Tags:<\/strong> famosos, Giovanna Ewbank, Caio Castro, redes sociais, pol\u00eamica, celebridades<\/p>\n<p>Se quiser, posso <strong>adaptar o texto para SEO<\/strong>, reduzir para vers\u00e3o mais curta ou ajustar ao <strong>padr\u00e3o editorial do seu site<\/strong>.<\/p>\n<h4><strong>Caio Castro fez coment\u00e1rio pol\u00eamico em foto da filha de Gio Ewbank e precisou apagar \u00e0s pressas; f\u00e3s reagiram<\/strong><\/h4>\n<p>A repercuss\u00e3o nas redes sociais pegou muita gente de surpresa quando, anos atr\u00e1s, <strong>Caio Castro<\/strong> acabou se envolvendo em uma situa\u00e7\u00e3o delicada ap\u00f3s comentar em uma foto da filha de <strong>Giovanna Ewbank<\/strong>. O coment\u00e1rio foi rapidamente interpretado como inadequado por parte dos internautas e o ator optou por <strong>apagar a mensagem pouco depois<\/strong>.<\/p>\n<p>PUBLICIDADE<\/p>\n<p>Na \u00e9poca, Giovanna havia compartilhado nas redes sociais uma foto de <strong>Titi<\/strong> com os cabelos tingidos de roxo, exibindo o novo visual da menina. \u201cAi meu cora\u00e7\u00e3o\u201d, escreveu a apresentadora ao postar o registro. A imagem logo se espalhou pelas redes e recebeu milhares de curtidas e elogios ao estilo da filha.<\/p>\n<p>No entanto, um coment\u00e1rio acabou destoando do restante. Na ocasi\u00e3o, Caio Castro deixou uma mensagem que, para alguns internautas, soou confusa e sem sentido em rela\u00e7\u00e3o \u00e0 foto. Isso bastou para que a publica\u00e7\u00e3o ganhasse grande repercuss\u00e3o.<\/p>\n<h2><strong>Rea\u00e7\u00e3o dos f\u00e3s e cr\u00edticas ao ator<\/strong><\/h2>\n<p>Assim que o coment\u00e1rio de Caio apareceu entre as intera\u00e7\u00f5es, usu\u00e1rios das redes come\u00e7aram a questionar o sentido da frase e <strong>muitos criticaram o ator<\/strong>, alegando que a mensagem havia sido inadequada, j\u00e1 que se tratava de uma foto de uma crian\u00e7a.<\/p>\n<p>PUBLICIDADE<\/p>\n<p>Coment\u00e1rios como <strong>\u201cDesnecess\u00e1rio\u201d<\/strong>, <strong>\u201cN\u00e3o entendi a piada\u201d<\/strong> e <strong>\u201cP\u00e9ssimo momento para brincadeira\u201d<\/strong> surgiram rapidamente. Por conta da repercuss\u00e3o negativa, Caio Castro <strong>apagou o coment\u00e1rio<\/strong> pouco depois, mas n\u00e3o chegou a fazer um pronunciamento p\u00fablico sobre o ocorrido naquela ocasi\u00e3o.<\/p>\n<p>Apesar da confus\u00e3o, alguns f\u00e3s tentaram defender o ator, afirmando que a inten\u00e7\u00e3o poderia ter sido apenas bem-humorada, mas mal interpretada devido ao contexto. Ainda assim, o epis\u00f3dio gerou intenso debate sobre <strong>limites de humor<\/strong>, principalmente quando envolve crian\u00e7as.<\/p>\n<h2><strong>Fam\u00edlia Ewbank seguiu compartilhando momentos<\/strong><\/h2>\n<p>Enquanto isso, Giovanna e <strong>Bruno Gagliasso<\/strong> continuaram mostrando momentos da fam\u00edlia nas redes. Na \u00e9poca, a atriz tamb\u00e9m estava gr\u00e1vida de seu terceiro filho, o que trouxe ainda mais carinho dos seguidores do casal.<\/p>\n<p>PUBLICIDADE<\/p>\n<p>A ado\u00e7\u00e3o de Titi e de seu irm\u00e3o, anos antes, j\u00e1 havia emocionado o p\u00fablico e a fam\u00edlia sempre recebeu mensagens de apoio pela forma afetuosa com que conduziu a cria\u00e7\u00e3o das crian\u00e7as.<\/p>\n<hr\/>\n<p>Se quiser, posso agora:<\/p>\n<p>\u2705 <strong>Ajustar o t\u00edtulo para ficar ainda mais impactante<\/strong><br \/>\u2705 <strong>Adicionar tags e SEO<\/strong> (ex: <em>Caio Castro pol\u00eamica<\/em>, <em>Titi Ewbank<\/em>, <em>celebridades<\/em>)<br \/>\u2705 <strong>Adaptar para MRNews \/ TV Prime \/ Overtube \/ Observat\u00f3rio<\/strong> dependendo do site que voc\u00ea quiser publicar<\/p>\n<p>S\u00f3 dizer!<\/p>\n<h4>Ap\u00f3s recomenda\u00e7\u00e3o m\u00e9dica, Giovanna Ewbank muda visual da filha Titi e faz revela\u00e7\u00e3o inusitada<\/h4>\n<p>A atriz e apresentadora <strong>Giovanna Ewbank<\/strong> e o marido, o ator <strong>Bruno Gagliasso<\/strong>, voltaram a encantar os seguidores ao compartilharem momentos em fam\u00edlia ao lado da filha <strong>Titi<\/strong>, que \u00e9 sempre destaque nas redes sociais pelo carisma e estilo. Desta vez, o motivo da repercuss\u00e3o foi uma mudan\u00e7a no visual da menina, feita ap\u00f3s uma <strong>recomenda\u00e7\u00e3o m\u00e9dica<\/strong>.<\/p>\n<h3>Titi muda o visual por orienta\u00e7\u00e3o de dermatologista<\/h3>\n<p>Em publica\u00e7\u00f5es recentes, Giovanna contou que Titi precisou abandonar temporariamente as <strong>tran\u00e7as nag\u00f4<\/strong>, um penteado que ela adorava usar. Segundo a atriz, a decis\u00e3o foi tomada ap\u00f3s o <strong>dermatologista da menina<\/strong> perceber um enfraquecimento capilar na parte frontal do couro cabeludo. \u201cO m\u00e9dico recomendou dar um tempo nas tran\u00e7as para fortalecer o cabelo\u201d, explicou Gio, que sempre demonstra cuidado e aten\u00e7\u00e3o com a sa\u00fade da filha.<\/p>\n<p>Apesar da mudan\u00e7a, Titi continua mostrando personalidade e estilo. A menina, que desde pequena demonstra amor pela moda, \u00e9 quem costuma escolher o que vestir e como quer se apresentar.<\/p>\n<h3>Titi demonstra autonomia e inspira\u00e7\u00e3o em mulheres negras<\/h3>\n<p>Giovanna Ewbank tamb\u00e9m revelou um detalhe curioso: a filha, mesmo com apenas cinco anos, j\u00e1 tem prefer\u00eancias bem definidas. \u201cEla mesma escolheu as tran\u00e7as quando quis colocar, e agora tamb\u00e9m participa das decis\u00f5es sobre o cabelo\u201d, contou.<\/p>\n<p>A apresentadora destacou ainda que faz quest\u00e3o de <strong>mostrar refer\u00eancias de mulheres negras<\/strong> \u2014 tanto brasileiras quanto internacionais \u2014 para que a filha cres\u00e7a com orgulho de sua identidade. \u201cMostro mulheres incr\u00edveis, fortes e lindas, para que ela se inspire e veja como \u00e9 importante se reconhecer e se amar como \u00e9\u201d, afirmou.<\/p>\n<h3>Bruno Gagliasso compartilha lembran\u00e7a emocionante<\/h3>\n<p>Enquanto isso, Bruno Gagliasso emocionou os f\u00e3s ao publicar uma foto antiga com Titi ainda beb\u00ea, tirada na <strong>\u00c1frica<\/strong>, onde o casal conheceu a filha. O registro comoveu os seguidores, que destacaram o quanto a menina cresceu e o amor evidente entre pai e filha.<\/p>\n<p>A fam\u00edlia Ewbank-Gagliasso segue como uma das mais queridas do pa\u00eds, sempre transmitindo mensagens de amor, diversidade e respeito. Mesmo com o cuidado m\u00e9dico que motivou a mudan\u00e7a no visual, Titi continua sendo um \u00edcone mirim de autenticidade e representatividade.<\/p>\n<hr\/>\n<p><strong>Tags:<\/strong> Giovanna Ewbank, Bruno Gagliasso, Titi, fam\u00edlia, celebridades, TV e Famosos, 1News Brasil<br \/><strong>Fonte:<\/strong> mrnews.com.br<\/p>\n<h3><strong>Titi Gagliasso Receber\u00e1 Indeniza\u00e7\u00e3o de R$ 500 Mil por Ofensas Racistas<\/strong><\/h3>\n<p><a href=\"https:\/\/informa1.com.br\" target=\"_blank\" rel=\"noopener\">Titi Gagliasso<\/a>, filha dos famosos atores Bruno Gagliasso e <a href=\"https:\/\/vickys.com.br\" target=\"_blank\" rel=\"noopener\">Giovanna Ewbank<\/a>, ser\u00e1 indenizada em cerca de R$ 500 mil por ofensas racistas. A decis\u00e3o judicial, proferida pela Justi\u00e7a do Estado do Rio de Janeiro em fevereiro de 2024, condenou a influenciadora Day McCarthy por um v\u00eddeo de 2017, no qual ela chamou Titi de \u201cmacaca\u201d em uma postagem nas redes sociais.<\/p>\n<p>O valor fixado pela senten\u00e7a foi de R$ 180 mil, mas, com o acr\u00e9scimo de juros e corre\u00e7\u00e3o monet\u00e1ria, a indeniza\u00e7\u00e3o deve ultrapassar os R$ 500 mil. A influenciadora, conhecida por suas pol\u00eamicas envolvendo celebridades, n\u00e3o se conformou com a decis\u00e3o judicial e reagiu de maneira desrespeitosa. Em um v\u00eddeo publicado nas redes sociais, ela debochou da a\u00e7\u00e3o da Justi\u00e7a Brasileira e proferiu palavras ofensivas contra o juiz respons\u00e1vel pelo caso, Leonardo Grandmasson Ferreira Chaves.<\/p>\n<p>\u201cEstou condenada na esfera c\u00edvel e n\u00e3o tenho nada a dizer, pois eu mandei at\u00e9 o juiz se f*der, pois eu n\u00e3o devo nada a voc\u00eas. Estou escrevendo uns raps maneiros para voc\u00eas, semana que vem eu vou gravar\u201d, disse Day McCarthy em seu v\u00eddeo.<\/p>\n<p>A influenciadora, que reside nos Estados Unidos, ficou conhecida por suas atitudes controversas nas redes sociais e j\u00e1 se envolveu em diversas pol\u00eamicas. No entanto, ela n\u00e3o foi localizada para ser intimada durante o processo movido por Bruno Gagliasso e Giovanna Ewbank. Por isso, a cita\u00e7\u00e3o foi feita por edital.<\/p>\n<p>Day McCarthy ainda tem o direito de recorrer da senten\u00e7a, embora tenha optado por n\u00e3o se defender perante o tribunal durante a decis\u00e3o inicial. O processo \u00e9 um reflexo das cont\u00ednuas batalhas contra o racismo e de como a Justi\u00e7a busca responsabilizar aqueles que praticam crimes dessa natureza.<\/p>\n<p>Essa senten\u00e7a \u00e9 uma vit\u00f3ria importante na luta contra o racismo, especialmente para figuras p\u00fablicas como Titi Gagliasso, que, infelizmente, tamb\u00e9m s\u00e3o alvo de ataques racistas nas redes sociais.<\/p>\n<p><strong>Quem \u00e9 a Juma de \u2018Pantanal\u2019 no The Masked Singer 2025? Ex-\u2018BBB\u2019 levanta suspeitas de participa\u00e7\u00e3o no programa<\/strong><\/p>\n<p>No programa <em>The Masked Singer Brasil<\/em>, houve uma grande especula\u00e7\u00e3o de que a cantora Pocah estivesse por tr\u00e1s da fantasia de Juma Marru\u00e1. Durante a competi\u00e7\u00e3o, a personagem de Juma foi uma das mais comentadas, e algumas pistas deram a entender que poderia ser Pocah, o que gerou bastante curiosidade entre os telespectadores.<\/p>\n<p>No entanto, ao final da temporada, foi revelado que a pessoa por tr\u00e1s da m\u00e1scara de Juma Marru\u00e1 ser\u00e1, de fato, a pr\u00f3pria <strong>Pocah<\/strong>. A revela\u00e7\u00e3o causou surpresa, pois ela tinha mantido sua identidade em segredo durante todas as apresenta\u00e7\u00f5es no programa.<\/p>\n<p>O <strong>The Masked Singer Brasil 2025<\/strong> segue movimentando as redes sociais e a curiosidade dos telespectadores. A competi\u00e7\u00e3o de celebridades mascaradas trouxe personagens inspirados em grandes novelas da TV Globo, e entre eles est\u00e1 a <strong>Juma<\/strong> de <em>Pantanal<\/em>, uma das figuras mais aguardadas da temporada. Durante a exibi\u00e7\u00e3o do programa no dia 26 de janeiro, a personagem deixou uma pista curiosa: ela revelou que gosta de dormir, o que gerou especula\u00e7\u00f5es nas redes sociais sobre sua identidade.<\/p>\n<p>Entre os palpites mais comentados, o nome de <strong>Pocah<\/strong>, cantora e ex-participante do <em>Big Brother Brasil 21<\/em>, ganhou for\u00e7a. A voz e o comportamento de Juma durante a performance musical levantaram suspeitas de que a artista pudesse estar por tr\u00e1s da m\u00e1scara. F\u00e3s do programa acreditam que, al\u00e9m da pista do sono, a performance de Pocah durante a apresenta\u00e7\u00e3o tenha sido um forte indicativo de sua participa\u00e7\u00e3o.<\/p>\n<p>As especula\u00e7\u00f5es sobre a identidade de Juma t\u00eam gerado discuss\u00f5es acaloradas nas redes sociais, com muitos f\u00e3s apostando na ex-BBB como a artista mascarada. A expectativa para a revela\u00e7\u00e3o oficial promete continuar, j\u00e1 que o mist\u00e9rio sobre os mascarados de <em>The Masked Singer Brasil 5<\/em> tem sido uma das maiores atra\u00e7\u00f5es desta temporada.<\/p>\n<p>Em breve, o p\u00fablico descobrir\u00e1 se Pocah realmente \u00e9 a Juma ou se h\u00e1 outras surpresas por tr\u00e1s da fantasia. A cada epis\u00f3dio, o programa mant\u00e9m os telespectadores em suspense, com performances energ\u00e9ticas e uma boa dose de mist\u00e9rio, acompanhadas por um painel de jurados composto por Eliana, Tony Ramos, Belo, Tata Werneck e Sabrina Sato. O reality show, que continua a ser um grande sucesso, ainda tem muitas revela\u00e7\u00f5es pela frente.<\/p>\n<p>\u00a0<\/p>\n<p><!-- CONTENT END 3 --><\/p><\/div>\n","protected":false},"excerpt":{"rendered":"<p>Por MRNews Solange Couto passa mal ap\u00f3s noite tensa no BBB26 e aciona produ\u00e7\u00e3o da Globo A madrugada desta ter\u00e7a-feira<\/p>\n","protected":false},"author":2,"featured_media":0,"comment_status":"","ping_status":"","sticky":false,"template":"","format":"standard","meta":{"colormag_page_container_layout":"default_layout","colormag_page_sidebar_layout":"default_layout","footnotes":""},"categories":[1],"tags":[],"class_list":["post-60247","post","type-post","status-publish","format-standard","hentry","category-ejornais"],"aioseo_notices":[],"amp_enabled":true,"_links":{"self":[{"href":"https:\/\/ejornais.com.br\/index.php\/wp-json\/wp\/v2\/posts\/60247","targetHints":{"allow":["GET"]}}],"collection":[{"href":"https:\/\/ejornais.com.br\/index.php\/wp-json\/wp\/v2\/posts"}],"about":[{"href":"https:\/\/ejornais.com.br\/index.php\/wp-json\/wp\/v2\/types\/post"}],"author":[{"embeddable":true,"href":"https:\/\/ejornais.com.br\/index.php\/wp-json\/wp\/v2\/users\/2"}],"replies":[{"embeddable":true,"href":"https:\/\/ejornais.com.br\/index.php\/wp-json\/wp\/v2\/comments?post=60247"}],"version-history":[{"count":0,"href":"https:\/\/ejornais.com.br\/index.php\/wp-json\/wp\/v2\/posts\/60247\/revisions"}],"wp:attachment":[{"href":"https:\/\/ejornais.com.br\/index.php\/wp-json\/wp\/v2\/media?parent=60247"}],"wp:term":[{"taxonomy":"category","embeddable":true,"href":"https:\/\/ejornais.com.br\/index.php\/wp-json\/wp\/v2\/categories?post=60247"},{"taxonomy":"post_tag","embeddable":true,"href":"https:\/\/ejornais.com.br\/index.php\/wp-json\/wp\/v2\/tags?post=60247"}],"curies":[{"name":"wp","href":"https:\/\/api.w.org\/{rel}","templated":true}]}}