{"id":60400,"date":"2026-02-08T13:39:03","date_gmt":"2026-02-08T16:39:03","guid":{"rendered":"https:\/\/ejornais.com.br\/index.php\/2026\/02\/08\/servidores-municipais-reforca-doacoes-de-sangue-no-carnaval-cgnoticias\/"},"modified":"2026-02-08T13:39:03","modified_gmt":"2026-02-08T16:39:03","slug":"servidores-municipais-reforca-doacoes-de-sangue-no-carnaval-cgnoticias","status":"publish","type":"post","link":"https:\/\/ejornais.com.br\/index.php\/2026\/02\/08\/servidores-municipais-reforca-doacoes-de-sangue-no-carnaval-cgnoticias\/","title":{"rendered":"Servidores Municipais refor\u00e7a doa\u00e7\u00f5es de sangue no Carnaval \u2013 CGNot\u00edcias"},"content":{"rendered":"<p><\/p>\n<div>\n<p>A mobiliza\u00e7\u00e3o solid\u00e1ria \u201cBatucada do Bem\u201d que aconteceu neste final de semana integrou a programa\u00e7\u00e3o do Carnaval 2026 de Campo Grande e incentivou a doa\u00e7\u00e3o de sangue em um per\u00edodo cr\u00edtico para os estoques. A a\u00e7\u00e3o foi realizada no Hemosul por meio de parceria entre FAC, CGM e SEMU, mobilizando servidores e a popula\u00e7\u00e3o.<\/p>\n<p>A servidora M\u00e1rcia Giz Sanches da Silva, de 59 anos, participou pela primeira vez e destacou a experi\u00eancia. \u201cFoi a minha primeira vez, eu gostei muito e creio que vou continuar fazendo a doa\u00e7\u00e3o. A gente v\u00ea a necessidade das pessoas\u201d, afirmou.<\/p>\n<figure class=\"wp-block-gallery has-nested-images columns-default is-cropped wp-block-gallery-2 is-layout-flex wp-block-gallery-is-layout-flex\">\n<figure class=\"wp-block-image size-large\"><\/figure>\n<figure class=\"wp-block-image size-large\"><\/figure>\n<\/figure>\n<p>Doador h\u00e1 mais de 12 anos, Felipe do Prado Azevedo, de 33 anos, ressaltou a import\u00e2ncia da campanha no Carnaval. \u201cN\u00e3o custa nada fazer uma doa\u00e7\u00e3o e ajudar o pr\u00f3ximo\u201d, disse.<\/p>\n<p>J\u00e1 Jaime Henrique Marques de Melo, doador desde 2009, refor\u00e7ou: \u201cO sangue salva vidas e, se a gente pode contribuir, \u00e9 o m\u00ednimo que podemos fazer\u201d.<\/p>\n<p>A coordenadora do Hemosul, Marina Salvada Torres, explicou que o ideal \u00e9 atingir pelo menos 130 doa\u00e7\u00f5es di\u00e1rias, especialmente dos tipos O positivo e O negativo, que est\u00e3o em d\u00e9ficit.<\/p>\n<figure class=\"wp-block-image size-large\"><\/figure>\n<figure class=\"wp-block-gallery has-nested-images columns-default is-cropped wp-block-gallery-3 is-layout-flex wp-block-gallery-is-layout-flex\">\n<figure class=\"wp-block-image size-large\"><\/figure>\n<figure class=\"wp-block-image size-large\"><\/figure>\n<figure class=\"wp-block-image size-large\"><\/figure>\n<\/figure>\n<\/div>\n<p><script async defer async defer src=\"https:\/\/connect.facebook.net\/en_US\/sdk.js?ver=1#xfbml=1&amp;version=v3.2\" id=\"prefeitura-campogrande-script-facebook-sdk-js\"><\/script><\/p>\n","protected":false},"excerpt":{"rendered":"<p>A mobiliza\u00e7\u00e3o solid\u00e1ria \u201cBatucada do Bem\u201d que aconteceu neste final de semana integrou a programa\u00e7\u00e3o do Carnaval 2026 de Campo<\/p>\n","protected":false},"author":2,"featured_media":0,"comment_status":"","ping_status":"","sticky":false,"template":"","format":"standard","meta":{"colormag_page_container_layout":"default_layout","colormag_page_sidebar_layout":"default_layout","footnotes":""},"categories":[1],"tags":[],"class_list":["post-60400","post","type-post","status-publish","format-standard","hentry","category-ejornais"],"aioseo_notices":[],"amp_enabled":true,"_links":{"self":[{"href":"https:\/\/ejornais.com.br\/index.php\/wp-json\/wp\/v2\/posts\/60400","targetHints":{"allow":["GET"]}}],"collection":[{"href":"https:\/\/ejornais.com.br\/index.php\/wp-json\/wp\/v2\/posts"}],"about":[{"href":"https:\/\/ejornais.com.br\/index.php\/wp-json\/wp\/v2\/types\/post"}],"author":[{"embeddable":true,"href":"https:\/\/ejornais.com.br\/index.php\/wp-json\/wp\/v2\/users\/2"}],"replies":[{"embeddable":true,"href":"https:\/\/ejornais.com.br\/index.php\/wp-json\/wp\/v2\/comments?post=60400"}],"version-history":[{"count":0,"href":"https:\/\/ejornais.com.br\/index.php\/wp-json\/wp\/v2\/posts\/60400\/revisions"}],"wp:attachment":[{"href":"https:\/\/ejornais.com.br\/index.php\/wp-json\/wp\/v2\/media?parent=60400"}],"wp:term":[{"taxonomy":"category","embeddable":true,"href":"https:\/\/ejornais.com.br\/index.php\/wp-json\/wp\/v2\/categories?post=60400"},{"taxonomy":"post_tag","embeddable":true,"href":"https:\/\/ejornais.com.br\/index.php\/wp-json\/wp\/v2\/tags?post=60400"}],"curies":[{"name":"wp","href":"https:\/\/api.w.org\/{rel}","templated":true}]}}