{"id":60406,"date":"2026-02-08T17:11:47","date_gmt":"2026-02-08T20:11:47","guid":{"rendered":"https:\/\/ejornais.com.br\/index.php\/2026\/02\/08\/programa-humanizacao-acolhe-17-pessoas-em-situacao-de-rua-neste-sabado-7-agencia-de-noticias\/"},"modified":"2026-02-08T17:11:47","modified_gmt":"2026-02-08T20:11:47","slug":"programa-humanizacao-acolhe-17-pessoas-em-situacao-de-rua-neste-sabado-7-agencia-de-noticias","status":"publish","type":"post","link":"https:\/\/ejornais.com.br\/index.php\/2026\/02\/08\/programa-humanizacao-acolhe-17-pessoas-em-situacao-de-rua-neste-sabado-7-agencia-de-noticias\/","title":{"rendered":"Programa \u201cHumanizA\u00e7\u00e3o\u201d acolhe 17 pessoas em situa\u00e7\u00e3o de rua neste s\u00e1bado (7) \u2013 Ag\u00eancia de Not\u00edcias"},"content":{"rendered":"<p><\/p>\n<div>\n<div class=\"col\">\n<p class=\"mt-0\">\n                        <strong><br \/>\n                            <span class=\"far fa-calendar mr-1 mt-2\"\/><br \/>\n                            8 de fevereiro de 2026<br \/>\n                            <span class=\"far fa-clock ml-3 mt-2\"\/><br \/>\n                            13:47<br \/>\n                        <\/strong>\n                    <\/p>\n<p class=\"mb-0\">Por: <strong>Secom<\/strong><\/p>\n<\/p><\/div>\n<\/p><\/div>\n<div>\n<p>O programa \u201cHumanizA\u00e7\u00e3o\u201d realizou atendimentos a 38 pessoas em situa\u00e7\u00e3o de rua, ao longo deste s\u00e1bado (7), em diferentes pontos da cidade. Desse total, 17 aceitaram receber acolhimento na entidade Servi\u00e7o de Obras Sociais (SOS), onde s\u00e3o disponibilizados pernoite, alimenta\u00e7\u00e3o completa, roupas e toalhas, banho e cuidados de higiene.<\/p>\n<p>A iniciativa municipal \u00e9 promovida de forma integrada por equipes da Secretaria de Seguran\u00e7a Urbana (Sesu), Secretaria da Cidadania (Secid), com sua Coordenadoria de \u00c1lcool e Outras Drogas junto \u00e0 Divis\u00e3o de Pol\u00edtica para Pessoas em Situa\u00e7\u00e3o de Rua, al\u00e9m da Secretaria da Sa\u00fade (SES). Tamb\u00e9m conta com o importante aux\u00edlio da Guarda Civil Municipal (GCM), Secretaria de Rela\u00e7\u00f5es do Trabalho e Qualifica\u00e7\u00e3o Profissional (Sert), Secretaria de Servi\u00e7os P\u00fablicos e Obras (Serpo), Secretaria de Mobilidade (Semob) e Urbes \u2013 Tr\u00e2nsito e Transportes.<\/p>\n<p>Os sorocabanos podem sempre colaborar com o \u201cHumanizA\u00e7\u00e3o\u201d, informando os locais da cidade onde haja pessoas em situa\u00e7\u00e3o de rua necessitando de cuidados e acolhimento, assim como doando roupas, cobertores e alimentos. O contato pode ser feito pelo WhatsApp: (15) 99666-2636, 24h por dia, ou pelos telefones: (15) 3229-0777, do SOS; (15) 3212-6900, da Secretaria da Cidadania, e 153, da GCM.<\/p>\n<\/p><\/div>\n","protected":false},"excerpt":{"rendered":"<p>8 de fevereiro de 2026 13:47 Por: Secom O programa \u201cHumanizA\u00e7\u00e3o\u201d realizou atendimentos a 38 pessoas em situa\u00e7\u00e3o de rua,<\/p>\n","protected":false},"author":2,"featured_media":0,"comment_status":"","ping_status":"","sticky":false,"template":"","format":"standard","meta":{"colormag_page_container_layout":"default_layout","colormag_page_sidebar_layout":"default_layout","footnotes":""},"categories":[1],"tags":[],"class_list":["post-60406","post","type-post","status-publish","format-standard","hentry","category-ejornais"],"aioseo_notices":[],"aioseo_head":"\n\t\t<!-- All in One SEO 5.0.1.1 - aioseo.com -->\n\t<meta name=\"description\" content=\"8 de fevereiro de 2026 13:47 Por: Secom O programa \u201cHumanizA\u00e7\u00e3o\u201d realizou atendimentos a 38 pessoas em situa\u00e7\u00e3o de rua, ao longo deste s\u00e1bado (7), em diferentes pontos da cidade. Desse total, 17 aceitaram receber acolhimento na entidade Servi\u00e7o de Obras Sociais (SOS), onde s\u00e3o disponibilizados pernoite, alimenta\u00e7\u00e3o completa, roupas e toalhas, banho e cuidados\" \/>\n\t<meta name=\"robots\" content=\"max-image-preview:large\" \/>\n\t<meta name=\"author\" content=\"admin1\"\/>\n\t<link rel=\"canonical\" href=\"https:\/\/ejornais.com.br\/index.php\/2026\/02\/08\/programa-humanizacao-acolhe-17-pessoas-em-situacao-de-rua-neste-sabado-7-agencia-de-noticias\/\" \/>\n\t<meta name=\"generator\" content=\"All in One SEO (AIOSEO) 5.0.1.1\" \/>\n\t\t<meta property=\"og:locale\" content=\"pt_BR\" \/>\n\t\t<meta property=\"og:site_name\" content=\"eJornais - Cat\u00e1logo de Jornais no mundo, Not\u00edcias, Blog e Esportes ao vivo\" \/>\n\t\t<meta property=\"og:type\" content=\"article\" \/>\n\t\t<meta property=\"og:title\" content=\"Programa \u201cHumanizA\u00e7\u00e3o\u201d acolhe 17 pessoas em situa\u00e7\u00e3o de rua neste s\u00e1bado (7) \u2013 Ag\u00eancia de Not\u00edcias - eJornais\" \/>\n\t\t<meta property=\"og:description\" content=\"8 de fevereiro de 2026 13:47 Por: Secom O programa \u201cHumanizA\u00e7\u00e3o\u201d realizou atendimentos a 38 pessoas em situa\u00e7\u00e3o de rua, ao longo deste s\u00e1bado (7), em diferentes pontos da cidade. Desse total, 17 aceitaram receber acolhimento na entidade Servi\u00e7o de Obras Sociais (SOS), onde s\u00e3o disponibilizados pernoite, alimenta\u00e7\u00e3o completa, roupas e toalhas, banho e cuidados\" \/>\n\t\t<meta property=\"og:url\" content=\"https:\/\/ejornais.com.br\/index.php\/2026\/02\/08\/programa-humanizacao-acolhe-17-pessoas-em-situacao-de-rua-neste-sabado-7-agencia-de-noticias\/\" \/>\n\t\t<meta property=\"article:published_time\" content=\"2026-02-08T20:11:47+00:00\" \/>\n\t\t<meta property=\"article:modified_time\" content=\"2026-02-08T20:11:47+00:00\" \/>\n\t\t<meta name=\"twitter:card\" content=\"summary_large_image\" \/>\n\t\t<meta name=\"twitter:title\" content=\"Programa \u201cHumanizA\u00e7\u00e3o\u201d acolhe 17 pessoas em situa\u00e7\u00e3o de rua neste s\u00e1bado (7) \u2013 Ag\u00eancia de Not\u00edcias - eJornais\" \/>\n\t\t<meta name=\"twitter:description\" content=\"8 de fevereiro de 2026 13:47 Por: Secom O programa \u201cHumanizA\u00e7\u00e3o\u201d realizou atendimentos a 38 pessoas em situa\u00e7\u00e3o de rua, ao longo deste s\u00e1bado (7), em diferentes pontos da cidade. Desse total, 17 aceitaram receber acolhimento na entidade Servi\u00e7o de Obras Sociais (SOS), onde s\u00e3o disponibilizados pernoite, alimenta\u00e7\u00e3o completa, roupas e toalhas, banho e cuidados\" \/>\n\t\t<script type=\"application\/ld+json\" class=\"aioseo-schema\">\n\t\t\t{\"@context\":\"https:\\\/\\\/schema.org\",\"@graph\":[{\"@type\":\"BlogPosting\",\"@id\":\"https:\\\/\\\/ejornais.com.br\\\/index.php\\\/2026\\\/02\\\/08\\\/programa-humanizacao-acolhe-17-pessoas-em-situacao-de-rua-neste-sabado-7-agencia-de-noticias\\\/#blogposting\",\"name\":\"Programa \\u201cHumanizA\\u00e7\\u00e3o\\u201d acolhe 17 pessoas em situa\\u00e7\\u00e3o de rua neste s\\u00e1bado (7) \\u2013 Ag\\u00eancia de Not\\u00edcias - eJornais\",\"headline\":\"Programa \\u201cHumanizA\\u00e7\\u00e3o\\u201d acolhe 17 pessoas em situa\\u00e7\\u00e3o de rua neste s\\u00e1bado (7) \\u2013 Ag\\u00eancia de Not\\u00edcias\",\"author\":{\"@id\":\"https:\\\/\\\/ejornais.com.br\\\/index.php\\\/author\\\/admin1\\\/#author\"},\"publisher\":{\"@id\":\"https:\\\/\\\/ejornais.com.br\\\/#organization\"},\"datePublished\":\"2026-02-08T17:11:47-03:00\",\"dateModified\":\"2026-02-08T17:11:47-03:00\",\"inLanguage\":\"pt-BR\",\"mainEntityOfPage\":{\"@id\":\"https:\\\/\\\/ejornais.com.br\\\/index.php\\\/2026\\\/02\\\/08\\\/programa-humanizacao-acolhe-17-pessoas-em-situacao-de-rua-neste-sabado-7-agencia-de-noticias\\\/#webpage\"},\"isPartOf\":{\"@id\":\"https:\\\/\\\/ejornais.com.br\\\/index.php\\\/2026\\\/02\\\/08\\\/programa-humanizacao-acolhe-17-pessoas-em-situacao-de-rua-neste-sabado-7-agencia-de-noticias\\\/#webpage\"},\"articleSection\":\"Cat\\u00e1logo de Jornais\"},{\"@type\":\"BreadcrumbList\",\"@id\":\"https:\\\/\\\/ejornais.com.br\\\/index.php\\\/2026\\\/02\\\/08\\\/programa-humanizacao-acolhe-17-pessoas-em-situacao-de-rua-neste-sabado-7-agencia-de-noticias\\\/#breadcrumblist\",\"itemListElement\":[{\"@type\":\"ListItem\",\"@id\":\"https:\\\/\\\/ejornais.com.br#listItem\",\"position\":1,\"name\":\"In\\u00edcio\",\"item\":\"https:\\\/\\\/ejornais.com.br\",\"nextItem\":{\"@type\":\"ListItem\",\"@id\":\"https:\\\/\\\/ejornais.com.br\\\/index.php\\\/category\\\/ejornais\\\/#listItem\",\"name\":\"Cat\\u00e1logo de Jornais\"}},{\"@type\":\"ListItem\",\"@id\":\"https:\\\/\\\/ejornais.com.br\\\/index.php\\\/category\\\/ejornais\\\/#listItem\",\"position\":2,\"name\":\"Cat\\u00e1logo de Jornais\",\"item\":\"https:\\\/\\\/ejornais.com.br\\\/index.php\\\/category\\\/ejornais\\\/\",\"nextItem\":{\"@type\":\"ListItem\",\"@id\":\"https:\\\/\\\/ejornais.com.br\\\/index.php\\\/2026\\\/02\\\/08\\\/programa-humanizacao-acolhe-17-pessoas-em-situacao-de-rua-neste-sabado-7-agencia-de-noticias\\\/#listItem\",\"name\":\"Programa \\u201cHumanizA\\u00e7\\u00e3o\\u201d acolhe 17 pessoas em situa\\u00e7\\u00e3o de rua neste s\\u00e1bado (7) \\u2013 Ag\\u00eancia de Not\\u00edcias\"},\"previousItem\":{\"@type\":\"ListItem\",\"@id\":\"https:\\\/\\\/ejornais.com.br#listItem\",\"name\":\"In\\u00edcio\"}},{\"@type\":\"ListItem\",\"@id\":\"https:\\\/\\\/ejornais.com.br\\\/index.php\\\/2026\\\/02\\\/08\\\/programa-humanizacao-acolhe-17-pessoas-em-situacao-de-rua-neste-sabado-7-agencia-de-noticias\\\/#listItem\",\"position\":3,\"name\":\"Programa \\u201cHumanizA\\u00e7\\u00e3o\\u201d acolhe 17 pessoas em situa\\u00e7\\u00e3o de rua neste s\\u00e1bado (7) \\u2013 Ag\\u00eancia de Not\\u00edcias\",\"previousItem\":{\"@type\":\"ListItem\",\"@id\":\"https:\\\/\\\/ejornais.com.br\\\/index.php\\\/category\\\/ejornais\\\/#listItem\",\"name\":\"Cat\\u00e1logo de Jornais\"}}]},{\"@type\":\"Organization\",\"@id\":\"https:\\\/\\\/ejornais.com.br\\\/#organization\",\"name\":\"eJornais\",\"description\":\"Cat\\u00e1logo de Jornais no mundo, Not\\u00edcias, Blog e Esportes ao vivo\",\"url\":\"https:\\\/\\\/ejornais.com.br\\\/\"},{\"@type\":\"Person\",\"@id\":\"https:\\\/\\\/ejornais.com.br\\\/index.php\\\/author\\\/admin1\\\/#author\",\"url\":\"https:\\\/\\\/ejornais.com.br\\\/index.php\\\/author\\\/admin1\\\/\",\"name\":\"admin1\",\"image\":{\"@type\":\"ImageObject\",\"@id\":\"https:\\\/\\\/ejornais.com.br\\\/index.php\\\/2026\\\/02\\\/08\\\/programa-humanizacao-acolhe-17-pessoas-em-situacao-de-rua-neste-sabado-7-agencia-de-noticias\\\/#authorImage\",\"url\":\"https:\\\/\\\/secure.gravatar.com\\\/avatar\\\/04084e6d73c042b8646e7c17b494073bf0ede3ea13c7105cfc45cbbbc28385a4?s=96&d=mm&r=g\",\"width\":96,\"height\":96,\"caption\":\"admin1\"}},{\"@type\":\"WebPage\",\"@id\":\"https:\\\/\\\/ejornais.com.br\\\/index.php\\\/2026\\\/02\\\/08\\\/programa-humanizacao-acolhe-17-pessoas-em-situacao-de-rua-neste-sabado-7-agencia-de-noticias\\\/#webpage\",\"url\":\"https:\\\/\\\/ejornais.com.br\\\/index.php\\\/2026\\\/02\\\/08\\\/programa-humanizacao-acolhe-17-pessoas-em-situacao-de-rua-neste-sabado-7-agencia-de-noticias\\\/\",\"name\":\"Programa \\u201cHumanizA\\u00e7\\u00e3o\\u201d acolhe 17 pessoas em situa\\u00e7\\u00e3o de rua neste s\\u00e1bado (7) \\u2013 Ag\\u00eancia de Not\\u00edcias - eJornais\",\"description\":\"8 de fevereiro de 2026 13:47 Por: Secom O programa \\u201cHumanizA\\u00e7\\u00e3o\\u201d realizou atendimentos a 38 pessoas em situa\\u00e7\\u00e3o de rua, ao longo deste s\\u00e1bado (7), em diferentes pontos da cidade. Desse total, 17 aceitaram receber acolhimento na entidade Servi\\u00e7o de Obras Sociais (SOS), onde s\\u00e3o disponibilizados pernoite, alimenta\\u00e7\\u00e3o completa, roupas e toalhas, banho e cuidados\",\"inLanguage\":\"pt-BR\",\"isPartOf\":{\"@id\":\"https:\\\/\\\/ejornais.com.br\\\/#website\"},\"breadcrumb\":{\"@id\":\"https:\\\/\\\/ejornais.com.br\\\/index.php\\\/2026\\\/02\\\/08\\\/programa-humanizacao-acolhe-17-pessoas-em-situacao-de-rua-neste-sabado-7-agencia-de-noticias\\\/#breadcrumblist\"},\"author\":{\"@id\":\"https:\\\/\\\/ejornais.com.br\\\/index.php\\\/author\\\/admin1\\\/#author\"},\"creator\":{\"@id\":\"https:\\\/\\\/ejornais.com.br\\\/index.php\\\/author\\\/admin1\\\/#author\"},\"datePublished\":\"2026-02-08T17:11:47-03:00\",\"dateModified\":\"2026-02-08T17:11:47-03:00\"},{\"@type\":\"WebSite\",\"@id\":\"https:\\\/\\\/ejornais.com.br\\\/#website\",\"url\":\"https:\\\/\\\/ejornais.com.br\\\/\",\"name\":\"eJornais\",\"description\":\"Cat\\u00e1logo de Jornais no mundo, Not\\u00edcias, Blog e Esportes ao vivo\",\"inLanguage\":\"pt-BR\",\"publisher\":{\"@id\":\"https:\\\/\\\/ejornais.com.br\\\/#organization\"}}]}\n\t\t<\/script>\n\t\t<!-- All in One SEO -->\n\n","aioseo_head_json":{"title":"Programa \u201cHumanizA\u00e7\u00e3o\u201d acolhe 17 pessoas em situa\u00e7\u00e3o de rua neste s\u00e1bado (7) \u2013 Ag\u00eancia de Not\u00edcias - eJornais","description":"8 de fevereiro de 2026 13:47 Por: Secom O programa \u201cHumanizA\u00e7\u00e3o\u201d realizou atendimentos a 38 pessoas em situa\u00e7\u00e3o de rua, ao longo deste s\u00e1bado (7), em diferentes pontos da cidade. Desse total, 17 aceitaram receber acolhimento na entidade Servi\u00e7o de Obras Sociais (SOS), onde s\u00e3o disponibilizados pernoite, alimenta\u00e7\u00e3o completa, roupas e toalhas, banho e cuidados","canonical_url":"https:\/\/ejornais.com.br\/index.php\/2026\/02\/08\/programa-humanizacao-acolhe-17-pessoas-em-situacao-de-rua-neste-sabado-7-agencia-de-noticias\/","robots":"max-image-preview:large","keywords":"","webmasterTools":{"miscellaneous":""},"schema":{"@context":"https:\/\/schema.org","@graph":[{"@type":"BlogPosting","@id":"https:\/\/ejornais.com.br\/index.php\/2026\/02\/08\/programa-humanizacao-acolhe-17-pessoas-em-situacao-de-rua-neste-sabado-7-agencia-de-noticias\/#blogposting","name":"Programa \u201cHumanizA\u00e7\u00e3o\u201d acolhe 17 pessoas em situa\u00e7\u00e3o de rua neste s\u00e1bado (7) \u2013 Ag\u00eancia de Not\u00edcias - eJornais","headline":"Programa \u201cHumanizA\u00e7\u00e3o\u201d acolhe 17 pessoas em situa\u00e7\u00e3o de rua neste s\u00e1bado (7) \u2013 Ag\u00eancia de Not\u00edcias","author":{"@id":"https:\/\/ejornais.com.br\/index.php\/author\/admin1\/#author"},"publisher":{"@id":"https:\/\/ejornais.com.br\/#organization"},"datePublished":"2026-02-08T17:11:47-03:00","dateModified":"2026-02-08T17:11:47-03:00","inLanguage":"pt-BR","mainEntityOfPage":{"@id":"https:\/\/ejornais.com.br\/index.php\/2026\/02\/08\/programa-humanizacao-acolhe-17-pessoas-em-situacao-de-rua-neste-sabado-7-agencia-de-noticias\/#webpage"},"isPartOf":{"@id":"https:\/\/ejornais.com.br\/index.php\/2026\/02\/08\/programa-humanizacao-acolhe-17-pessoas-em-situacao-de-rua-neste-sabado-7-agencia-de-noticias\/#webpage"},"articleSection":"Cat\u00e1logo de Jornais"},{"@type":"BreadcrumbList","@id":"https:\/\/ejornais.com.br\/index.php\/2026\/02\/08\/programa-humanizacao-acolhe-17-pessoas-em-situacao-de-rua-neste-sabado-7-agencia-de-noticias\/#breadcrumblist","itemListElement":[{"@type":"ListItem","@id":"https:\/\/ejornais.com.br#listItem","position":1,"name":"In\u00edcio","item":"https:\/\/ejornais.com.br","nextItem":{"@type":"ListItem","@id":"https:\/\/ejornais.com.br\/index.php\/category\/ejornais\/#listItem","name":"Cat\u00e1logo de Jornais"}},{"@type":"ListItem","@id":"https:\/\/ejornais.com.br\/index.php\/category\/ejornais\/#listItem","position":2,"name":"Cat\u00e1logo de Jornais","item":"https:\/\/ejornais.com.br\/index.php\/category\/ejornais\/","nextItem":{"@type":"ListItem","@id":"https:\/\/ejornais.com.br\/index.php\/2026\/02\/08\/programa-humanizacao-acolhe-17-pessoas-em-situacao-de-rua-neste-sabado-7-agencia-de-noticias\/#listItem","name":"Programa \u201cHumanizA\u00e7\u00e3o\u201d acolhe 17 pessoas em situa\u00e7\u00e3o de rua neste s\u00e1bado (7) \u2013 Ag\u00eancia de Not\u00edcias"},"previousItem":{"@type":"ListItem","@id":"https:\/\/ejornais.com.br#listItem","name":"In\u00edcio"}},{"@type":"ListItem","@id":"https:\/\/ejornais.com.br\/index.php\/2026\/02\/08\/programa-humanizacao-acolhe-17-pessoas-em-situacao-de-rua-neste-sabado-7-agencia-de-noticias\/#listItem","position":3,"name":"Programa \u201cHumanizA\u00e7\u00e3o\u201d acolhe 17 pessoas em situa\u00e7\u00e3o de rua neste s\u00e1bado (7) \u2013 Ag\u00eancia de Not\u00edcias","previousItem":{"@type":"ListItem","@id":"https:\/\/ejornais.com.br\/index.php\/category\/ejornais\/#listItem","name":"Cat\u00e1logo de Jornais"}}]},{"@type":"Organization","@id":"https:\/\/ejornais.com.br\/#organization","name":"eJornais","description":"Cat\u00e1logo de Jornais no mundo, Not\u00edcias, Blog e Esportes ao vivo","url":"https:\/\/ejornais.com.br\/"},{"@type":"Person","@id":"https:\/\/ejornais.com.br\/index.php\/author\/admin1\/#author","url":"https:\/\/ejornais.com.br\/index.php\/author\/admin1\/","name":"admin1","image":{"@type":"ImageObject","@id":"https:\/\/ejornais.com.br\/index.php\/2026\/02\/08\/programa-humanizacao-acolhe-17-pessoas-em-situacao-de-rua-neste-sabado-7-agencia-de-noticias\/#authorImage","url":"https:\/\/secure.gravatar.com\/avatar\/04084e6d73c042b8646e7c17b494073bf0ede3ea13c7105cfc45cbbbc28385a4?s=96&d=mm&r=g","width":96,"height":96,"caption":"admin1"}},{"@type":"WebPage","@id":"https:\/\/ejornais.com.br\/index.php\/2026\/02\/08\/programa-humanizacao-acolhe-17-pessoas-em-situacao-de-rua-neste-sabado-7-agencia-de-noticias\/#webpage","url":"https:\/\/ejornais.com.br\/index.php\/2026\/02\/08\/programa-humanizacao-acolhe-17-pessoas-em-situacao-de-rua-neste-sabado-7-agencia-de-noticias\/","name":"Programa \u201cHumanizA\u00e7\u00e3o\u201d acolhe 17 pessoas em situa\u00e7\u00e3o de rua neste s\u00e1bado (7) \u2013 Ag\u00eancia de Not\u00edcias - eJornais","description":"8 de fevereiro de 2026 13:47 Por: Secom O programa \u201cHumanizA\u00e7\u00e3o\u201d realizou atendimentos a 38 pessoas em situa\u00e7\u00e3o de rua, ao longo deste s\u00e1bado (7), em diferentes pontos da cidade. Desse total, 17 aceitaram receber acolhimento na entidade Servi\u00e7o de Obras Sociais (SOS), onde s\u00e3o disponibilizados pernoite, alimenta\u00e7\u00e3o completa, roupas e toalhas, banho e cuidados","inLanguage":"pt-BR","isPartOf":{"@id":"https:\/\/ejornais.com.br\/#website"},"breadcrumb":{"@id":"https:\/\/ejornais.com.br\/index.php\/2026\/02\/08\/programa-humanizacao-acolhe-17-pessoas-em-situacao-de-rua-neste-sabado-7-agencia-de-noticias\/#breadcrumblist"},"author":{"@id":"https:\/\/ejornais.com.br\/index.php\/author\/admin1\/#author"},"creator":{"@id":"https:\/\/ejornais.com.br\/index.php\/author\/admin1\/#author"},"datePublished":"2026-02-08T17:11:47-03:00","dateModified":"2026-02-08T17:11:47-03:00"},{"@type":"WebSite","@id":"https:\/\/ejornais.com.br\/#website","url":"https:\/\/ejornais.com.br\/","name":"eJornais","description":"Cat\u00e1logo de Jornais no mundo, Not\u00edcias, Blog e Esportes ao vivo","inLanguage":"pt-BR","publisher":{"@id":"https:\/\/ejornais.com.br\/#organization"}}]},"og:locale":"pt_BR","og:site_name":"eJornais - Cat\u00e1logo de Jornais no mundo, Not\u00edcias, Blog e Esportes ao vivo","og:type":"article","og:title":"Programa \u201cHumanizA\u00e7\u00e3o\u201d acolhe 17 pessoas em situa\u00e7\u00e3o de rua neste s\u00e1bado (7) \u2013 Ag\u00eancia de Not\u00edcias - eJornais","og:description":"8 de fevereiro de 2026 13:47 Por: Secom O programa \u201cHumanizA\u00e7\u00e3o\u201d realizou atendimentos a 38 pessoas em situa\u00e7\u00e3o de rua, ao longo deste s\u00e1bado (7), em diferentes pontos da cidade. Desse total, 17 aceitaram receber acolhimento na entidade Servi\u00e7o de Obras Sociais (SOS), onde s\u00e3o disponibilizados pernoite, alimenta\u00e7\u00e3o completa, roupas e toalhas, banho e cuidados","og:url":"https:\/\/ejornais.com.br\/index.php\/2026\/02\/08\/programa-humanizacao-acolhe-17-pessoas-em-situacao-de-rua-neste-sabado-7-agencia-de-noticias\/","article:published_time":"2026-02-08T20:11:47+00:00","article:modified_time":"2026-02-08T20:11:47+00:00","twitter:card":"summary_large_image","twitter:title":"Programa \u201cHumanizA\u00e7\u00e3o\u201d acolhe 17 pessoas em situa\u00e7\u00e3o de rua neste s\u00e1bado (7) \u2013 Ag\u00eancia de Not\u00edcias - eJornais","twitter:description":"8 de fevereiro de 2026 13:47 Por: Secom O programa \u201cHumanizA\u00e7\u00e3o\u201d realizou atendimentos a 38 pessoas em situa\u00e7\u00e3o de rua, ao longo deste s\u00e1bado (7), em diferentes pontos da cidade. Desse total, 17 aceitaram receber acolhimento na entidade Servi\u00e7o de Obras Sociais (SOS), onde s\u00e3o disponibilizados pernoite, alimenta\u00e7\u00e3o completa, roupas e toalhas, banho e cuidados"},"aioseo_meta_data":{"post_id":"60406","title":null,"description":null,"keywords":null,"keyphrases":null,"primary_term":null,"canonical_url":null,"og_title":null,"og_description":null,"og_object_type":"default","og_image_type":"default","og_image_url":null,"og_image_width":null,"og_image_height":null,"og_image_custom_url":null,"og_image_custom_fields":null,"og_video":null,"og_custom_url":null,"og_article_section":null,"og_article_tags":null,"twitter_use_og":false,"twitter_card":"default","twitter_image_type":"default","twitter_image_url":null,"twitter_image_custom_url":null,"twitter_image_custom_fields":null,"twitter_title":null,"twitter_description":null,"schema":{"blockGraphs":[],"customGraphs":[],"default":{"data":{"Article":[],"Course":[],"Dataset":[],"FAQPage":[],"Movie":[],"Person":[],"Product":[],"ProductReview":[],"Car":[],"Recipe":[],"Service":[],"SoftwareApplication":[],"WebPage":[]},"graphName":"","isEnabled":true},"graphs":[]},"schema_type":"default","schema_type_options":null,"pillar_content":false,"robots_default":true,"robots_noindex":false,"robots_noarchive":false,"robots_nosnippet":false,"robots_nofollow":false,"robots_noimageindex":false,"robots_noodp":false,"robots_notranslate":false,"robots_max_snippet":null,"robots_max_videopreview":null,"robots_max_imagepreview":"large","priority":null,"frequency":null,"local_seo":null,"breadcrumb_settings":null,"limit_modified_date":false,"ai":null,"created":"2026-02-08 20:12:45","updated":"2026-02-08 20:12:45","seo_analyzer_scan_date":null,"focus_keyword":null,"additional_keywords":null,"truseo_locale":null},"aioseo_breadcrumb":"<div class=\"aioseo-breadcrumbs\"><span class=\"aioseo-breadcrumb\">\n\t\t\t<a href=\"https:\/\/ejornais.com.br\" title=\"In\u00edcio\">In\u00edcio<\/a>\n\t\t<\/span><span class=\"aioseo-breadcrumb-separator\">&raquo;<\/span><span class=\"aioseo-breadcrumb\">\n\t\t\t<a href=\"https:\/\/ejornais.com.br\/index.php\/category\/ejornais\/\" title=\"Cat\u00e1logo de Jornais\">Cat\u00e1logo de Jornais<\/a>\n\t\t<\/span><span class=\"aioseo-breadcrumb-separator\">&raquo;<\/span><span class=\"aioseo-breadcrumb\">\n\t\t\tPrograma \u201cHumanizA\u00e7\u00e3o\u201d acolhe 17 pessoas em situa\u00e7\u00e3o de rua neste s\u00e1bado (7) \u2013 Ag\u00eancia de Not\u00edcias\n\t\t<\/span><\/div>","aioseo_breadcrumb_json":[{"label":"In\u00edcio","link":"https:\/\/ejornais.com.br"},{"label":"Cat\u00e1logo de Jornais","link":"https:\/\/ejornais.com.br\/index.php\/category\/ejornais\/"},{"label":"Programa \u201cHumanizA\u00e7\u00e3o\u201d acolhe 17 pessoas em situa\u00e7\u00e3o de rua neste s\u00e1bado (7) \u2013 Ag\u00eancia de Not\u00edcias","link":"https:\/\/ejornais.com.br\/index.php\/2026\/02\/08\/programa-humanizacao-acolhe-17-pessoas-em-situacao-de-rua-neste-sabado-7-agencia-de-noticias\/"}],"amp_enabled":true,"_links":{"self":[{"href":"https:\/\/ejornais.com.br\/index.php\/wp-json\/wp\/v2\/posts\/60406","targetHints":{"allow":["GET"]}}],"collection":[{"href":"https:\/\/ejornais.com.br\/index.php\/wp-json\/wp\/v2\/posts"}],"about":[{"href":"https:\/\/ejornais.com.br\/index.php\/wp-json\/wp\/v2\/types\/post"}],"author":[{"embeddable":true,"href":"https:\/\/ejornais.com.br\/index.php\/wp-json\/wp\/v2\/users\/2"}],"replies":[{"embeddable":true,"href":"https:\/\/ejornais.com.br\/index.php\/wp-json\/wp\/v2\/comments?post=60406"}],"version-history":[{"count":0,"href":"https:\/\/ejornais.com.br\/index.php\/wp-json\/wp\/v2\/posts\/60406\/revisions"}],"wp:attachment":[{"href":"https:\/\/ejornais.com.br\/index.php\/wp-json\/wp\/v2\/media?parent=60406"}],"wp:term":[{"taxonomy":"category","embeddable":true,"href":"https:\/\/ejornais.com.br\/index.php\/wp-json\/wp\/v2\/categories?post=60406"},{"taxonomy":"post_tag","embeddable":true,"href":"https:\/\/ejornais.com.br\/index.php\/wp-json\/wp\/v2\/tags?post=60406"}],"curies":[{"name":"wp","href":"https:\/\/api.w.org\/{rel}","templated":true}]}}