{"id":60566,"date":"2026-02-11T11:49:05","date_gmt":"2026-02-11T14:49:05","guid":{"rendered":"https:\/\/ejornais.com.br\/index.php\/2026\/02\/11\/satisfacao-de-brasileiros-com-sus-supera-media-da-america-latina\/"},"modified":"2026-02-11T11:49:05","modified_gmt":"2026-02-11T14:49:05","slug":"satisfacao-de-brasileiros-com-sus-supera-media-da-america-latina","status":"publish","type":"post","link":"https:\/\/ejornais.com.br\/index.php\/2026\/02\/11\/satisfacao-de-brasileiros-com-sus-supera-media-da-america-latina\/","title":{"rendered":"Satisfa\u00e7\u00e3o de brasileiros com SUS supera m\u00e9dia da Am\u00e9rica Latina"},"content":{"rendered":"<p> Por MRNews<br \/>\n<\/p>\n<div wp_automatic_readability=\"58.016108247423\">\n<p>A satisfa\u00e7\u00e3o dos brasileiros com o Sistema \u00danico de Sa\u00fade (SUS) cresceu 9 pontos percentuais entre 2022 e 2025, passando de 34% para 45%. Os dados s\u00e3o da pesquisa Confian\u00e7a em Institui\u00e7\u00f5es P\u00fablicas na Am\u00e9rica Latina e no Caribe, divulgada esta semana pela Organiza\u00e7\u00e3o para a Coopera\u00e7\u00e3o e Desenvolvimento Econ\u00f4mico (OCDE).<\/p>\n<p><strong>Em nota, o Minist\u00e9rio da Sa\u00fade refor\u00e7ou que o \u00edndice brasileiro est\u00e1 acima da m\u00e9dia latino-americana para sistemas de sa\u00fade, que ficou em 40% em 2025.<\/strong><\/p>\n<p>Para a pasta, o crescimento da avalia\u00e7\u00e3o positiva reflete o aumento do acesso da popula\u00e7\u00e3o a servi\u00e7os p\u00fablicos de sa\u00fade como o programa Agora Tem Especialistas, \u201cque registrou recordes hist\u00f3ricos na assist\u00eancia especializada\u201d. <strong>Os dados mostram que, entre 2022 e 2025, o n\u00famero de cirurgias eletivas, por exemplo, cresceu mais de 40%, passando de 10,8 milh\u00f5es para 14,7 milh\u00f5es \u2013 maior volume em 35 anos e acima do per\u00edodo pr\u00e9-pandemia.\u00a0<\/strong><\/p>\n<p><strong><a href=\"https:\/\/mrnews.com.br\/index.php\/2026\/02\/11\/sbpc-entrega-premio-a-pesquisadoras-de-destaque-na-ciencia-brasileira\/\">SBPC entrega pr\u00eamio a pesquisadoras de destaque na ci\u00eancia brasileira<\/a><\/strong><\/p>\n<p><strong><a href=\"https:\/\/mrnews.com.br\/index.php\/2026\/02\/11\/retorno-de-investimento-em-carnaval-e-maior-que-em-areas-da-industria\/\">Retorno de investimento em carnaval \u00e9 maior que em \u00e1reas da ind\u00fastria<\/a><\/strong><\/p>\n<blockquote wp_automatic_readability=\"8\">\n<p>\u201cOs pacientes da rede p\u00fablica tamb\u00e9m est\u00e3o sendo atendidos por planos de sa\u00fade, por hospitais e cl\u00ednicas privadas de forma complementar, completou o minist\u00e9rio\u00a0no comunicado.<\/p>\n<\/blockquote>\n<p>\u00a0Atualmente, mais de R$ 200 milh\u00f5es em cirurgias e exames foram contratualizados com a rede privada para refor\u00e7ar a assist\u00eancia no SUS, desafogando a demanda reprimida por atendimento especializado.<\/p>\n<p><strong>O estudo indica ainda\u00a0a percep\u00e7\u00e3o dos brasileiros de que o acesso e a qualidade dos servi\u00e7os p\u00fablicos melhoraram durante o per\u00edodo, com aumento de 18 pontos percentuais \u2013 o \u00edndice passou de 24% para 42%, 10 pontos percentuais acima da m\u00e9dia da Am\u00e9rica Latina (32%).<\/strong><\/p>\n<p>&gt;&gt; Siga o canal da <strong>Ag\u00eancia Brasil <\/strong>no WhatsApp<\/p>\n<p><strong><a href=\"https:\/\/mrnews.com.br\/index.php\/2026\/02\/11\/obras-de-tarsila-do-amaral-provocam-reflexoes-sobre-temas-atuais\/\">Obras de Tarsila do Amaral provocam reflex\u00f5es sobre temas atuais<\/a><\/strong><\/p>\n<p><strong><a href=\"https:\/\/mrnews.com.br\/index.php\/2026\/02\/11\/ataque-a-tiros-em-escola-no-canada-deixa-10-mortos\/\">Ataque a tiros em escola no Canad\u00e1 deixa 10 mortos<\/a><\/strong><\/p>\n<h2>Metodologia<\/h2>\n<p>Considerada padr\u00e3o ouro de excel\u00eancia, a pesquisa avalia cinco pilares: integridade, resposta, confiabilidade, abertura e equidade. Com uma amostra de 2 mil cidad\u00e3os, por meio de question\u00e1rio, o levantamento permite compara\u00e7\u00f5es internacionais e oferece dados estrat\u00e9gicos para aprimorar a transpar\u00eancia e a qualidade de servi\u00e7os p\u00fablicos.<\/p>\n<\/div>\n","protected":false},"excerpt":{"rendered":"<p>Por MRNews A satisfa\u00e7\u00e3o dos brasileiros com o Sistema \u00danico de Sa\u00fade (SUS) cresceu 9 pontos percentuais entre 2022 e<\/p>\n","protected":false},"author":2,"featured_media":0,"comment_status":"","ping_status":"","sticky":false,"template":"","format":"standard","meta":{"colormag_page_container_layout":"default_layout","colormag_page_sidebar_layout":"default_layout","footnotes":""},"categories":[1],"tags":[],"class_list":["post-60566","post","type-post","status-publish","format-standard","hentry","category-ejornais"],"aioseo_notices":[],"amp_enabled":true,"_links":{"self":[{"href":"https:\/\/ejornais.com.br\/index.php\/wp-json\/wp\/v2\/posts\/60566","targetHints":{"allow":["GET"]}}],"collection":[{"href":"https:\/\/ejornais.com.br\/index.php\/wp-json\/wp\/v2\/posts"}],"about":[{"href":"https:\/\/ejornais.com.br\/index.php\/wp-json\/wp\/v2\/types\/post"}],"author":[{"embeddable":true,"href":"https:\/\/ejornais.com.br\/index.php\/wp-json\/wp\/v2\/users\/2"}],"replies":[{"embeddable":true,"href":"https:\/\/ejornais.com.br\/index.php\/wp-json\/wp\/v2\/comments?post=60566"}],"version-history":[{"count":0,"href":"https:\/\/ejornais.com.br\/index.php\/wp-json\/wp\/v2\/posts\/60566\/revisions"}],"wp:attachment":[{"href":"https:\/\/ejornais.com.br\/index.php\/wp-json\/wp\/v2\/media?parent=60566"}],"wp:term":[{"taxonomy":"category","embeddable":true,"href":"https:\/\/ejornais.com.br\/index.php\/wp-json\/wp\/v2\/categories?post=60566"},{"taxonomy":"post_tag","embeddable":true,"href":"https:\/\/ejornais.com.br\/index.php\/wp-json\/wp\/v2\/tags?post=60566"}],"curies":[{"name":"wp","href":"https:\/\/api.w.org\/{rel}","templated":true}]}}