{"id":60626,"date":"2026-02-12T11:40:00","date_gmt":"2026-02-12T14:40:00","guid":{"rendered":"https:\/\/ejornais.com.br\/index.php\/2026\/02\/12\/emlur-realiza-limpeza-da-via-folia-na-madrugada-apos-desfile-do-muricocas-do-miramar\/"},"modified":"2026-02-12T11:40:00","modified_gmt":"2026-02-12T14:40:00","slug":"emlur-realiza-limpeza-da-via-folia-na-madrugada-apos-desfile-do-muricocas-do-miramar","status":"publish","type":"post","link":"https:\/\/ejornais.com.br\/index.php\/2026\/02\/12\/emlur-realiza-limpeza-da-via-folia-na-madrugada-apos-desfile-do-muricocas-do-miramar\/","title":{"rendered":"Emlur realiza limpeza da Via Folia na madrugada ap\u00f3s desfile do Muri\u00e7ocas do Miramar"},"content":{"rendered":"<p><\/p>\n<div>\n<p>A Autarquia Especial Municipal de Limpeza Urbana (Emlur) realizou, na madrugada desta quinta-feira (12), uma opera\u00e7\u00e3o especial de limpeza na Via Folia, ap\u00f3s o desfile do tradicional bloco Muri\u00e7ocas do Miramar. Mesmo com a presen\u00e7a de milhares de foli\u00f5es, a avenida amanheceu completamente limpa e organizada. As equipes intensificaram os trabalhos logo ap\u00f3s a dispers\u00e3o do p\u00fablico, garantindo agilidade e efici\u00eancia nos servi\u00e7os de varri\u00e7\u00e3o, coleta de res\u00edduos e lavagem da via.<\/p>\n<figure class=\"wp-block-gallery has-nested-images columns-default is-cropped wp-block-gallery-1 is-layout-flex wp-block-gallery-is-layout-flex\">\n<figure class=\"wp-block-image size-large\"><\/figure>\n<figure class=\"wp-block-image size-large\"><\/figure>\n<\/figure>\n<p>A for\u00e7a-tarefa mobilizou cerca de 350 agentes de limpeza, antes, durante e ap\u00f3s a passagem do bloco, al\u00e9m de caminh\u00f5es compactadores, varri\u00e7\u00e3o mecanizada e equipamentos de apoio como os PEVs (Ponto de Entrega Volunt\u00e1ria),assegurando que os espa\u00e7os estivessem totalmente revitalizados ainda durante a madrugada.<\/p>\n<figure class=\"wp-block-gallery has-nested-images columns-default is-cropped wp-block-gallery-2 is-layout-flex wp-block-gallery-is-layout-flex\">\n<figure class=\"wp-block-image size-large\"><\/figure>\n<figure class=\"wp-block-image size-large\"><\/figure>\n<figure class=\"wp-block-image size-large\"><\/figure>\n<figure class=\"wp-block-image size-large\"><\/figure>\n<figure class=\"wp-block-image size-large\"><\/figure>\n<figure class=\"wp-block-image size-large\"><\/figure>\n<\/figure>\n<p>A noite tamb\u00e9m marcou o encerramento das atividades do Ecoponto instalado na Via Folia durante o per\u00edodo de pr\u00e9vias carnavalescas. Neste ano, a iniciativa contou com a parceria da Prefeitura de Jo\u00e3o Pessoa (PMJP), do Minist\u00e9rio P\u00fablico da Para\u00edba (MPPB) e da empresa Orizon.<\/p>\n<figure class=\"wp-block-gallery has-nested-images columns-default is-cropped wp-block-gallery-3 is-layout-flex wp-block-gallery-is-layout-flex\">\n<figure class=\"wp-block-image size-large\"><\/figure>\n<figure class=\"wp-block-image size-large\"><\/figure>\n<figure class=\"wp-block-image size-large\"><\/figure>\n<\/figure>\n<p>Como inova\u00e7\u00e3o, os catadores de materiais recicl\u00e1veis receberam o pagamento via Pix na hora, imediatamente ap\u00f3s a pesagem dos materiais, garantindo mais agilidade, seguran\u00e7a e valoriza\u00e7\u00e3o do trabalho desses profissionais.<\/p>\n<p>O superintendente da Emlur, Ricardo Veloso, destacou o empenho das equipes e a import\u00e2ncia da inclus\u00e3o social promovida pela a\u00e7\u00e3o. \u201cMesmo diante de um p\u00fablico expressivo, nossas equipes trabalharam com dedica\u00e7\u00e3o para que a cidade amanhecesse limpa. Al\u00e9m disso, fortalecemos a pol\u00edtica de sustentabilidade com o Ecoponto e asseguramos que os catadores recebessem pelo material coletado de forma imediata, valorizando quem contribui diretamente para uma cidade mais limpa e sustent\u00e1vel\u201d, ressaltou o superintendente.<\/p>\n<p>A opera\u00e7\u00e3o integra o planejamento especial da Emlur para o per\u00edodo carnavalesco, unindo organiza\u00e7\u00e3o, responsabilidade ambiental e reconhecimento ao trabalho dos agentes de limpeza e catadores de materiais recicl\u00e1veis.<\/p>\n<\/p><\/div>\n","protected":false},"excerpt":{"rendered":"<p>A Autarquia Especial Municipal de Limpeza Urbana (Emlur) realizou, na madrugada desta quinta-feira (12), uma opera\u00e7\u00e3o especial de limpeza na<\/p>\n","protected":false},"author":2,"featured_media":0,"comment_status":"","ping_status":"","sticky":false,"template":"","format":"standard","meta":{"colormag_page_container_layout":"default_layout","colormag_page_sidebar_layout":"default_layout","footnotes":""},"categories":[1],"tags":[],"class_list":["post-60626","post","type-post","status-publish","format-standard","hentry","category-ejornais"],"aioseo_notices":[],"aioseo_head":"\n\t\t<!-- All in One SEO 5.0.1.1 - aioseo.com -->\n\t<meta name=\"description\" content=\"A Autarquia Especial Municipal de Limpeza Urbana (Emlur) realizou, na madrugada desta quinta-feira (12), uma opera\u00e7\u00e3o especial de limpeza na Via Folia, ap\u00f3s o desfile do tradicional bloco Muri\u00e7ocas do Miramar. Mesmo com a presen\u00e7a de milhares de foli\u00f5es, a avenida amanheceu completamente limpa e organizada. As equipes intensificaram os trabalhos logo ap\u00f3s a dispers\u00e3o\" \/>\n\t<meta name=\"robots\" content=\"max-image-preview:large\" \/>\n\t<meta name=\"author\" content=\"admin1\"\/>\n\t<link rel=\"canonical\" href=\"https:\/\/ejornais.com.br\/index.php\/2026\/02\/12\/emlur-realiza-limpeza-da-via-folia-na-madrugada-apos-desfile-do-muricocas-do-miramar\/\" \/>\n\t<meta name=\"generator\" content=\"All in One SEO (AIOSEO) 5.0.1.1\" \/>\n\t\t<meta property=\"og:locale\" content=\"pt_BR\" \/>\n\t\t<meta property=\"og:site_name\" content=\"eJornais - Cat\u00e1logo de Jornais no mundo, Not\u00edcias, Blog e Esportes ao vivo\" \/>\n\t\t<meta property=\"og:type\" content=\"article\" \/>\n\t\t<meta property=\"og:title\" content=\"Emlur realiza limpeza da Via Folia na madrugada ap\u00f3s desfile do Muri\u00e7ocas do Miramar - eJornais\" \/>\n\t\t<meta property=\"og:description\" content=\"A Autarquia Especial Municipal de Limpeza Urbana (Emlur) realizou, na madrugada desta quinta-feira (12), uma opera\u00e7\u00e3o especial de limpeza na Via Folia, ap\u00f3s o desfile do tradicional bloco Muri\u00e7ocas do Miramar. Mesmo com a presen\u00e7a de milhares de foli\u00f5es, a avenida amanheceu completamente limpa e organizada. As equipes intensificaram os trabalhos logo ap\u00f3s a dispers\u00e3o\" \/>\n\t\t<meta property=\"og:url\" content=\"https:\/\/ejornais.com.br\/index.php\/2026\/02\/12\/emlur-realiza-limpeza-da-via-folia-na-madrugada-apos-desfile-do-muricocas-do-miramar\/\" \/>\n\t\t<meta property=\"article:published_time\" content=\"2026-02-12T14:40:00+00:00\" \/>\n\t\t<meta property=\"article:modified_time\" content=\"2026-02-12T14:40:00+00:00\" \/>\n\t\t<meta name=\"twitter:card\" content=\"summary_large_image\" \/>\n\t\t<meta name=\"twitter:title\" content=\"Emlur realiza limpeza da Via Folia na madrugada ap\u00f3s desfile do Muri\u00e7ocas do Miramar - eJornais\" \/>\n\t\t<meta name=\"twitter:description\" content=\"A Autarquia Especial Municipal de Limpeza Urbana (Emlur) realizou, na madrugada desta quinta-feira (12), uma opera\u00e7\u00e3o especial de limpeza na Via Folia, ap\u00f3s o desfile do tradicional bloco Muri\u00e7ocas do Miramar. Mesmo com a presen\u00e7a de milhares de foli\u00f5es, a avenida amanheceu completamente limpa e organizada. As equipes intensificaram os trabalhos logo ap\u00f3s a dispers\u00e3o\" \/>\n\t\t<script type=\"application\/ld+json\" class=\"aioseo-schema\">\n\t\t\t{\"@context\":\"https:\\\/\\\/schema.org\",\"@graph\":[{\"@type\":\"BlogPosting\",\"@id\":\"https:\\\/\\\/ejornais.com.br\\\/index.php\\\/2026\\\/02\\\/12\\\/emlur-realiza-limpeza-da-via-folia-na-madrugada-apos-desfile-do-muricocas-do-miramar\\\/#blogposting\",\"name\":\"Emlur realiza limpeza da Via Folia na madrugada ap\\u00f3s desfile do Muri\\u00e7ocas do Miramar - eJornais\",\"headline\":\"Emlur realiza limpeza da Via Folia na madrugada ap\\u00f3s desfile do Muri\\u00e7ocas do Miramar\",\"author\":{\"@id\":\"https:\\\/\\\/ejornais.com.br\\\/index.php\\\/author\\\/admin1\\\/#author\"},\"publisher\":{\"@id\":\"https:\\\/\\\/ejornais.com.br\\\/#organization\"},\"datePublished\":\"2026-02-12T11:40:00-03:00\",\"dateModified\":\"2026-02-12T11:40:00-03:00\",\"inLanguage\":\"pt-BR\",\"mainEntityOfPage\":{\"@id\":\"https:\\\/\\\/ejornais.com.br\\\/index.php\\\/2026\\\/02\\\/12\\\/emlur-realiza-limpeza-da-via-folia-na-madrugada-apos-desfile-do-muricocas-do-miramar\\\/#webpage\"},\"isPartOf\":{\"@id\":\"https:\\\/\\\/ejornais.com.br\\\/index.php\\\/2026\\\/02\\\/12\\\/emlur-realiza-limpeza-da-via-folia-na-madrugada-apos-desfile-do-muricocas-do-miramar\\\/#webpage\"},\"articleSection\":\"Cat\\u00e1logo de Jornais\"},{\"@type\":\"BreadcrumbList\",\"@id\":\"https:\\\/\\\/ejornais.com.br\\\/index.php\\\/2026\\\/02\\\/12\\\/emlur-realiza-limpeza-da-via-folia-na-madrugada-apos-desfile-do-muricocas-do-miramar\\\/#breadcrumblist\",\"itemListElement\":[{\"@type\":\"ListItem\",\"@id\":\"https:\\\/\\\/ejornais.com.br#listItem\",\"position\":1,\"name\":\"In\\u00edcio\",\"item\":\"https:\\\/\\\/ejornais.com.br\",\"nextItem\":{\"@type\":\"ListItem\",\"@id\":\"https:\\\/\\\/ejornais.com.br\\\/index.php\\\/category\\\/ejornais\\\/#listItem\",\"name\":\"Cat\\u00e1logo de Jornais\"}},{\"@type\":\"ListItem\",\"@id\":\"https:\\\/\\\/ejornais.com.br\\\/index.php\\\/category\\\/ejornais\\\/#listItem\",\"position\":2,\"name\":\"Cat\\u00e1logo de Jornais\",\"item\":\"https:\\\/\\\/ejornais.com.br\\\/index.php\\\/category\\\/ejornais\\\/\",\"nextItem\":{\"@type\":\"ListItem\",\"@id\":\"https:\\\/\\\/ejornais.com.br\\\/index.php\\\/2026\\\/02\\\/12\\\/emlur-realiza-limpeza-da-via-folia-na-madrugada-apos-desfile-do-muricocas-do-miramar\\\/#listItem\",\"name\":\"Emlur realiza limpeza da Via Folia na madrugada ap\\u00f3s desfile do Muri\\u00e7ocas do Miramar\"},\"previousItem\":{\"@type\":\"ListItem\",\"@id\":\"https:\\\/\\\/ejornais.com.br#listItem\",\"name\":\"In\\u00edcio\"}},{\"@type\":\"ListItem\",\"@id\":\"https:\\\/\\\/ejornais.com.br\\\/index.php\\\/2026\\\/02\\\/12\\\/emlur-realiza-limpeza-da-via-folia-na-madrugada-apos-desfile-do-muricocas-do-miramar\\\/#listItem\",\"position\":3,\"name\":\"Emlur realiza limpeza da Via Folia na madrugada ap\\u00f3s desfile do Muri\\u00e7ocas do Miramar\",\"previousItem\":{\"@type\":\"ListItem\",\"@id\":\"https:\\\/\\\/ejornais.com.br\\\/index.php\\\/category\\\/ejornais\\\/#listItem\",\"name\":\"Cat\\u00e1logo de Jornais\"}}]},{\"@type\":\"Organization\",\"@id\":\"https:\\\/\\\/ejornais.com.br\\\/#organization\",\"name\":\"eJornais\",\"description\":\"Cat\\u00e1logo de Jornais no mundo, Not\\u00edcias, Blog e Esportes ao vivo\",\"url\":\"https:\\\/\\\/ejornais.com.br\\\/\"},{\"@type\":\"Person\",\"@id\":\"https:\\\/\\\/ejornais.com.br\\\/index.php\\\/author\\\/admin1\\\/#author\",\"url\":\"https:\\\/\\\/ejornais.com.br\\\/index.php\\\/author\\\/admin1\\\/\",\"name\":\"admin1\",\"image\":{\"@type\":\"ImageObject\",\"@id\":\"https:\\\/\\\/ejornais.com.br\\\/index.php\\\/2026\\\/02\\\/12\\\/emlur-realiza-limpeza-da-via-folia-na-madrugada-apos-desfile-do-muricocas-do-miramar\\\/#authorImage\",\"url\":\"https:\\\/\\\/secure.gravatar.com\\\/avatar\\\/04084e6d73c042b8646e7c17b494073bf0ede3ea13c7105cfc45cbbbc28385a4?s=96&d=mm&r=g\",\"width\":96,\"height\":96,\"caption\":\"admin1\"}},{\"@type\":\"WebPage\",\"@id\":\"https:\\\/\\\/ejornais.com.br\\\/index.php\\\/2026\\\/02\\\/12\\\/emlur-realiza-limpeza-da-via-folia-na-madrugada-apos-desfile-do-muricocas-do-miramar\\\/#webpage\",\"url\":\"https:\\\/\\\/ejornais.com.br\\\/index.php\\\/2026\\\/02\\\/12\\\/emlur-realiza-limpeza-da-via-folia-na-madrugada-apos-desfile-do-muricocas-do-miramar\\\/\",\"name\":\"Emlur realiza limpeza da Via Folia na madrugada ap\\u00f3s desfile do Muri\\u00e7ocas do Miramar - eJornais\",\"description\":\"A Autarquia Especial Municipal de Limpeza Urbana (Emlur) realizou, na madrugada desta quinta-feira (12), uma opera\\u00e7\\u00e3o especial de limpeza na Via Folia, ap\\u00f3s o desfile do tradicional bloco Muri\\u00e7ocas do Miramar. Mesmo com a presen\\u00e7a de milhares de foli\\u00f5es, a avenida amanheceu completamente limpa e organizada. As equipes intensificaram os trabalhos logo ap\\u00f3s a dispers\\u00e3o\",\"inLanguage\":\"pt-BR\",\"isPartOf\":{\"@id\":\"https:\\\/\\\/ejornais.com.br\\\/#website\"},\"breadcrumb\":{\"@id\":\"https:\\\/\\\/ejornais.com.br\\\/index.php\\\/2026\\\/02\\\/12\\\/emlur-realiza-limpeza-da-via-folia-na-madrugada-apos-desfile-do-muricocas-do-miramar\\\/#breadcrumblist\"},\"author\":{\"@id\":\"https:\\\/\\\/ejornais.com.br\\\/index.php\\\/author\\\/admin1\\\/#author\"},\"creator\":{\"@id\":\"https:\\\/\\\/ejornais.com.br\\\/index.php\\\/author\\\/admin1\\\/#author\"},\"datePublished\":\"2026-02-12T11:40:00-03:00\",\"dateModified\":\"2026-02-12T11:40:00-03:00\"},{\"@type\":\"WebSite\",\"@id\":\"https:\\\/\\\/ejornais.com.br\\\/#website\",\"url\":\"https:\\\/\\\/ejornais.com.br\\\/\",\"name\":\"eJornais\",\"description\":\"Cat\\u00e1logo de Jornais no mundo, Not\\u00edcias, Blog e Esportes ao vivo\",\"inLanguage\":\"pt-BR\",\"publisher\":{\"@id\":\"https:\\\/\\\/ejornais.com.br\\\/#organization\"}}]}\n\t\t<\/script>\n\t\t<!-- All in One SEO -->\n\n","aioseo_head_json":{"title":"Emlur realiza limpeza da Via Folia na madrugada ap\u00f3s desfile do Muri\u00e7ocas do Miramar - eJornais","description":"A Autarquia Especial Municipal de Limpeza Urbana (Emlur) realizou, na madrugada desta quinta-feira (12), uma opera\u00e7\u00e3o especial de limpeza na Via Folia, ap\u00f3s o desfile do tradicional bloco Muri\u00e7ocas do Miramar. Mesmo com a presen\u00e7a de milhares de foli\u00f5es, a avenida amanheceu completamente limpa e organizada. As equipes intensificaram os trabalhos logo ap\u00f3s a dispers\u00e3o","canonical_url":"https:\/\/ejornais.com.br\/index.php\/2026\/02\/12\/emlur-realiza-limpeza-da-via-folia-na-madrugada-apos-desfile-do-muricocas-do-miramar\/","robots":"max-image-preview:large","keywords":"","webmasterTools":{"miscellaneous":""},"schema":{"@context":"https:\/\/schema.org","@graph":[{"@type":"BlogPosting","@id":"https:\/\/ejornais.com.br\/index.php\/2026\/02\/12\/emlur-realiza-limpeza-da-via-folia-na-madrugada-apos-desfile-do-muricocas-do-miramar\/#blogposting","name":"Emlur realiza limpeza da Via Folia na madrugada ap\u00f3s desfile do Muri\u00e7ocas do Miramar - eJornais","headline":"Emlur realiza limpeza da Via Folia na madrugada ap\u00f3s desfile do Muri\u00e7ocas do Miramar","author":{"@id":"https:\/\/ejornais.com.br\/index.php\/author\/admin1\/#author"},"publisher":{"@id":"https:\/\/ejornais.com.br\/#organization"},"datePublished":"2026-02-12T11:40:00-03:00","dateModified":"2026-02-12T11:40:00-03:00","inLanguage":"pt-BR","mainEntityOfPage":{"@id":"https:\/\/ejornais.com.br\/index.php\/2026\/02\/12\/emlur-realiza-limpeza-da-via-folia-na-madrugada-apos-desfile-do-muricocas-do-miramar\/#webpage"},"isPartOf":{"@id":"https:\/\/ejornais.com.br\/index.php\/2026\/02\/12\/emlur-realiza-limpeza-da-via-folia-na-madrugada-apos-desfile-do-muricocas-do-miramar\/#webpage"},"articleSection":"Cat\u00e1logo de Jornais"},{"@type":"BreadcrumbList","@id":"https:\/\/ejornais.com.br\/index.php\/2026\/02\/12\/emlur-realiza-limpeza-da-via-folia-na-madrugada-apos-desfile-do-muricocas-do-miramar\/#breadcrumblist","itemListElement":[{"@type":"ListItem","@id":"https:\/\/ejornais.com.br#listItem","position":1,"name":"In\u00edcio","item":"https:\/\/ejornais.com.br","nextItem":{"@type":"ListItem","@id":"https:\/\/ejornais.com.br\/index.php\/category\/ejornais\/#listItem","name":"Cat\u00e1logo de Jornais"}},{"@type":"ListItem","@id":"https:\/\/ejornais.com.br\/index.php\/category\/ejornais\/#listItem","position":2,"name":"Cat\u00e1logo de Jornais","item":"https:\/\/ejornais.com.br\/index.php\/category\/ejornais\/","nextItem":{"@type":"ListItem","@id":"https:\/\/ejornais.com.br\/index.php\/2026\/02\/12\/emlur-realiza-limpeza-da-via-folia-na-madrugada-apos-desfile-do-muricocas-do-miramar\/#listItem","name":"Emlur realiza limpeza da Via Folia na madrugada ap\u00f3s desfile do Muri\u00e7ocas do Miramar"},"previousItem":{"@type":"ListItem","@id":"https:\/\/ejornais.com.br#listItem","name":"In\u00edcio"}},{"@type":"ListItem","@id":"https:\/\/ejornais.com.br\/index.php\/2026\/02\/12\/emlur-realiza-limpeza-da-via-folia-na-madrugada-apos-desfile-do-muricocas-do-miramar\/#listItem","position":3,"name":"Emlur realiza limpeza da Via Folia na madrugada ap\u00f3s desfile do Muri\u00e7ocas do Miramar","previousItem":{"@type":"ListItem","@id":"https:\/\/ejornais.com.br\/index.php\/category\/ejornais\/#listItem","name":"Cat\u00e1logo de Jornais"}}]},{"@type":"Organization","@id":"https:\/\/ejornais.com.br\/#organization","name":"eJornais","description":"Cat\u00e1logo de Jornais no mundo, Not\u00edcias, Blog e Esportes ao vivo","url":"https:\/\/ejornais.com.br\/"},{"@type":"Person","@id":"https:\/\/ejornais.com.br\/index.php\/author\/admin1\/#author","url":"https:\/\/ejornais.com.br\/index.php\/author\/admin1\/","name":"admin1","image":{"@type":"ImageObject","@id":"https:\/\/ejornais.com.br\/index.php\/2026\/02\/12\/emlur-realiza-limpeza-da-via-folia-na-madrugada-apos-desfile-do-muricocas-do-miramar\/#authorImage","url":"https:\/\/secure.gravatar.com\/avatar\/04084e6d73c042b8646e7c17b494073bf0ede3ea13c7105cfc45cbbbc28385a4?s=96&d=mm&r=g","width":96,"height":96,"caption":"admin1"}},{"@type":"WebPage","@id":"https:\/\/ejornais.com.br\/index.php\/2026\/02\/12\/emlur-realiza-limpeza-da-via-folia-na-madrugada-apos-desfile-do-muricocas-do-miramar\/#webpage","url":"https:\/\/ejornais.com.br\/index.php\/2026\/02\/12\/emlur-realiza-limpeza-da-via-folia-na-madrugada-apos-desfile-do-muricocas-do-miramar\/","name":"Emlur realiza limpeza da Via Folia na madrugada ap\u00f3s desfile do Muri\u00e7ocas do Miramar - eJornais","description":"A Autarquia Especial Municipal de Limpeza Urbana (Emlur) realizou, na madrugada desta quinta-feira (12), uma opera\u00e7\u00e3o especial de limpeza na Via Folia, ap\u00f3s o desfile do tradicional bloco Muri\u00e7ocas do Miramar. Mesmo com a presen\u00e7a de milhares de foli\u00f5es, a avenida amanheceu completamente limpa e organizada. As equipes intensificaram os trabalhos logo ap\u00f3s a dispers\u00e3o","inLanguage":"pt-BR","isPartOf":{"@id":"https:\/\/ejornais.com.br\/#website"},"breadcrumb":{"@id":"https:\/\/ejornais.com.br\/index.php\/2026\/02\/12\/emlur-realiza-limpeza-da-via-folia-na-madrugada-apos-desfile-do-muricocas-do-miramar\/#breadcrumblist"},"author":{"@id":"https:\/\/ejornais.com.br\/index.php\/author\/admin1\/#author"},"creator":{"@id":"https:\/\/ejornais.com.br\/index.php\/author\/admin1\/#author"},"datePublished":"2026-02-12T11:40:00-03:00","dateModified":"2026-02-12T11:40:00-03:00"},{"@type":"WebSite","@id":"https:\/\/ejornais.com.br\/#website","url":"https:\/\/ejornais.com.br\/","name":"eJornais","description":"Cat\u00e1logo de Jornais no mundo, Not\u00edcias, Blog e Esportes ao vivo","inLanguage":"pt-BR","publisher":{"@id":"https:\/\/ejornais.com.br\/#organization"}}]},"og:locale":"pt_BR","og:site_name":"eJornais - Cat\u00e1logo de Jornais no mundo, Not\u00edcias, Blog e Esportes ao vivo","og:type":"article","og:title":"Emlur realiza limpeza da Via Folia na madrugada ap\u00f3s desfile do Muri\u00e7ocas do Miramar - eJornais","og:description":"A Autarquia Especial Municipal de Limpeza Urbana (Emlur) realizou, na madrugada desta quinta-feira (12), uma opera\u00e7\u00e3o especial de limpeza na Via Folia, ap\u00f3s o desfile do tradicional bloco Muri\u00e7ocas do Miramar. Mesmo com a presen\u00e7a de milhares de foli\u00f5es, a avenida amanheceu completamente limpa e organizada. As equipes intensificaram os trabalhos logo ap\u00f3s a dispers\u00e3o","og:url":"https:\/\/ejornais.com.br\/index.php\/2026\/02\/12\/emlur-realiza-limpeza-da-via-folia-na-madrugada-apos-desfile-do-muricocas-do-miramar\/","article:published_time":"2026-02-12T14:40:00+00:00","article:modified_time":"2026-02-12T14:40:00+00:00","twitter:card":"summary_large_image","twitter:title":"Emlur realiza limpeza da Via Folia na madrugada ap\u00f3s desfile do Muri\u00e7ocas do Miramar - eJornais","twitter:description":"A Autarquia Especial Municipal de Limpeza Urbana (Emlur) realizou, na madrugada desta quinta-feira (12), uma opera\u00e7\u00e3o especial de limpeza na Via Folia, ap\u00f3s o desfile do tradicional bloco Muri\u00e7ocas do Miramar. Mesmo com a presen\u00e7a de milhares de foli\u00f5es, a avenida amanheceu completamente limpa e organizada. As equipes intensificaram os trabalhos logo ap\u00f3s a dispers\u00e3o"},"aioseo_meta_data":{"post_id":"60626","title":null,"description":null,"keywords":null,"keyphrases":null,"primary_term":null,"canonical_url":null,"og_title":null,"og_description":null,"og_object_type":"default","og_image_type":"default","og_image_url":null,"og_image_width":null,"og_image_height":null,"og_image_custom_url":null,"og_image_custom_fields":null,"og_video":null,"og_custom_url":null,"og_article_section":null,"og_article_tags":null,"twitter_use_og":false,"twitter_card":"default","twitter_image_type":"default","twitter_image_url":null,"twitter_image_custom_url":null,"twitter_image_custom_fields":null,"twitter_title":null,"twitter_description":null,"schema":{"blockGraphs":[],"customGraphs":[],"default":{"data":{"Article":[],"Course":[],"Dataset":[],"FAQPage":[],"Movie":[],"Person":[],"Product":[],"ProductReview":[],"Car":[],"Recipe":[],"Service":[],"SoftwareApplication":[],"WebPage":[]},"graphName":"","isEnabled":true},"graphs":[]},"schema_type":"default","schema_type_options":null,"pillar_content":false,"robots_default":true,"robots_noindex":false,"robots_noarchive":false,"robots_nosnippet":false,"robots_nofollow":false,"robots_noimageindex":false,"robots_noodp":false,"robots_notranslate":false,"robots_max_snippet":null,"robots_max_videopreview":null,"robots_max_imagepreview":"large","priority":null,"frequency":null,"local_seo":null,"breadcrumb_settings":null,"limit_modified_date":false,"ai":null,"created":"2026-02-12 14:55:35","updated":"2026-02-12 14:55:35","seo_analyzer_scan_date":null,"focus_keyword":null,"additional_keywords":null,"truseo_locale":null},"aioseo_breadcrumb":"<div class=\"aioseo-breadcrumbs\"><span class=\"aioseo-breadcrumb\">\n\t\t\t<a href=\"https:\/\/ejornais.com.br\" title=\"In\u00edcio\">In\u00edcio<\/a>\n\t\t<\/span><span class=\"aioseo-breadcrumb-separator\">&raquo;<\/span><span class=\"aioseo-breadcrumb\">\n\t\t\t<a href=\"https:\/\/ejornais.com.br\/index.php\/category\/ejornais\/\" title=\"Cat\u00e1logo de Jornais\">Cat\u00e1logo de Jornais<\/a>\n\t\t<\/span><span class=\"aioseo-breadcrumb-separator\">&raquo;<\/span><span class=\"aioseo-breadcrumb\">\n\t\t\tEmlur realiza limpeza da Via Folia na madrugada ap\u00f3s desfile do Muri\u00e7ocas do Miramar\n\t\t<\/span><\/div>","aioseo_breadcrumb_json":[{"label":"In\u00edcio","link":"https:\/\/ejornais.com.br"},{"label":"Cat\u00e1logo de Jornais","link":"https:\/\/ejornais.com.br\/index.php\/category\/ejornais\/"},{"label":"Emlur realiza limpeza da Via Folia na madrugada ap\u00f3s desfile do Muri\u00e7ocas do Miramar","link":"https:\/\/ejornais.com.br\/index.php\/2026\/02\/12\/emlur-realiza-limpeza-da-via-folia-na-madrugada-apos-desfile-do-muricocas-do-miramar\/"}],"amp_enabled":true,"_links":{"self":[{"href":"https:\/\/ejornais.com.br\/index.php\/wp-json\/wp\/v2\/posts\/60626","targetHints":{"allow":["GET"]}}],"collection":[{"href":"https:\/\/ejornais.com.br\/index.php\/wp-json\/wp\/v2\/posts"}],"about":[{"href":"https:\/\/ejornais.com.br\/index.php\/wp-json\/wp\/v2\/types\/post"}],"author":[{"embeddable":true,"href":"https:\/\/ejornais.com.br\/index.php\/wp-json\/wp\/v2\/users\/2"}],"replies":[{"embeddable":true,"href":"https:\/\/ejornais.com.br\/index.php\/wp-json\/wp\/v2\/comments?post=60626"}],"version-history":[{"count":0,"href":"https:\/\/ejornais.com.br\/index.php\/wp-json\/wp\/v2\/posts\/60626\/revisions"}],"wp:attachment":[{"href":"https:\/\/ejornais.com.br\/index.php\/wp-json\/wp\/v2\/media?parent=60626"}],"wp:term":[{"taxonomy":"category","embeddable":true,"href":"https:\/\/ejornais.com.br\/index.php\/wp-json\/wp\/v2\/categories?post=60626"},{"taxonomy":"post_tag","embeddable":true,"href":"https:\/\/ejornais.com.br\/index.php\/wp-json\/wp\/v2\/tags?post=60626"}],"curies":[{"name":"wp","href":"https:\/\/api.w.org\/{rel}","templated":true}]}}