{"id":60892,"date":"2026-02-17T18:39:12","date_gmt":"2026-02-17T21:39:12","guid":{"rendered":"https:\/\/ejornais.com.br\/index.php\/2026\/02\/17\/casa-do-catador-chega-ao-quinto-dia-de-funcionamento-reforcando-acolhimento-ao-trabalhador-autonomo-prefeitura-da-cidade-do-rio-de-janeiro\/"},"modified":"2026-02-17T18:39:12","modified_gmt":"2026-02-17T21:39:12","slug":"casa-do-catador-chega-ao-quinto-dia-de-funcionamento-reforcando-acolhimento-ao-trabalhador-autonomo-prefeitura-da-cidade-do-rio-de-janeiro","status":"publish","type":"post","link":"https:\/\/ejornais.com.br\/index.php\/2026\/02\/17\/casa-do-catador-chega-ao-quinto-dia-de-funcionamento-reforcando-acolhimento-ao-trabalhador-autonomo-prefeitura-da-cidade-do-rio-de-janeiro\/","title":{"rendered":"Casa do Catador chega ao quinto dia de funcionamento refor\u00e7ando acolhimento ao trabalhador aut\u00f4nomo &#8211; Prefeitura da Cidade do Rio de Janeiro"},"content":{"rendered":"<p><\/p>\n<div id=\"main\">\n<div class=\"wrapper-breadcrumbs\" wp_automatic_readability=\"63.680031653917\">\n<div class=\"image-post\" wp_automatic_readability=\"33\">\n                     Espa\u00e7o \u00e9 uma iniciativa social da Secretaria Municipal de Meio Ambiente e Clima &#8211; Divulga\u00e7\u00e3o \/ SMAC                  <\/div>\n<p>A Casa do Catador, no Centro do Rio, chega ao seu quinto dia de funcionamento nesta ter\u00e7a-feira de Carnaval (17\/2), reafirmando o compromisso de dar acolhimento aos catadores de recicl\u00e1veis aut\u00f4nomos. O espa\u00e7o \u00e9 uma iniciativa social da Secretaria Municipal de Meio Ambiente e Clima (SMAC), que coloca no centro da pol\u00edtica ambiental aqueles que mant\u00eam a cidade limpa ap\u00f3s a festa. A Casa do Catador oferece alimenta\u00e7\u00e3o, espa\u00e7o de descanso, estrutura de higiene, apoio psicossocial, distribui\u00e7\u00e3o de Equipamentos de Prote\u00e7\u00e3o Individual (EPIs), regulariza\u00e7\u00e3o documental, cadastramento em pol\u00edticas p\u00fablicas (como Cad\u00danico) e organiza\u00e7\u00e3o da cadeia da reciclagem com ponto estruturado de triagem e pesagem.<\/p>\n<p>A Casa atende especialmente trabalhadores e trabalhadoras em situa\u00e7\u00e3o de vulnerabilidade social, informalidade ou situa\u00e7\u00e3o de rua, garantindo condi\u00e7\u00f5es dignas de trabalho e ampliando o acesso a direitos.<\/p>\n<p><strong>Catadores destacam humanidade e dignidade da iniciativa<\/strong><\/p>\n<p>Catador e representante do Movimento Nacional dos Catadores de Materiais Recicl\u00e1veis (MNCR) no Rio de Janeiro, Custodio da Silva Chaves, 66 anos, fala em dignidade para esses trabalhadores, destacando a import\u00e2ncia da categoria na busca por uma cidade mais sustent\u00e1vel.<\/p>\n<blockquote wp_automatic_readability=\"8\">\n<p>\u2013 Temos catadores em situa\u00e7\u00e3o de rua eisso aqui \u00e9 o trabalho deles. Olha o resultado dessa semente que est\u00e1 sendo plantada aqui no Rio de Janeiro \u2013 diz ele, apontando para materiais coletados nas ruas j\u00e1 separados no galp\u00e3o da Casa do Catador.<\/p>\n<\/blockquote>\n<p>Jorge Neves de Souza, da cooperativa Coopar e da Febracom (Federa\u00e7\u00e3o de Cooperativas de Materiais Recicl\u00e1veis, Recupera\u00e7\u00e3o, Conserva\u00e7\u00e3o Ambiental, Tratamento, Manipula\u00e7\u00e3o e Disposi\u00e7\u00e3o Final de Res\u00edduos S\u00f3lidos do Estado do Rio de Janeiro) tamb\u00e9m enfatiza o acolhimento da Casa do Catador:<\/p>\n<blockquote wp_automatic_readability=\"12\">\n<p>\u2013 Essa porta aqui est\u00e1 verdadeiramente tendo resultado, ao acolher o catador avulso. Isso \u00e9 in\u00e9dito. A realidade do catador avulso, quando n\u00e3o havia esse projeto, era a de dormir na rua. Agora, ele pode dormir, tomar um banho. \u00c9 humanidade.<\/p>\n<\/blockquote>\n<p>Secret\u00e1ria de Meio Ambiente e Clima, Tain\u00e1 de Paula destaca a exist\u00eancia de \u201cuma pol\u00edtica municipal de a\u00e7\u00e3o afirmativa do catador\u201d.<\/p>\n<blockquote wp_automatic_readability=\"8\">\n<p>\u2013 Os grandes eventos n\u00e3o podem acontecer se n\u00e3o tiverem opera\u00e7\u00e3o com o catador. A Casa do Catador \u00e9 fundamental porque tem muito catador vulner\u00e1vel que passa sete dias em situa\u00e7\u00e3o de rua e aqui eles t\u00eam um lugar de abrigo seguro. \u00c9 uma outra qualidade de vida para a entrada no mercado de trabalho formal. Catador \u00e9 trabalhador \u2013 afirma a secret\u00e1ria.<\/p>\n<\/blockquote>\n<p>Em meio \u00e0 alegria da festa, s\u00e3o os catadores que garantem que latas, garrafas e outros materiais retornem ao ciclo produtivo. A Casa do Catador refor\u00e7a o reconhecimento desses trabalhadores como agentes ambientais essenciais, promovendo cidadania, autoestima e justi\u00e7a social.<\/p>\n<p>A realiza\u00e7\u00e3o \u00e9 da Secretaria Municipal de Meio Ambiente e Clima (SMAC), com parceria da Caixa Econ\u00f4mica Federal e apoio do Governo do Brasil.<\/p>\n<p>             <!-- Compartilhe ---><\/p>\n<p>\t\t\t <!-- TAGS --><\/p>\n<section class=\"category-tags\">\n<article class=\"tags\">\n\t\t\t\t\tMarca\u00e7\u00f5es: Casa do Catador<br \/><\/article>\n<\/section>\n<p>            <!-- Mais Not&iacute;cias --><\/p>\n<p>\t\t<!-- Conte&uacute;do SIDEBAR --><\/p><\/div>\n<\/p><\/div>\n","protected":false},"excerpt":{"rendered":"<p>Espa\u00e7o \u00e9 uma iniciativa social da Secretaria Municipal de Meio Ambiente e Clima &#8211; Divulga\u00e7\u00e3o \/ SMAC A Casa do<\/p>\n","protected":false},"author":2,"featured_media":0,"comment_status":"","ping_status":"","sticky":false,"template":"","format":"standard","meta":{"colormag_page_container_layout":"default_layout","colormag_page_sidebar_layout":"default_layout","footnotes":""},"categories":[1],"tags":[],"class_list":["post-60892","post","type-post","status-publish","format-standard","hentry","category-ejornais"],"aioseo_notices":[],"aioseo_head":"\n\t\t<!-- All in One SEO 5.0.1.1 - aioseo.com -->\n\t<meta name=\"description\" content=\"Espa\u00e7o \u00e9 uma iniciativa social da Secretaria Municipal de Meio Ambiente e Clima - Divulga\u00e7\u00e3o \/ SMAC A Casa do Catador, no Centro do Rio, chega ao seu quinto dia de funcionamento nesta ter\u00e7a-feira de Carnaval (17\/2), reafirmando o compromisso de dar acolhimento aos catadores de recicl\u00e1veis aut\u00f4nomos. O espa\u00e7o \u00e9 uma iniciativa social da\" \/>\n\t<meta name=\"robots\" content=\"max-image-preview:large\" \/>\n\t<meta name=\"author\" content=\"admin1\"\/>\n\t<link rel=\"canonical\" href=\"https:\/\/ejornais.com.br\/index.php\/2026\/02\/17\/casa-do-catador-chega-ao-quinto-dia-de-funcionamento-reforcando-acolhimento-ao-trabalhador-autonomo-prefeitura-da-cidade-do-rio-de-janeiro\/\" \/>\n\t<meta name=\"generator\" content=\"All in One SEO (AIOSEO) 5.0.1.1\" \/>\n\t\t<meta property=\"og:locale\" content=\"pt_BR\" \/>\n\t\t<meta property=\"og:site_name\" content=\"eJornais - Cat\u00e1logo de Jornais no mundo, Not\u00edcias, Blog e Esportes ao vivo\" \/>\n\t\t<meta property=\"og:type\" content=\"article\" \/>\n\t\t<meta property=\"og:title\" content=\"Casa do Catador chega ao quinto dia de funcionamento refor\u00e7ando acolhimento ao trabalhador aut\u00f4nomo \u2013 Prefeitura da Cidade do Rio de Janeiro - eJornais\" \/>\n\t\t<meta property=\"og:description\" content=\"Espa\u00e7o \u00e9 uma iniciativa social da Secretaria Municipal de Meio Ambiente e Clima - Divulga\u00e7\u00e3o \/ SMAC A Casa do Catador, no Centro do Rio, chega ao seu quinto dia de funcionamento nesta ter\u00e7a-feira de Carnaval (17\/2), reafirmando o compromisso de dar acolhimento aos catadores de recicl\u00e1veis aut\u00f4nomos. O espa\u00e7o \u00e9 uma iniciativa social da\" \/>\n\t\t<meta property=\"og:url\" content=\"https:\/\/ejornais.com.br\/index.php\/2026\/02\/17\/casa-do-catador-chega-ao-quinto-dia-de-funcionamento-reforcando-acolhimento-ao-trabalhador-autonomo-prefeitura-da-cidade-do-rio-de-janeiro\/\" \/>\n\t\t<meta property=\"article:published_time\" content=\"2026-02-17T21:39:12+00:00\" \/>\n\t\t<meta property=\"article:modified_time\" content=\"2026-02-17T21:39:12+00:00\" \/>\n\t\t<meta name=\"twitter:card\" content=\"summary_large_image\" \/>\n\t\t<meta name=\"twitter:title\" content=\"Casa do Catador chega ao quinto dia de funcionamento refor\u00e7ando acolhimento ao trabalhador aut\u00f4nomo \u2013 Prefeitura da Cidade do Rio de Janeiro - eJornais\" \/>\n\t\t<meta name=\"twitter:description\" content=\"Espa\u00e7o \u00e9 uma iniciativa social da Secretaria Municipal de Meio Ambiente e Clima - Divulga\u00e7\u00e3o \/ SMAC A Casa do Catador, no Centro do Rio, chega ao seu quinto dia de funcionamento nesta ter\u00e7a-feira de Carnaval (17\/2), reafirmando o compromisso de dar acolhimento aos catadores de recicl\u00e1veis aut\u00f4nomos. O espa\u00e7o \u00e9 uma iniciativa social da\" \/>\n\t\t<script type=\"application\/ld+json\" class=\"aioseo-schema\">\n\t\t\t{\"@context\":\"https:\\\/\\\/schema.org\",\"@graph\":[{\"@type\":\"BlogPosting\",\"@id\":\"https:\\\/\\\/ejornais.com.br\\\/index.php\\\/2026\\\/02\\\/17\\\/casa-do-catador-chega-ao-quinto-dia-de-funcionamento-reforcando-acolhimento-ao-trabalhador-autonomo-prefeitura-da-cidade-do-rio-de-janeiro\\\/#blogposting\",\"name\":\"Casa do Catador chega ao quinto dia de funcionamento refor\\u00e7ando acolhimento ao trabalhador aut\\u00f4nomo \\u2013 Prefeitura da Cidade do Rio de Janeiro - eJornais\",\"headline\":\"Casa do Catador chega ao quinto dia de funcionamento refor\\u00e7ando acolhimento ao trabalhador aut\\u00f4nomo &#8211; Prefeitura da Cidade do Rio de Janeiro\",\"author\":{\"@id\":\"https:\\\/\\\/ejornais.com.br\\\/index.php\\\/author\\\/admin1\\\/#author\"},\"publisher\":{\"@id\":\"https:\\\/\\\/ejornais.com.br\\\/#organization\"},\"datePublished\":\"2026-02-17T18:39:12-03:00\",\"dateModified\":\"2026-02-17T18:39:12-03:00\",\"inLanguage\":\"pt-BR\",\"mainEntityOfPage\":{\"@id\":\"https:\\\/\\\/ejornais.com.br\\\/index.php\\\/2026\\\/02\\\/17\\\/casa-do-catador-chega-ao-quinto-dia-de-funcionamento-reforcando-acolhimento-ao-trabalhador-autonomo-prefeitura-da-cidade-do-rio-de-janeiro\\\/#webpage\"},\"isPartOf\":{\"@id\":\"https:\\\/\\\/ejornais.com.br\\\/index.php\\\/2026\\\/02\\\/17\\\/casa-do-catador-chega-ao-quinto-dia-de-funcionamento-reforcando-acolhimento-ao-trabalhador-autonomo-prefeitura-da-cidade-do-rio-de-janeiro\\\/#webpage\"},\"articleSection\":\"Cat\\u00e1logo de Jornais\"},{\"@type\":\"BreadcrumbList\",\"@id\":\"https:\\\/\\\/ejornais.com.br\\\/index.php\\\/2026\\\/02\\\/17\\\/casa-do-catador-chega-ao-quinto-dia-de-funcionamento-reforcando-acolhimento-ao-trabalhador-autonomo-prefeitura-da-cidade-do-rio-de-janeiro\\\/#breadcrumblist\",\"itemListElement\":[{\"@type\":\"ListItem\",\"@id\":\"https:\\\/\\\/ejornais.com.br#listItem\",\"position\":1,\"name\":\"In\\u00edcio\",\"item\":\"https:\\\/\\\/ejornais.com.br\",\"nextItem\":{\"@type\":\"ListItem\",\"@id\":\"https:\\\/\\\/ejornais.com.br\\\/index.php\\\/category\\\/ejornais\\\/#listItem\",\"name\":\"Cat\\u00e1logo de Jornais\"}},{\"@type\":\"ListItem\",\"@id\":\"https:\\\/\\\/ejornais.com.br\\\/index.php\\\/category\\\/ejornais\\\/#listItem\",\"position\":2,\"name\":\"Cat\\u00e1logo de Jornais\",\"item\":\"https:\\\/\\\/ejornais.com.br\\\/index.php\\\/category\\\/ejornais\\\/\",\"nextItem\":{\"@type\":\"ListItem\",\"@id\":\"https:\\\/\\\/ejornais.com.br\\\/index.php\\\/2026\\\/02\\\/17\\\/casa-do-catador-chega-ao-quinto-dia-de-funcionamento-reforcando-acolhimento-ao-trabalhador-autonomo-prefeitura-da-cidade-do-rio-de-janeiro\\\/#listItem\",\"name\":\"Casa do Catador chega ao quinto dia de funcionamento refor\\u00e7ando acolhimento ao trabalhador aut\\u00f4nomo &#8211; Prefeitura da Cidade do Rio de Janeiro\"},\"previousItem\":{\"@type\":\"ListItem\",\"@id\":\"https:\\\/\\\/ejornais.com.br#listItem\",\"name\":\"In\\u00edcio\"}},{\"@type\":\"ListItem\",\"@id\":\"https:\\\/\\\/ejornais.com.br\\\/index.php\\\/2026\\\/02\\\/17\\\/casa-do-catador-chega-ao-quinto-dia-de-funcionamento-reforcando-acolhimento-ao-trabalhador-autonomo-prefeitura-da-cidade-do-rio-de-janeiro\\\/#listItem\",\"position\":3,\"name\":\"Casa do Catador chega ao quinto dia de funcionamento refor\\u00e7ando acolhimento ao trabalhador aut\\u00f4nomo &#8211; Prefeitura da Cidade do Rio de Janeiro\",\"previousItem\":{\"@type\":\"ListItem\",\"@id\":\"https:\\\/\\\/ejornais.com.br\\\/index.php\\\/category\\\/ejornais\\\/#listItem\",\"name\":\"Cat\\u00e1logo de Jornais\"}}]},{\"@type\":\"Organization\",\"@id\":\"https:\\\/\\\/ejornais.com.br\\\/#organization\",\"name\":\"eJornais\",\"description\":\"Cat\\u00e1logo de Jornais no mundo, Not\\u00edcias, Blog e Esportes ao vivo\",\"url\":\"https:\\\/\\\/ejornais.com.br\\\/\"},{\"@type\":\"Person\",\"@id\":\"https:\\\/\\\/ejornais.com.br\\\/index.php\\\/author\\\/admin1\\\/#author\",\"url\":\"https:\\\/\\\/ejornais.com.br\\\/index.php\\\/author\\\/admin1\\\/\",\"name\":\"admin1\",\"image\":{\"@type\":\"ImageObject\",\"@id\":\"https:\\\/\\\/ejornais.com.br\\\/index.php\\\/2026\\\/02\\\/17\\\/casa-do-catador-chega-ao-quinto-dia-de-funcionamento-reforcando-acolhimento-ao-trabalhador-autonomo-prefeitura-da-cidade-do-rio-de-janeiro\\\/#authorImage\",\"url\":\"https:\\\/\\\/secure.gravatar.com\\\/avatar\\\/04084e6d73c042b8646e7c17b494073bf0ede3ea13c7105cfc45cbbbc28385a4?s=96&d=mm&r=g\",\"width\":96,\"height\":96,\"caption\":\"admin1\"}},{\"@type\":\"WebPage\",\"@id\":\"https:\\\/\\\/ejornais.com.br\\\/index.php\\\/2026\\\/02\\\/17\\\/casa-do-catador-chega-ao-quinto-dia-de-funcionamento-reforcando-acolhimento-ao-trabalhador-autonomo-prefeitura-da-cidade-do-rio-de-janeiro\\\/#webpage\",\"url\":\"https:\\\/\\\/ejornais.com.br\\\/index.php\\\/2026\\\/02\\\/17\\\/casa-do-catador-chega-ao-quinto-dia-de-funcionamento-reforcando-acolhimento-ao-trabalhador-autonomo-prefeitura-da-cidade-do-rio-de-janeiro\\\/\",\"name\":\"Casa do Catador chega ao quinto dia de funcionamento refor\\u00e7ando acolhimento ao trabalhador aut\\u00f4nomo \\u2013 Prefeitura da Cidade do Rio de Janeiro - eJornais\",\"description\":\"Espa\\u00e7o \\u00e9 uma iniciativa social da Secretaria Municipal de Meio Ambiente e Clima - Divulga\\u00e7\\u00e3o \\\/ SMAC A Casa do Catador, no Centro do Rio, chega ao seu quinto dia de funcionamento nesta ter\\u00e7a-feira de Carnaval (17\\\/2), reafirmando o compromisso de dar acolhimento aos catadores de recicl\\u00e1veis aut\\u00f4nomos. O espa\\u00e7o \\u00e9 uma iniciativa social da\",\"inLanguage\":\"pt-BR\",\"isPartOf\":{\"@id\":\"https:\\\/\\\/ejornais.com.br\\\/#website\"},\"breadcrumb\":{\"@id\":\"https:\\\/\\\/ejornais.com.br\\\/index.php\\\/2026\\\/02\\\/17\\\/casa-do-catador-chega-ao-quinto-dia-de-funcionamento-reforcando-acolhimento-ao-trabalhador-autonomo-prefeitura-da-cidade-do-rio-de-janeiro\\\/#breadcrumblist\"},\"author\":{\"@id\":\"https:\\\/\\\/ejornais.com.br\\\/index.php\\\/author\\\/admin1\\\/#author\"},\"creator\":{\"@id\":\"https:\\\/\\\/ejornais.com.br\\\/index.php\\\/author\\\/admin1\\\/#author\"},\"datePublished\":\"2026-02-17T18:39:12-03:00\",\"dateModified\":\"2026-02-17T18:39:12-03:00\"},{\"@type\":\"WebSite\",\"@id\":\"https:\\\/\\\/ejornais.com.br\\\/#website\",\"url\":\"https:\\\/\\\/ejornais.com.br\\\/\",\"name\":\"eJornais\",\"description\":\"Cat\\u00e1logo de Jornais no mundo, Not\\u00edcias, Blog e Esportes ao vivo\",\"inLanguage\":\"pt-BR\",\"publisher\":{\"@id\":\"https:\\\/\\\/ejornais.com.br\\\/#organization\"}}]}\n\t\t<\/script>\n\t\t<!-- All in One SEO -->\n\n","aioseo_head_json":{"title":"Casa do Catador chega ao quinto dia de funcionamento refor\u00e7ando acolhimento ao trabalhador aut\u00f4nomo \u2013 Prefeitura da Cidade do Rio de Janeiro - eJornais","description":"Espa\u00e7o \u00e9 uma iniciativa social da Secretaria Municipal de Meio Ambiente e Clima - Divulga\u00e7\u00e3o \/ SMAC A Casa do Catador, no Centro do Rio, chega ao seu quinto dia de funcionamento nesta ter\u00e7a-feira de Carnaval (17\/2), reafirmando o compromisso de dar acolhimento aos catadores de recicl\u00e1veis aut\u00f4nomos. O espa\u00e7o \u00e9 uma iniciativa social da","canonical_url":"https:\/\/ejornais.com.br\/index.php\/2026\/02\/17\/casa-do-catador-chega-ao-quinto-dia-de-funcionamento-reforcando-acolhimento-ao-trabalhador-autonomo-prefeitura-da-cidade-do-rio-de-janeiro\/","robots":"max-image-preview:large","keywords":"","webmasterTools":{"miscellaneous":""},"schema":{"@context":"https:\/\/schema.org","@graph":[{"@type":"BlogPosting","@id":"https:\/\/ejornais.com.br\/index.php\/2026\/02\/17\/casa-do-catador-chega-ao-quinto-dia-de-funcionamento-reforcando-acolhimento-ao-trabalhador-autonomo-prefeitura-da-cidade-do-rio-de-janeiro\/#blogposting","name":"Casa do Catador chega ao quinto dia de funcionamento refor\u00e7ando acolhimento ao trabalhador aut\u00f4nomo \u2013 Prefeitura da Cidade do Rio de Janeiro - eJornais","headline":"Casa do Catador chega ao quinto dia de funcionamento refor\u00e7ando acolhimento ao trabalhador aut\u00f4nomo &#8211; Prefeitura da Cidade do Rio de Janeiro","author":{"@id":"https:\/\/ejornais.com.br\/index.php\/author\/admin1\/#author"},"publisher":{"@id":"https:\/\/ejornais.com.br\/#organization"},"datePublished":"2026-02-17T18:39:12-03:00","dateModified":"2026-02-17T18:39:12-03:00","inLanguage":"pt-BR","mainEntityOfPage":{"@id":"https:\/\/ejornais.com.br\/index.php\/2026\/02\/17\/casa-do-catador-chega-ao-quinto-dia-de-funcionamento-reforcando-acolhimento-ao-trabalhador-autonomo-prefeitura-da-cidade-do-rio-de-janeiro\/#webpage"},"isPartOf":{"@id":"https:\/\/ejornais.com.br\/index.php\/2026\/02\/17\/casa-do-catador-chega-ao-quinto-dia-de-funcionamento-reforcando-acolhimento-ao-trabalhador-autonomo-prefeitura-da-cidade-do-rio-de-janeiro\/#webpage"},"articleSection":"Cat\u00e1logo de Jornais"},{"@type":"BreadcrumbList","@id":"https:\/\/ejornais.com.br\/index.php\/2026\/02\/17\/casa-do-catador-chega-ao-quinto-dia-de-funcionamento-reforcando-acolhimento-ao-trabalhador-autonomo-prefeitura-da-cidade-do-rio-de-janeiro\/#breadcrumblist","itemListElement":[{"@type":"ListItem","@id":"https:\/\/ejornais.com.br#listItem","position":1,"name":"In\u00edcio","item":"https:\/\/ejornais.com.br","nextItem":{"@type":"ListItem","@id":"https:\/\/ejornais.com.br\/index.php\/category\/ejornais\/#listItem","name":"Cat\u00e1logo de Jornais"}},{"@type":"ListItem","@id":"https:\/\/ejornais.com.br\/index.php\/category\/ejornais\/#listItem","position":2,"name":"Cat\u00e1logo de Jornais","item":"https:\/\/ejornais.com.br\/index.php\/category\/ejornais\/","nextItem":{"@type":"ListItem","@id":"https:\/\/ejornais.com.br\/index.php\/2026\/02\/17\/casa-do-catador-chega-ao-quinto-dia-de-funcionamento-reforcando-acolhimento-ao-trabalhador-autonomo-prefeitura-da-cidade-do-rio-de-janeiro\/#listItem","name":"Casa do Catador chega ao quinto dia de funcionamento refor\u00e7ando acolhimento ao trabalhador aut\u00f4nomo &#8211; Prefeitura da Cidade do Rio de Janeiro"},"previousItem":{"@type":"ListItem","@id":"https:\/\/ejornais.com.br#listItem","name":"In\u00edcio"}},{"@type":"ListItem","@id":"https:\/\/ejornais.com.br\/index.php\/2026\/02\/17\/casa-do-catador-chega-ao-quinto-dia-de-funcionamento-reforcando-acolhimento-ao-trabalhador-autonomo-prefeitura-da-cidade-do-rio-de-janeiro\/#listItem","position":3,"name":"Casa do Catador chega ao quinto dia de funcionamento refor\u00e7ando acolhimento ao trabalhador aut\u00f4nomo &#8211; Prefeitura da Cidade do Rio de Janeiro","previousItem":{"@type":"ListItem","@id":"https:\/\/ejornais.com.br\/index.php\/category\/ejornais\/#listItem","name":"Cat\u00e1logo de Jornais"}}]},{"@type":"Organization","@id":"https:\/\/ejornais.com.br\/#organization","name":"eJornais","description":"Cat\u00e1logo de Jornais no mundo, Not\u00edcias, Blog e Esportes ao vivo","url":"https:\/\/ejornais.com.br\/"},{"@type":"Person","@id":"https:\/\/ejornais.com.br\/index.php\/author\/admin1\/#author","url":"https:\/\/ejornais.com.br\/index.php\/author\/admin1\/","name":"admin1","image":{"@type":"ImageObject","@id":"https:\/\/ejornais.com.br\/index.php\/2026\/02\/17\/casa-do-catador-chega-ao-quinto-dia-de-funcionamento-reforcando-acolhimento-ao-trabalhador-autonomo-prefeitura-da-cidade-do-rio-de-janeiro\/#authorImage","url":"https:\/\/secure.gravatar.com\/avatar\/04084e6d73c042b8646e7c17b494073bf0ede3ea13c7105cfc45cbbbc28385a4?s=96&d=mm&r=g","width":96,"height":96,"caption":"admin1"}},{"@type":"WebPage","@id":"https:\/\/ejornais.com.br\/index.php\/2026\/02\/17\/casa-do-catador-chega-ao-quinto-dia-de-funcionamento-reforcando-acolhimento-ao-trabalhador-autonomo-prefeitura-da-cidade-do-rio-de-janeiro\/#webpage","url":"https:\/\/ejornais.com.br\/index.php\/2026\/02\/17\/casa-do-catador-chega-ao-quinto-dia-de-funcionamento-reforcando-acolhimento-ao-trabalhador-autonomo-prefeitura-da-cidade-do-rio-de-janeiro\/","name":"Casa do Catador chega ao quinto dia de funcionamento refor\u00e7ando acolhimento ao trabalhador aut\u00f4nomo \u2013 Prefeitura da Cidade do Rio de Janeiro - eJornais","description":"Espa\u00e7o \u00e9 uma iniciativa social da Secretaria Municipal de Meio Ambiente e Clima - Divulga\u00e7\u00e3o \/ SMAC A Casa do Catador, no Centro do Rio, chega ao seu quinto dia de funcionamento nesta ter\u00e7a-feira de Carnaval (17\/2), reafirmando o compromisso de dar acolhimento aos catadores de recicl\u00e1veis aut\u00f4nomos. O espa\u00e7o \u00e9 uma iniciativa social da","inLanguage":"pt-BR","isPartOf":{"@id":"https:\/\/ejornais.com.br\/#website"},"breadcrumb":{"@id":"https:\/\/ejornais.com.br\/index.php\/2026\/02\/17\/casa-do-catador-chega-ao-quinto-dia-de-funcionamento-reforcando-acolhimento-ao-trabalhador-autonomo-prefeitura-da-cidade-do-rio-de-janeiro\/#breadcrumblist"},"author":{"@id":"https:\/\/ejornais.com.br\/index.php\/author\/admin1\/#author"},"creator":{"@id":"https:\/\/ejornais.com.br\/index.php\/author\/admin1\/#author"},"datePublished":"2026-02-17T18:39:12-03:00","dateModified":"2026-02-17T18:39:12-03:00"},{"@type":"WebSite","@id":"https:\/\/ejornais.com.br\/#website","url":"https:\/\/ejornais.com.br\/","name":"eJornais","description":"Cat\u00e1logo de Jornais no mundo, Not\u00edcias, Blog e Esportes ao vivo","inLanguage":"pt-BR","publisher":{"@id":"https:\/\/ejornais.com.br\/#organization"}}]},"og:locale":"pt_BR","og:site_name":"eJornais - Cat\u00e1logo de Jornais no mundo, Not\u00edcias, Blog e Esportes ao vivo","og:type":"article","og:title":"Casa do Catador chega ao quinto dia de funcionamento refor\u00e7ando acolhimento ao trabalhador aut\u00f4nomo \u2013 Prefeitura da Cidade do Rio de Janeiro - eJornais","og:description":"Espa\u00e7o \u00e9 uma iniciativa social da Secretaria Municipal de Meio Ambiente e Clima - Divulga\u00e7\u00e3o \/ SMAC A Casa do Catador, no Centro do Rio, chega ao seu quinto dia de funcionamento nesta ter\u00e7a-feira de Carnaval (17\/2), reafirmando o compromisso de dar acolhimento aos catadores de recicl\u00e1veis aut\u00f4nomos. O espa\u00e7o \u00e9 uma iniciativa social da","og:url":"https:\/\/ejornais.com.br\/index.php\/2026\/02\/17\/casa-do-catador-chega-ao-quinto-dia-de-funcionamento-reforcando-acolhimento-ao-trabalhador-autonomo-prefeitura-da-cidade-do-rio-de-janeiro\/","article:published_time":"2026-02-17T21:39:12+00:00","article:modified_time":"2026-02-17T21:39:12+00:00","twitter:card":"summary_large_image","twitter:title":"Casa do Catador chega ao quinto dia de funcionamento refor\u00e7ando acolhimento ao trabalhador aut\u00f4nomo \u2013 Prefeitura da Cidade do Rio de Janeiro - eJornais","twitter:description":"Espa\u00e7o \u00e9 uma iniciativa social da Secretaria Municipal de Meio Ambiente e Clima - Divulga\u00e7\u00e3o \/ SMAC A Casa do Catador, no Centro do Rio, chega ao seu quinto dia de funcionamento nesta ter\u00e7a-feira de Carnaval (17\/2), reafirmando o compromisso de dar acolhimento aos catadores de recicl\u00e1veis aut\u00f4nomos. O espa\u00e7o \u00e9 uma iniciativa social da"},"aioseo_meta_data":{"post_id":"60892","title":null,"description":null,"keywords":null,"keyphrases":null,"primary_term":null,"canonical_url":null,"og_title":null,"og_description":null,"og_object_type":"default","og_image_type":"default","og_image_url":null,"og_image_width":null,"og_image_height":null,"og_image_custom_url":null,"og_image_custom_fields":null,"og_video":null,"og_custom_url":null,"og_article_section":null,"og_article_tags":null,"twitter_use_og":false,"twitter_card":"default","twitter_image_type":"default","twitter_image_url":null,"twitter_image_custom_url":null,"twitter_image_custom_fields":null,"twitter_title":null,"twitter_description":null,"schema":{"blockGraphs":[],"customGraphs":[],"default":{"data":{"Article":[],"Course":[],"Dataset":[],"FAQPage":[],"Movie":[],"Person":[],"Product":[],"ProductReview":[],"Car":[],"Recipe":[],"Service":[],"SoftwareApplication":[],"WebPage":[]},"graphName":"","isEnabled":true},"graphs":[]},"schema_type":"default","schema_type_options":null,"pillar_content":false,"robots_default":true,"robots_noindex":false,"robots_noarchive":false,"robots_nosnippet":false,"robots_nofollow":false,"robots_noimageindex":false,"robots_noodp":false,"robots_notranslate":false,"robots_max_snippet":null,"robots_max_videopreview":null,"robots_max_imagepreview":"large","priority":null,"frequency":null,"local_seo":null,"breadcrumb_settings":null,"limit_modified_date":false,"ai":null,"created":"2026-02-17 21:53:28","updated":"2026-02-17 21:53:28","seo_analyzer_scan_date":null,"focus_keyword":null,"additional_keywords":null,"truseo_locale":null},"aioseo_breadcrumb":"<div class=\"aioseo-breadcrumbs\"><span class=\"aioseo-breadcrumb\">\n\t\t\t<a href=\"https:\/\/ejornais.com.br\" title=\"In\u00edcio\">In\u00edcio<\/a>\n\t\t<\/span><span class=\"aioseo-breadcrumb-separator\">&raquo;<\/span><span class=\"aioseo-breadcrumb\">\n\t\t\t<a href=\"https:\/\/ejornais.com.br\/index.php\/category\/ejornais\/\" title=\"Cat\u00e1logo de Jornais\">Cat\u00e1logo de Jornais<\/a>\n\t\t<\/span><span class=\"aioseo-breadcrumb-separator\">&raquo;<\/span><span class=\"aioseo-breadcrumb\">\n\t\t\tCasa do Catador chega ao quinto dia de funcionamento refor\u00e7ando acolhimento ao trabalhador aut\u00f4nomo \u2013 Prefeitura da Cidade do Rio de Janeiro\n\t\t<\/span><\/div>","aioseo_breadcrumb_json":[{"label":"In\u00edcio","link":"https:\/\/ejornais.com.br"},{"label":"Cat\u00e1logo de Jornais","link":"https:\/\/ejornais.com.br\/index.php\/category\/ejornais\/"},{"label":"Casa do Catador chega ao quinto dia de funcionamento refor\u00e7ando acolhimento ao trabalhador aut\u00f4nomo &#8211; Prefeitura da Cidade do Rio de Janeiro","link":"https:\/\/ejornais.com.br\/index.php\/2026\/02\/17\/casa-do-catador-chega-ao-quinto-dia-de-funcionamento-reforcando-acolhimento-ao-trabalhador-autonomo-prefeitura-da-cidade-do-rio-de-janeiro\/"}],"amp_enabled":true,"_links":{"self":[{"href":"https:\/\/ejornais.com.br\/index.php\/wp-json\/wp\/v2\/posts\/60892","targetHints":{"allow":["GET"]}}],"collection":[{"href":"https:\/\/ejornais.com.br\/index.php\/wp-json\/wp\/v2\/posts"}],"about":[{"href":"https:\/\/ejornais.com.br\/index.php\/wp-json\/wp\/v2\/types\/post"}],"author":[{"embeddable":true,"href":"https:\/\/ejornais.com.br\/index.php\/wp-json\/wp\/v2\/users\/2"}],"replies":[{"embeddable":true,"href":"https:\/\/ejornais.com.br\/index.php\/wp-json\/wp\/v2\/comments?post=60892"}],"version-history":[{"count":0,"href":"https:\/\/ejornais.com.br\/index.php\/wp-json\/wp\/v2\/posts\/60892\/revisions"}],"wp:attachment":[{"href":"https:\/\/ejornais.com.br\/index.php\/wp-json\/wp\/v2\/media?parent=60892"}],"wp:term":[{"taxonomy":"category","embeddable":true,"href":"https:\/\/ejornais.com.br\/index.php\/wp-json\/wp\/v2\/categories?post=60892"},{"taxonomy":"post_tag","embeddable":true,"href":"https:\/\/ejornais.com.br\/index.php\/wp-json\/wp\/v2\/tags?post=60892"}],"curies":[{"name":"wp","href":"https:\/\/api.w.org\/{rel}","templated":true}]}}