{"id":60909,"date":"2026-02-18T06:37:02","date_gmt":"2026-02-18T09:37:02","guid":{"rendered":"https:\/\/ejornais.com.br\/index.php\/2026\/02\/18\/agencia-minas-gerais-desfile-das-escolas-de-samba-de-belo-horizonte-e-transmitido-ao-vivo-com-exclusividade-pela-rede-minas\/"},"modified":"2026-02-18T06:37:02","modified_gmt":"2026-02-18T09:37:02","slug":"agencia-minas-gerais-desfile-das-escolas-de-samba-de-belo-horizonte-e-transmitido-ao-vivo-com-exclusividade-pela-rede-minas","status":"publish","type":"post","link":"https:\/\/ejornais.com.br\/index.php\/2026\/02\/18\/agencia-minas-gerais-desfile-das-escolas-de-samba-de-belo-horizonte-e-transmitido-ao-vivo-com-exclusividade-pela-rede-minas\/","title":{"rendered":"Ag\u00eancia Minas Gerais | Desfile das escolas de samba de Belo Horizonte \u00e9 transmitido ao vivo com exclusividade\u00a0pela Rede Minas"},"content":{"rendered":"<p><\/p>\n<div>\n<p>A Rede Minas \u00e9 a\u00a0\u00fanica TV aberta a transmitir os dois dias de desfile das escolas de samba\u00a0de Belo Horizonte. Pelo terceiro ano consecutivo, a emissora vai para a Avenida dos Andradas acompanhar a festa e mostra, ao vivo, todo o espet\u00e1culo de brilho, cores e melodias na telinha. A apresenta\u00e7\u00e3o carnavalesca na capital mineira tamb\u00e9m pode ser acompanhada pela plataforma de streaming gratuita Minasplay.<\/p>\n<p>Na segunda\u00a0(16\/2) e ter\u00e7a-feira (17\/2), 13 escolas de samba percorrem 250 metros da Andradas. Em apresenta\u00e7\u00f5es que esbanjam alegria, nove crit\u00e9rios t\u00e9cnicos s\u00e3o avaliados, como bateria, samba-enredo, alegorias e adere\u00e7os, fantasias e o desempenho do mestre-sala e da porta-bandeira.<\/p>\n<p>De um\u00a0est\u00fadio montado no local, jornalistas da emissora p\u00fablica mineira recebem convidados e narram a festa\u00a0na passarela belo-horizontina com todos os detalhes e curiosidades.<\/p>\n<p>O desfile do Grupo de Acesso \u00e9 na segunda-feira (16\/2). A partir das 14h, se apresentam Raio de Sol, Unidos da Zona Leste, Unidos dos Guaranys, Mocidade Independente Bem-te-vi e Mocidade Independente da Pampulha.<\/p>\n<p>Na ter\u00e7a-feira (17\/2), tem abertura do Afox\u00e9 \u00e0s 18h. Em seguida, entram na avenida Mocidade Verde Rosa, Acad\u00eamicos de Venda Nova, Imperavi de Ouros, Estrela do Vale, Canto da Alvorada, Imperatriz de Venda Nova, Cidade Jardim e Triunfo Barroco.<\/p>\n<p><strong>Rede Minas\u00a0na Pra\u00e7a Sete<\/strong><\/p>\n<p>Paralelo aos desfiles, a Rede Minas mostra o carnaval dos blocos da capital e da festa no interior direto da Pra\u00e7a Sete. A\u00a0emissora ocupa o terceiro andar do edif\u00edcio do P7 Criativo, no Centro de BH, de onde apresenta a Central do Carnaval Mineiro. A atra\u00e7\u00e3o especial vai ao ar neste s\u00e1bado (14\/2), domingo (15\/2) e ter\u00e7a-feira (17\/2), das 14h \u00e0s 16h. \u00a0<\/p>\n<p>O\u00a0Jornal Minas e os programas Agenda, Opini\u00e3o Minas e Minas em A\u00e7\u00e3o tamb\u00e9m v\u00e3o estar no edif\u00edcio projetado por Oscar Niemeyer. Mostrando, ao vivo, a festa no cora\u00e7\u00e3o de Belo Horizonte, as atra\u00e7\u00f5es apresentam entrevistas especiais, mostram a folia no estado e d\u00e3o as principais not\u00edcias do dia na segunda (16\/2) e ter\u00e7a-feira (17\/2), das 11h \u00e0s 14h.<\/p>\n<p>A programa\u00e7\u00e3o de carnaval pode ser acompanhada na TV, pela Rede Minas, e na plataforma de streaming Minasplay. As redes sociais da emissora tamb\u00e9m mostram registros e curiosidades da festa em Belo Horizonte e no estado.<\/p>\n<\/p><\/div>\n","protected":false},"excerpt":{"rendered":"<p>A Rede Minas \u00e9 a\u00a0\u00fanica TV aberta a transmitir os dois dias de desfile das escolas de samba\u00a0de Belo Horizonte.<\/p>\n","protected":false},"author":2,"featured_media":0,"comment_status":"","ping_status":"","sticky":false,"template":"","format":"standard","meta":{"colormag_page_container_layout":"default_layout","colormag_page_sidebar_layout":"default_layout","footnotes":""},"categories":[1],"tags":[],"class_list":["post-60909","post","type-post","status-publish","format-standard","hentry","category-ejornais"],"aioseo_notices":[],"amp_enabled":true,"_links":{"self":[{"href":"https:\/\/ejornais.com.br\/index.php\/wp-json\/wp\/v2\/posts\/60909","targetHints":{"allow":["GET"]}}],"collection":[{"href":"https:\/\/ejornais.com.br\/index.php\/wp-json\/wp\/v2\/posts"}],"about":[{"href":"https:\/\/ejornais.com.br\/index.php\/wp-json\/wp\/v2\/types\/post"}],"author":[{"embeddable":true,"href":"https:\/\/ejornais.com.br\/index.php\/wp-json\/wp\/v2\/users\/2"}],"replies":[{"embeddable":true,"href":"https:\/\/ejornais.com.br\/index.php\/wp-json\/wp\/v2\/comments?post=60909"}],"version-history":[{"count":0,"href":"https:\/\/ejornais.com.br\/index.php\/wp-json\/wp\/v2\/posts\/60909\/revisions"}],"wp:attachment":[{"href":"https:\/\/ejornais.com.br\/index.php\/wp-json\/wp\/v2\/media?parent=60909"}],"wp:term":[{"taxonomy":"category","embeddable":true,"href":"https:\/\/ejornais.com.br\/index.php\/wp-json\/wp\/v2\/categories?post=60909"},{"taxonomy":"post_tag","embeddable":true,"href":"https:\/\/ejornais.com.br\/index.php\/wp-json\/wp\/v2\/tags?post=60909"}],"curies":[{"name":"wp","href":"https:\/\/api.w.org\/{rel}","templated":true}]}}