{"id":60945,"date":"2026-02-19T00:50:04","date_gmt":"2026-02-19T03:50:04","guid":{"rendered":"https:\/\/ejornais.com.br\/index.php\/2026\/02\/19\/inscricoes-para-os-editais-da-lei-aldir-blanc-sao-prorrogadas-ate-este-domingo-22-agencia-de-noticias\/"},"modified":"2026-02-19T00:50:04","modified_gmt":"2026-02-19T03:50:04","slug":"inscricoes-para-os-editais-da-lei-aldir-blanc-sao-prorrogadas-ate-este-domingo-22-agencia-de-noticias","status":"publish","type":"post","link":"https:\/\/ejornais.com.br\/index.php\/2026\/02\/19\/inscricoes-para-os-editais-da-lei-aldir-blanc-sao-prorrogadas-ate-este-domingo-22-agencia-de-noticias\/","title":{"rendered":"Inscri\u00e7\u00f5es para os editais da Lei Aldir Blanc s\u00e3o prorrogadas at\u00e9 este domingo (22) \u2013 Ag\u00eancia de Not\u00edcias"},"content":{"rendered":"<p><\/p>\n<div>\n<div class=\"col\">\n<p class=\"mt-0\">\n                        <strong><br \/>\n                            <span class=\"far fa-calendar mr-1 mt-2\"\/><br \/>\n                            18 de fevereiro de 2026<br \/>\n                            <span class=\"far fa-clock ml-3 mt-2\"\/><br \/>\n                            17:09<br \/>\n                        <\/strong>\n                    <\/p>\n<p class=\"mb-0\">Por: <strong>Evelyn Azevedo<\/strong><\/p>\n<\/p><\/div>\n<\/p><\/div>\n<div>\n<p>A Prefeitura de Sorocaba, por meio da Secretaria de Cultura (Secult), prorrogou as inscri\u00e7\u00f5es para os editais do segundo ciclo da Pol\u00edtica Nacional Aldir Blanc de Fomento \u00e0 Cultura (PNAB), do Governo Federal, no munic\u00edpio, at\u00e9 este domingo (22). No total, cinco editais est\u00e3o dispon\u00edveis na \u00edntegra no site: https:\/\/cultura.sorocaba.sp.gov.br\/pnabsorocaba\/ciclo-2-2025.<\/p>\n<p>Para este ciclo de aplica\u00e7\u00e3o da PNAB est\u00e3o abertos os seguintes editais: Edital 01\/2026 \u2013 \u201cSele\u00e7\u00e3o de projetos para firmar termo de execu\u00e7\u00e3o cultural\u201d; Edital 02\/2026 \u2013 \u201cPremia\u00e7\u00e3o de reconhecimento e fomento a coletivos e novos pontos de cultura\u201d; Edital 03\/2026 \u2013 \u201cSele\u00e7\u00e3o de espa\u00e7os, ambientes e iniciativas art\u00edstico-culturais para receber subs\u00eddio para manuten\u00e7\u00e3o\u201d; Edital 05\/2026 \u2013 \u201cPremia\u00e7\u00e3o por trajet\u00f3ria para grupos e coletivos de arte da cena\u201d; e Edital 06\/2026 \u2013 Edital para desenvolvimento da \u201cRede Municipal de Pontos de Cultura De Sorocaba\u201d.<\/p>\n<p>D\u00favidas sobre procedimentos de inscri\u00e7\u00e3o podem ser esclarecidas pelo e-mail: ciclo2pnab.soroc@gmail.com ou pelo telefone: (15) 3212-8170. O Chal\u00e9 Franc\u00eas, sede da Secult, est\u00e1 localizado na Avenida Afonso Vergueiro, s\/n, no Jardim Maylasky, no Centro de Sorocaba.<\/p>\n<\/p><\/div>\n","protected":false},"excerpt":{"rendered":"<p>18 de fevereiro de 2026 17:09 Por: Evelyn Azevedo A Prefeitura de Sorocaba, por meio da Secretaria de Cultura (Secult),<\/p>\n","protected":false},"author":2,"featured_media":0,"comment_status":"","ping_status":"","sticky":false,"template":"","format":"standard","meta":{"colormag_page_container_layout":"default_layout","colormag_page_sidebar_layout":"default_layout","footnotes":""},"categories":[1],"tags":[],"class_list":["post-60945","post","type-post","status-publish","format-standard","hentry","category-ejornais"],"aioseo_notices":[],"amp_enabled":true,"_links":{"self":[{"href":"https:\/\/ejornais.com.br\/index.php\/wp-json\/wp\/v2\/posts\/60945","targetHints":{"allow":["GET"]}}],"collection":[{"href":"https:\/\/ejornais.com.br\/index.php\/wp-json\/wp\/v2\/posts"}],"about":[{"href":"https:\/\/ejornais.com.br\/index.php\/wp-json\/wp\/v2\/types\/post"}],"author":[{"embeddable":true,"href":"https:\/\/ejornais.com.br\/index.php\/wp-json\/wp\/v2\/users\/2"}],"replies":[{"embeddable":true,"href":"https:\/\/ejornais.com.br\/index.php\/wp-json\/wp\/v2\/comments?post=60945"}],"version-history":[{"count":0,"href":"https:\/\/ejornais.com.br\/index.php\/wp-json\/wp\/v2\/posts\/60945\/revisions"}],"wp:attachment":[{"href":"https:\/\/ejornais.com.br\/index.php\/wp-json\/wp\/v2\/media?parent=60945"}],"wp:term":[{"taxonomy":"category","embeddable":true,"href":"https:\/\/ejornais.com.br\/index.php\/wp-json\/wp\/v2\/categories?post=60945"},{"taxonomy":"post_tag","embeddable":true,"href":"https:\/\/ejornais.com.br\/index.php\/wp-json\/wp\/v2\/tags?post=60945"}],"curies":[{"name":"wp","href":"https:\/\/api.w.org\/{rel}","templated":true}]}}