{"id":61033,"date":"2026-02-20T14:46:06","date_gmt":"2026-02-20T17:46:06","guid":{"rendered":"https:\/\/ejornais.com.br\/index.php\/2026\/02\/20\/alunos-surdos-do-preparatorio-municipal-de-nova-iguacu-conquistam-vagas-em-universidades-publicas\/"},"modified":"2026-02-20T14:46:06","modified_gmt":"2026-02-20T17:46:06","slug":"alunos-surdos-do-preparatorio-municipal-de-nova-iguacu-conquistam-vagas-em-universidades-publicas","status":"publish","type":"post","link":"https:\/\/ejornais.com.br\/index.php\/2026\/02\/20\/alunos-surdos-do-preparatorio-municipal-de-nova-iguacu-conquistam-vagas-em-universidades-publicas\/","title":{"rendered":"Alunos surdos do Preparat\u00f3rio Municipal de Nova Igua\u00e7u conquistam vagas em universidades p\u00fablicas"},"content":{"rendered":"<p><\/p>\n<div id=\"post_37134\">\n<header>\n<h2>Alunos surdos do Preparat\u00f3rio Municipal de Nova Igua\u00e7u conquistam vagas em universidades p\u00fablicas<\/h2>\n<h4>\n                <em><br \/>\n                    <time class=\"text-muted\" datetime=\"19-02-2026\">19 de fevereiro de 2026<\/time><br \/>\n                <\/em><br \/>\n            <\/h4>\n<\/header>\n<section>\n<p style=\"text-align: center;\"><em><span style=\"-webkit-text-size-adjust: 100%;\">Inscri\u00e7\u00f5es para o Preparat\u00f3rio Municipal seguem abertas at\u00e9 domingo (22)<\/span><\/em><\/p>\n<p>O acesso ao ensino superior ganhou novos cap\u00edtulos em Nova Igua\u00e7u. Desta vez, com hist\u00f3rias de supera\u00e7\u00e3o e inclus\u00e3o. Dois alunos surdos do Preparat\u00f3rio Municipal conquistaram vagas em institui\u00e7\u00f5es p\u00fablicas ap\u00f3s participarem do curso gratuito oferecido pela Prefeitura, por meio da Secretaria Municipal de Educa\u00e7\u00e3o (Semed).<\/p>\n<p>Aos 21 anos, Thiago Emanoel foi aprovado em Pedagogia Bil\u00edngue no Instituto Nacional de Educa\u00e7\u00e3o de Surdos (INES), refer\u00eancia nacional na forma\u00e7\u00e3o de profissionais para atua\u00e7\u00e3o na comunidade surda. J\u00e1 Giovana Clemente, de 19, garantiu uma vaga em Zootecnia na Universidade Federal Rural do Rio de Janeiro (UFRRJ).<\/p>\n<p>A caminhada n\u00e3o foi simples. Exigiu disciplina, persist\u00eancia e f\u00e9 no pr\u00f3prio sonho.<\/p>\n<p>\u201cEu quase desisti. Estava muito cansado, minha cabe\u00e7a do\u00eda, mas era meu sonho. N\u00e3o \u00e9 sobre o corpo cansado, \u00e9 sobre a mente continuar firme. Hoje eu sou o primeiro da minha fam\u00edlia a entrar na faculdade\u201d, afirmou Thiago. Ele conta que, sem o curso gratuito, dificilmente teria conseguido. \u201cOs cursos eram muito caros. Quando soube que a Prefeitura oferecia preparat\u00f3rio com int\u00e9rprete, eu corri para me inscrever. Eu estudava de segunda a sexta e, no s\u00e1bado, passava o dia inteiro aqui. Teve dia em que pensei em parar, mas continuei tentando\u201d.<\/p>\n<\/p>\n<p>Para Giovana, a aprova\u00e7\u00e3o veio acompanhada de surpresa e emo\u00e7\u00e3o. Um momento inesquec\u00edvel. \u201cQuando eu vi meu nome na lista, eu entrei em choque. Fiquei muito feliz. Eu sou surda, mas sou capaz, igual aos ouvintes. Quero expandir meus horizontes e continuar aprendendo\u201d, destacou.<\/p>\n<p>O apoio da int\u00e9rprete de Libras foi decisivo. Fez diferen\u00e7a no dia a dia, nas d\u00favidas, na seguran\u00e7a para seguir estudando. \u201cConsegui entender as mat\u00e9rias com clareza, acompanhar as aulas e estudar de verdade. A gente enfrenta muitas barreiras no Enem, mas aqui eu tive acesso e consegui aprender.\u201d<\/p>\n<p>Apaixonada por animais \u2014 e companheira insepar\u00e1vel do gato Floquinho \u2014, Giovana j\u00e1 projeta o futuro. Quer atuar na preserva\u00e7\u00e3o, no cuidado e na sa\u00fade animal. \u201cEu quero trabalhar com os animais, aprender sobre alimenta\u00e7\u00e3o, cuidados e meio ambiente. A gente precisa pensar no futuro e na sa\u00fade dos animais. N\u00e3o quero ficar s\u00f3 dentro de casa. Quero crescer ainda mais\u201d, contou.<\/p>\n<\/p>\n<p><strong>Inscri\u00e7\u00f5es abertas<\/strong><\/p>\n<p>Outros estudantes ainda podem trilhar o mesmo caminho. As inscri\u00e7\u00f5es para o Preparat\u00f3rio Municipal seguem abertas at\u00e9 domingo (22).<\/p>\n<p>Criado para ampliar oportunidades, o curso oferece suporte pedag\u00f3gico gratuito a estudantes da rede p\u00fablica e \u00e0 comunidade em geral. O objetivo \u00e9 fortalecer o acesso ao ensino t\u00e9cnico, militar e superior.<\/p>\n<p>As aulas contemplam as principais disciplinas cobradas nos vestibulares e processos seletivos. H\u00e1 apoio de monitores. H\u00e1 acessibilidade garantida. O curso atende tanto quem j\u00e1 concluiu o ensino m\u00e9dio, por meio do pr\u00e9-vestibular, quanto alunos do 9\u00ba ano ou j\u00e1 formados no ensino fundamental, com foco em escolas t\u00e9cnicas federais e institui\u00e7\u00f5es militares.<\/p>\n<p style=\"text-align: left;\">Ao todo, s\u00e3o 240 vagas: 160 para o pr\u00e9-vestibular e 80 para o pr\u00e9-t\u00e9cnico. As inscri\u00e7\u00f5es devem ser feitas at\u00e9 domingo (22), pelo formul\u00e1rio on-line:\u00a0https:\/\/forms.gle\/r8JTtstGV9upb5xm7<\/p>\n<\/section><\/div>\n","protected":false},"excerpt":{"rendered":"<p>Alunos surdos do Preparat\u00f3rio Municipal de Nova Igua\u00e7u conquistam vagas em universidades p\u00fablicas 19 de fevereiro de 2026 Inscri\u00e7\u00f5es para<\/p>\n","protected":false},"author":2,"featured_media":0,"comment_status":"","ping_status":"","sticky":false,"template":"","format":"standard","meta":{"colormag_page_container_layout":"default_layout","colormag_page_sidebar_layout":"default_layout","footnotes":""},"categories":[1],"tags":[],"class_list":["post-61033","post","type-post","status-publish","format-standard","hentry","category-ejornais"],"aioseo_notices":[],"amp_enabled":true,"_links":{"self":[{"href":"https:\/\/ejornais.com.br\/index.php\/wp-json\/wp\/v2\/posts\/61033","targetHints":{"allow":["GET"]}}],"collection":[{"href":"https:\/\/ejornais.com.br\/index.php\/wp-json\/wp\/v2\/posts"}],"about":[{"href":"https:\/\/ejornais.com.br\/index.php\/wp-json\/wp\/v2\/types\/post"}],"author":[{"embeddable":true,"href":"https:\/\/ejornais.com.br\/index.php\/wp-json\/wp\/v2\/users\/2"}],"replies":[{"embeddable":true,"href":"https:\/\/ejornais.com.br\/index.php\/wp-json\/wp\/v2\/comments?post=61033"}],"version-history":[{"count":0,"href":"https:\/\/ejornais.com.br\/index.php\/wp-json\/wp\/v2\/posts\/61033\/revisions"}],"wp:attachment":[{"href":"https:\/\/ejornais.com.br\/index.php\/wp-json\/wp\/v2\/media?parent=61033"}],"wp:term":[{"taxonomy":"category","embeddable":true,"href":"https:\/\/ejornais.com.br\/index.php\/wp-json\/wp\/v2\/categories?post=61033"},{"taxonomy":"post_tag","embeddable":true,"href":"https:\/\/ejornais.com.br\/index.php\/wp-json\/wp\/v2\/tags?post=61033"}],"curies":[{"name":"wp","href":"https:\/\/api.w.org\/{rel}","templated":true}]}}