{"id":61110,"date":"2026-02-22T04:00:13","date_gmt":"2026-02-22T07:00:13","guid":{"rendered":"https:\/\/ejornais.com.br\/index.php\/2026\/02\/22\/caravana-do-cuidar-retoma-atendimentos-e-leva-servicos-aos-moradores-do-varjao\/"},"modified":"2026-02-22T04:00:13","modified_gmt":"2026-02-22T07:00:13","slug":"caravana-do-cuidar-retoma-atendimentos-e-leva-servicos-aos-moradores-do-varjao","status":"publish","type":"post","link":"https:\/\/ejornais.com.br\/index.php\/2026\/02\/22\/caravana-do-cuidar-retoma-atendimentos-e-leva-servicos-aos-moradores-do-varjao\/","title":{"rendered":"Caravana do Cuidar retoma atendimentos e leva servi\u00e7os aos moradores do Varj\u00e3o"},"content":{"rendered":"<p><\/p>\n<div>\n<p>A Prefeitura de Jo\u00e3o Pessoa, por meio da Secretaria de Direitos Humanos e Cidadania (Sedhuc), realizou nesta sexta-feira (20) a primeira edi\u00e7\u00e3o de 2026 da Caravana do Cuidar. A iniciativa aconteceu no bairro do Varj\u00e3o, oferecendo uma s\u00e9rie de servi\u00e7os gratuitos nas \u00e1reas de cidadania, assist\u00eancia social, sa\u00fade, empregabilidade e embelezamento, diretamente \u00e0 comunidade.<\/p>\n<figure class=\"wp-block-gallery has-nested-images columns-default is-cropped wp-block-gallery-1 is-layout-flex wp-block-gallery-is-layout-flex\">\n<figure class=\"wp-block-image size-large\"><\/figure>\n<figure class=\"wp-block-image size-large\"><\/figure>\n<\/figure>\n<p>Durante a a\u00e7\u00e3o, a secret\u00e1ria de Direitos Humanos e Cidadania, Benicleide Silvestre, destacou a import\u00e2ncia do trabalho integrado entre as secretarias municipais e institui\u00e7\u00f5es parceiras. \u201cEsse \u00e9 um grande projeto de cuidar: cuidar de quem precisa, de quem n\u00e3o tem disponibilidade de acessar servi\u00e7os mais distantes. Aqui, o servi\u00e7o chega \u00e0 porta das pessoas. \u00c9 uma uni\u00e3o de esfor\u00e7os que alcan\u00e7a vidas, fam\u00edlias e transforma realidades. Essa \u00e9 a miss\u00e3o da Prefeitura de Jo\u00e3o Pessoa: estar perto da popula\u00e7\u00e3o e garantir direitos\u201d, afirmou.<\/p>\n<p>A popula\u00e7\u00e3o chegou cedo para aproveitar os servi\u00e7os. A moradora Elisabete Fernandes foi uma das beneficiadas. \u201cVim para dar um retoque na beleza, mas tamb\u00e9m j\u00e1 atualizei meu Cart\u00e3o SUS, fui ao dentista e fiz tudo rapidinho. Tenho problema na perna e n\u00e3o posso andar muito, ent\u00e3o foi \u00f3timo ter tudo perto de casa\u201d, relatou.<\/p>\n<figure class=\"wp-block-gallery has-nested-images columns-default is-cropped wp-block-gallery-2 is-layout-flex wp-block-gallery-is-layout-flex\">\n<figure class=\"wp-block-image size-large\"><\/figure>\n<figure class=\"wp-block-image size-large\"><\/figure>\n<\/figure>\n<p>Maria Jos\u00e9 Santos, de 64 anos, tamb\u00e9m ressaltou o impacto positivo da a\u00e7\u00e3o para a comunidade. \u201cFui bem atendida, resolvi quest\u00e3o de sa\u00fade, peguei ficha para minha neta e ainda consegui ajuda com outros servi\u00e7os. Moro aqui na comunidade e foi muito bom esse trabalho. A gente acorda cedo, vem e resolve muita coisa de uma vez s\u00f3\u201d, disse.<\/p>\n<p>A Caravana do Cuidar foi solicitada pela pr\u00f3pria comunidade, por meio da lideran\u00e7a local Josenildes Santiago, integrante da Central \u00danica das Favelas (Cufa). Segundo ele, a principal demanda era a atualiza\u00e7\u00e3o do Cadastro \u00danico e do Bolsa Fam\u00edlia. \u201cMuita gente aqui \u00e9 idosa e n\u00e3o consegue ir at\u00e9 os equipamentos p\u00fablicos. Essa \u00e9 a primeira Caravana do ano e j\u00e1 come\u00e7ou muito bem. \u00c9 a jun\u00e7\u00e3o da Prefeitura e dos servi\u00e7os para beneficiar a popula\u00e7\u00e3o\u201d, explicou.<\/p>\n<p>Nessa edi\u00e7\u00e3o, a Caravana do Cuidar contou com a apresenta\u00e7\u00e3o cultural da tribo ind\u00edgena Pataxos e dos servi\u00e7os de embelezamento da associa\u00e7\u00e3o \u2018De bra\u00e7os abertos\u2019.<\/p>\n<figure class=\"wp-block-gallery has-nested-images columns-default is-cropped wp-block-gallery-3 is-layout-flex wp-block-gallery-is-layout-flex\">\n<figure class=\"wp-block-image size-large\"><\/figure>\n<figure class=\"wp-block-image size-large\"><\/figure>\n<\/figure>\n<p><strong>Atendimentos<\/strong> \u2013 A Caravana do Cuidar registrou um total de 379 atendimentos no Varj\u00e3o. Foram realizados 25 atendimentos pelo Cras, 40 atualiza\u00e7\u00f5es do Cad\u00danico e 13 do Acessuas Trabalho. Na \u00e1rea da sa\u00fade, a popula\u00e7\u00e3o contou com 12 atendimentos odontol\u00f3gicos, 16 avalia\u00e7\u00f5es odontol\u00f3gicas, 16 consultas m\u00e9dicas, 36 aferi\u00e7\u00f5es de glicemia e 36 verifica\u00e7\u00f5es de press\u00e3o arterial, al\u00e9m de 20 atendimentos de auriculoterapia.<\/p>\n<p>Tamb\u00e9m foram realizados 100 atendimentos para emiss\u00e3o e atualiza\u00e7\u00e3o do Cart\u00e3o SUS, 30 da Defensoria P\u00fablica, 5 da Junta Militar, 3 orienta\u00e7\u00f5es do Procon-JP e 2 atendimentos do programa \u2018Eu Posso\u2019. Na \u00e1rea de cuidado pessoal, a Caravana promoveu 25 cortes de cabelo.<\/p>\n<\/p><\/div>\n","protected":false},"excerpt":{"rendered":"<p>A Prefeitura de Jo\u00e3o Pessoa, por meio da Secretaria de Direitos Humanos e Cidadania (Sedhuc), realizou nesta sexta-feira (20) a<\/p>\n","protected":false},"author":2,"featured_media":0,"comment_status":"","ping_status":"","sticky":false,"template":"","format":"standard","meta":{"colormag_page_container_layout":"default_layout","colormag_page_sidebar_layout":"default_layout","footnotes":""},"categories":[1],"tags":[],"class_list":["post-61110","post","type-post","status-publish","format-standard","hentry","category-ejornais"],"aioseo_notices":[],"amp_enabled":true,"_links":{"self":[{"href":"https:\/\/ejornais.com.br\/index.php\/wp-json\/wp\/v2\/posts\/61110","targetHints":{"allow":["GET"]}}],"collection":[{"href":"https:\/\/ejornais.com.br\/index.php\/wp-json\/wp\/v2\/posts"}],"about":[{"href":"https:\/\/ejornais.com.br\/index.php\/wp-json\/wp\/v2\/types\/post"}],"author":[{"embeddable":true,"href":"https:\/\/ejornais.com.br\/index.php\/wp-json\/wp\/v2\/users\/2"}],"replies":[{"embeddable":true,"href":"https:\/\/ejornais.com.br\/index.php\/wp-json\/wp\/v2\/comments?post=61110"}],"version-history":[{"count":0,"href":"https:\/\/ejornais.com.br\/index.php\/wp-json\/wp\/v2\/posts\/61110\/revisions"}],"wp:attachment":[{"href":"https:\/\/ejornais.com.br\/index.php\/wp-json\/wp\/v2\/media?parent=61110"}],"wp:term":[{"taxonomy":"category","embeddable":true,"href":"https:\/\/ejornais.com.br\/index.php\/wp-json\/wp\/v2\/categories?post=61110"},{"taxonomy":"post_tag","embeddable":true,"href":"https:\/\/ejornais.com.br\/index.php\/wp-json\/wp\/v2\/tags?post=61110"}],"curies":[{"name":"wp","href":"https:\/\/api.w.org\/{rel}","templated":true}]}}