{"id":61149,"date":"2026-02-23T03:37:39","date_gmt":"2026-02-23T06:37:39","guid":{"rendered":"https:\/\/ejornais.com.br\/index.php\/2026\/02\/23\/bloco-percussomos-do-amor-ressalta-inclusao-no-carnaval-de-niteroi\/"},"modified":"2026-02-23T03:37:39","modified_gmt":"2026-02-23T06:37:39","slug":"bloco-percussomos-do-amor-ressalta-inclusao-no-carnaval-de-niteroi","status":"publish","type":"post","link":"https:\/\/ejornais.com.br\/index.php\/2026\/02\/23\/bloco-percussomos-do-amor-ressalta-inclusao-no-carnaval-de-niteroi\/","title":{"rendered":"Bloco Percussomos do Amor ressalta inclus\u00e3o no carnaval de Niter\u00f3i"},"content":{"rendered":"<p> Por MRNews<br \/>\n<\/p>\n<div wp_automatic_readability=\"72.071305545987\">\n<p><strong>O bloco Percussomos do Amor fecha nesta na manh\u00e3 deste domingo (22) o carnaval 2026 em Niter\u00f3i, regi\u00e3o metropolitana do Rio de Janeiro. Neste momento, o bloco desfila na Pra\u00e7a Duque de Caxias, no bairro do Gragoat\u00e1.<\/strong><\/p>\n<p>Maria Fernanda, de 21 anos, \u00e9 um dos 70 ritmistas que puxam o bloco, afirmando o protagonismo de pessoas com defici\u00eancia no carnaval da antiga capital fluminense. Ela tem s\u00edndrome de Down, e \u00e9 conselheira municipal titular de pessoas com defici\u00eancia no Conselho de Direitos Humanos da cidade. \u201cEstou muito feliz\u201d, disse a jovem.<\/p>\n<p>Boa parte dos ritmistas aprendeu a tocar na oficina de percuss\u00e3o do projeto Pr\u00e1ticas Acess\u00edveis, realizado pelo Instituto Teatro Novo, que atende a pessoas com defici\u00eancia, onde a agremia\u00e7\u00e3o foi criada.<\/p>\n<p><strong><a href=\"https:\/\/mrnews.com.br\/index.php\/2026\/02\/22\/ministerios-repudiam-ato-de-machismo-contra-arbitra-no-brasileirao\/\">Minist\u00e9rios repudiam ato de machismo contra \u00e1rbitra no Brasileir\u00e3o<\/a><\/strong><\/p>\n<p><strong><a href=\"https:\/\/mrnews.com.br\/index.php\/2026\/02\/22\/ministerios-reagem-a-absolvicao-de-homem-que-estuprou-menina-em-mg\/\">Minist\u00e9rios reagem \u00e0 absolvi\u00e7\u00e3o de homem que estuprou menina em MG<\/a><\/strong><\/p>\n<p>O bloco desfila com cerca de 800 foli\u00f5es, dos quais 300 t\u00eam defici\u00eancias. No ano passado, quando reuniu mais de 600 pessoas, o Percussomos do Amor consolidou-se como espa\u00e7o de cria\u00e7\u00e3o coletiva, conviv\u00eancia e inclus\u00e3o.<\/p>\n<p>O desfile conta com estrutura pensada para garantir acessibilidade plena, incluindo int\u00e9rpretes de Libras (L\u00edngua Brasileira de Sinais), audiodescri\u00e7\u00e3o ao vivo, comunica\u00e7\u00e3o alternativa e aumentativa (CAA), apoio \u00e0 mobilidade, abafadores sonoros e tenda de acolhimento para regula\u00e7\u00e3o de pessoas do Transtorno do Espectro Autista (TEA). Ritmistas, puxadores, lideran\u00e7as art\u00edsticas e integrantes da bateria s\u00e3o, em sua maioria, pessoas com defici\u00eancia, refor\u00e7ando o protagonismo no centro da cena cultural.<\/p>\n<p>\u00a0<\/p>\n<div class=\"dnd-widget-wrapper context-cheio_8colunas type-image\" wp_automatic_readability=\"4.8078175895765\">\n<div class=\"dnd-caption-wrapper\" wp_automatic_readability=\"9\">\n<p><!--copyright=453560-->Niter\u00f3i (RJ), 21\/02\/2026 \u2013 Bloco Percussomos do Amor ressalta inclus\u00e3o no carnaval. Foto: Percussomos do Amor\/Divulga\u00e7\u00e3o \u2013 <strong>Percussomos do Amor\/Divulga\u00e7\u00e3o<\/strong><!--END copyright=453560--><\/p>\n<\/div>\n<\/div>\n<h2>Samba enredo<\/h2>\n<p><strong>Este ano, o samba <em>Trabalhar \u00e9 direito<\/em> defende as pol\u00edticas de inclus\u00e3o para as pessoas com defici\u00eancia no mercado, ressaltando inclusive o emprego apoiado, que inclui a disponibilidade de ferramentas e locais acess\u00edveis para que esses funcion\u00e1rios apresentem maior rendimento.<\/strong> O samba ser\u00e1 puxado por Paulo Zerbinni, que \u00e9 cadeirante.<\/p>\n<p>\u201cN\u00e3o \u00e9 favor, \u00e9 direito\u201d. Essa \u00e9 a mensagem que os tambores e os integrantes do Percussomos do Amor passam, visando enfrentar o capacitismo e fazer um carnaval onde todos, sem exce\u00e7\u00e3o, possam ser felizes.<\/p>\n<p>O Percussomos do Amor \u00e9 amparado pela Lei Brasileira de Inclus\u00e3o, Conven\u00e7\u00e3o Sobre os Direitos das Pessoas com Defici\u00eancia, Lei Municipal 3.821\/2023 e Lei 4.063\/2025. O bloco conta com patroc\u00ednio da Prefeitura de Niter\u00f3i, da Niter\u00f3i Empresa de Lazer e Turismo (Neltur) e tem apoio da Secretaria Municipal das Culturas.<\/p>\n<\/div>\n","protected":false},"excerpt":{"rendered":"<p>Por MRNews O bloco Percussomos do Amor fecha nesta na manh\u00e3 deste domingo (22) o carnaval 2026 em Niter\u00f3i, regi\u00e3o<\/p>\n","protected":false},"author":2,"featured_media":0,"comment_status":"","ping_status":"","sticky":false,"template":"","format":"standard","meta":{"colormag_page_container_layout":"default_layout","colormag_page_sidebar_layout":"default_layout","footnotes":""},"categories":[1],"tags":[],"class_list":["post-61149","post","type-post","status-publish","format-standard","hentry","category-ejornais"],"aioseo_notices":[],"amp_enabled":true,"_links":{"self":[{"href":"https:\/\/ejornais.com.br\/index.php\/wp-json\/wp\/v2\/posts\/61149","targetHints":{"allow":["GET"]}}],"collection":[{"href":"https:\/\/ejornais.com.br\/index.php\/wp-json\/wp\/v2\/posts"}],"about":[{"href":"https:\/\/ejornais.com.br\/index.php\/wp-json\/wp\/v2\/types\/post"}],"author":[{"embeddable":true,"href":"https:\/\/ejornais.com.br\/index.php\/wp-json\/wp\/v2\/users\/2"}],"replies":[{"embeddable":true,"href":"https:\/\/ejornais.com.br\/index.php\/wp-json\/wp\/v2\/comments?post=61149"}],"version-history":[{"count":0,"href":"https:\/\/ejornais.com.br\/index.php\/wp-json\/wp\/v2\/posts\/61149\/revisions"}],"wp:attachment":[{"href":"https:\/\/ejornais.com.br\/index.php\/wp-json\/wp\/v2\/media?parent=61149"}],"wp:term":[{"taxonomy":"category","embeddable":true,"href":"https:\/\/ejornais.com.br\/index.php\/wp-json\/wp\/v2\/categories?post=61149"},{"taxonomy":"post_tag","embeddable":true,"href":"https:\/\/ejornais.com.br\/index.php\/wp-json\/wp\/v2\/tags?post=61149"}],"curies":[{"name":"wp","href":"https:\/\/api.w.org\/{rel}","templated":true}]}}