{"id":61177,"date":"2026-02-23T15:47:05","date_gmt":"2026-02-23T18:47:05","guid":{"rendered":"https:\/\/ejornais.com.br\/index.php\/2026\/02\/23\/secretaria-de-saude-capacita-medicos-e-enfermeiros-da-atencao-basica-para-colocacao-do-implanon\/"},"modified":"2026-02-23T15:47:05","modified_gmt":"2026-02-23T18:47:05","slug":"secretaria-de-saude-capacita-medicos-e-enfermeiros-da-atencao-basica-para-colocacao-do-implanon","status":"publish","type":"post","link":"https:\/\/ejornais.com.br\/index.php\/2026\/02\/23\/secretaria-de-saude-capacita-medicos-e-enfermeiros-da-atencao-basica-para-colocacao-do-implanon\/","title":{"rendered":"Secretaria de Sa\u00fade capacita m\u00e9dicos e enfermeiros da aten\u00e7\u00e3o b\u00e1sica para coloca\u00e7\u00e3o do \u2018Implanon\u2019"},"content":{"rendered":"<p><\/p>\n<div>\n<p>A Secretaria Municipal de Sa\u00fade (SMS) est\u00e1 capacitando cerca de 450 profissionais, entre m\u00e9dicos e enfermeiros, que atuam nas Unidades de Sa\u00fade da Fam\u00edlia (USF) para a coloca\u00e7\u00e3o do Implante Subd\u00e9rmico, o \u2018Implanon\u2019, m\u00e9todo contraceptivo de longa dura\u00e7\u00e3o que passa a ser ofertado pelo Sistema \u00danico de Sa\u00fade (SUS). Nesta segunda-feira (23), no audit\u00f3rio da Policl\u00ednica Municipal de Jaguaribe, foi iniciada a primeira turma do m\u00f3dulo te\u00f3rico.<\/p>\n<figure class=\"wp-block-gallery has-nested-images columns-default is-cropped wp-block-gallery-1 is-layout-flex wp-block-gallery-is-layout-flex\">\n<figure class=\"wp-block-image size-large\"><\/figure>\n<figure class=\"wp-block-image size-large\"><\/figure>\n<\/figure>\n<p>\u201cEssa capacita\u00e7\u00e3o \u00e9 fundamental para fortalecer o planejamento reprodutivo nossa rede e dar ainda mais seguran\u00e7a aos profissionais, mas sobretudo, \u00e0s nossas usu\u00e1rias que ser\u00e3o beneficiadas diretamente por essa oferta. Possu\u00edmos muitos casos de gesta\u00e7\u00e3o de alto risco e de \u00f3bito materno infantil e agora teremos a oferta, na rede p\u00fablica, de um novo m\u00e9todo t\u00e3o eficaz quanto uma laqueadura e que tem uma dura\u00e7\u00e3o de at\u00e9 tr\u00eas anos, o que nos permite reduzir esses indicadores. Al\u00e9m disso, proporcionaremos a mesma oportunidade para mulheres que, por exemplo, n\u00e3o podem utilizar m\u00e9todos contraceptivos \u00e0 base de estrog\u00eanio. A mulher agora ter\u00e1 a possibilidade de utilizar um m\u00e9todo contraceptivo mais adequado \u00e0s suas necessidades\u201d, destaca a respons\u00e1vel pelo Departamento de Sa\u00fade da Mulher, L\u00edvia Falc\u00e3o.<\/p>\n<figure class=\"wp-block-gallery has-nested-images columns-default is-cropped wp-block-gallery-2 is-layout-flex wp-block-gallery-is-layout-flex\">\n<figure class=\"wp-block-image size-large\"><\/figure>\n<figure class=\"wp-block-image size-large\"><\/figure>\n<figure class=\"wp-block-image size-large\"><\/figure>\n<\/figure>\n<p>A capacita\u00e7\u00e3o est\u00e1 sendo conduzida por profissionais da Rede Municipal de Sa\u00fade que participaram de forma\u00e7\u00e3o inicial com o Minist\u00e9rio da Sa\u00fade e agora atuam como multiplicadores conduzindo a etapa formativa. Para n\u00e3o prejudicar a assist\u00eancia rotineira das USFs, os profissionais foram divididos em cinco turmas, que acontecer\u00e3o em dias distintos. Ap\u00f3s os primeiros encontros, os profissionais passar\u00e3o pela fase te\u00f3rico-pr\u00e1tica com aplica\u00e7\u00e3o simulada e, na terceira e \u00faltima fase, ser\u00e1 a pr\u00e1tica supervisionada realizando a inser\u00e7\u00e3o em pacientes.<\/p>\n<p>Para a enfermeira Juliana Ferreira da USF Verdes Mares, em Mangabeira, participar da capacita\u00e7\u00e3o est\u00e1 sendo uma grande oportunidade. A profissional j\u00e1 pensa, tamb\u00e9m, nos benef\u00edcios \u00e0s usu\u00e1rias.<\/p>\n<p>\u201cCada vez mais a Prefeitura tem se importado em nos capacitar para sermos melhores profissionais e tem sido uma grande oportunidade fazer esse curso para melhorar ainda mais o nosso atendimento e servir melhor a comunidade. Sei que quando come\u00e7armos a colocar vai ser muito bom para as mulheres tamb\u00e9m. Onde eu trabalho, por exemplo, s\u00e3o pessoas muito carentes e muitas t\u00eam medo de fazer a laqueadura, ent\u00e3o ter no SUS um m\u00e9todo como esse, que tem poucos efeitos colaterais, \u00e9 praticamente a mesma seguran\u00e7a de uma laqueadura e pode ser colocado de forma simples, na pr\u00f3pria unidade, \u00e9 um diferencial muito grande\u201d, explica a enfermeira.<\/p>\n<p><strong>Servi\u00e7o \u2013<\/strong> O Implante Subd\u00e9rmico est\u00e1 sendo disponibilizado de forma gradual nas unidades de sa\u00fade da Capital, de acordo com a forma\u00e7\u00e3o dos profissionais. A mulher que tiver interesse em coloc\u00e1-lo, deve procurar sua USF de refer\u00eancia para que seja feita a triagem inicial e o agendamento do m\u00e9todo, de acordo com a oferta.<\/p>\n<p><strong>Implante Subd\u00e9rmico<\/strong> \u2018<strong>Implanon\u2019<\/strong> \u2013 \u00c9 um m\u00e9todo contraceptivo revers\u00edvel de longa dura\u00e7\u00e3o (LARC), consistindo em uma pequena haste flex\u00edvel inserida sob a pele do bra\u00e7o. Atua liberando a continuamente etonogestrel (progesterona) e tem uma dura\u00e7\u00e3o de at\u00e9 tr\u00eas anos, sem necessidade de interven\u00e7\u00f5es durante esse per\u00edodo.\u00a0Ap\u00f3s esse tempo, o implante deve ser retirado e, se houver interesse, um novo pode ser inserido imediatamente pelo pr\u00f3prio SUS. A fertilidade retorna rapidamente ap\u00f3s a remo\u00e7\u00e3o.<\/p>\n<p>Por possuir efic\u00e1cia superior a 99%, \u00e9 compar\u00e1vel \u00e0 laqueadura, sendo um dos m\u00e9todos contraceptivos mais seguros atualmente. A aplica\u00e7\u00e3o \u00e9 feita em consult\u00f3rio por profissional capacitado, com anestesia local, e dura cerca de 10 minutos.<\/p>\n<\/p><\/div>\n","protected":false},"excerpt":{"rendered":"<p>A Secretaria Municipal de Sa\u00fade (SMS) est\u00e1 capacitando cerca de 450 profissionais, entre m\u00e9dicos e enfermeiros, que atuam nas Unidades<\/p>\n","protected":false},"author":2,"featured_media":0,"comment_status":"","ping_status":"","sticky":false,"template":"","format":"standard","meta":{"colormag_page_container_layout":"default_layout","colormag_page_sidebar_layout":"default_layout","footnotes":""},"categories":[1],"tags":[],"class_list":["post-61177","post","type-post","status-publish","format-standard","hentry","category-ejornais"],"aioseo_notices":[],"aioseo_head":"\n\t\t<!-- All in One SEO 5.0.1.1 - aioseo.com -->\n\t<meta name=\"description\" content=\"A Secretaria Municipal de Sa\u00fade (SMS) est\u00e1 capacitando cerca de 450 profissionais, entre m\u00e9dicos e enfermeiros, que atuam nas Unidades de Sa\u00fade da Fam\u00edlia (USF) para a coloca\u00e7\u00e3o do Implante Subd\u00e9rmico, o \u2018Implanon\u2019, m\u00e9todo contraceptivo de longa dura\u00e7\u00e3o que passa a ser ofertado pelo Sistema \u00danico de Sa\u00fade (SUS). Nesta segunda-feira (23), no audit\u00f3rio da\" \/>\n\t<meta name=\"robots\" content=\"max-image-preview:large\" \/>\n\t<meta name=\"author\" content=\"admin1\"\/>\n\t<link rel=\"canonical\" href=\"https:\/\/ejornais.com.br\/index.php\/2026\/02\/23\/secretaria-de-saude-capacita-medicos-e-enfermeiros-da-atencao-basica-para-colocacao-do-implanon\/\" \/>\n\t<meta name=\"generator\" content=\"All in One SEO (AIOSEO) 5.0.1.1\" \/>\n\t\t<meta property=\"og:locale\" content=\"pt_BR\" \/>\n\t\t<meta property=\"og:site_name\" content=\"eJornais - Cat\u00e1logo de Jornais no mundo, Not\u00edcias, Blog e Esportes ao vivo\" \/>\n\t\t<meta property=\"og:type\" content=\"article\" \/>\n\t\t<meta property=\"og:title\" content=\"Secretaria de Sa\u00fade capacita m\u00e9dicos e enfermeiros da aten\u00e7\u00e3o b\u00e1sica para coloca\u00e7\u00e3o do \u2018Implanon\u2019 - eJornais\" \/>\n\t\t<meta property=\"og:description\" content=\"A Secretaria Municipal de Sa\u00fade (SMS) est\u00e1 capacitando cerca de 450 profissionais, entre m\u00e9dicos e enfermeiros, que atuam nas Unidades de Sa\u00fade da Fam\u00edlia (USF) para a coloca\u00e7\u00e3o do Implante Subd\u00e9rmico, o \u2018Implanon\u2019, m\u00e9todo contraceptivo de longa dura\u00e7\u00e3o que passa a ser ofertado pelo Sistema \u00danico de Sa\u00fade (SUS). Nesta segunda-feira (23), no audit\u00f3rio da\" \/>\n\t\t<meta property=\"og:url\" content=\"https:\/\/ejornais.com.br\/index.php\/2026\/02\/23\/secretaria-de-saude-capacita-medicos-e-enfermeiros-da-atencao-basica-para-colocacao-do-implanon\/\" \/>\n\t\t<meta property=\"article:published_time\" content=\"2026-02-23T18:47:05+00:00\" \/>\n\t\t<meta property=\"article:modified_time\" content=\"2026-02-23T18:47:05+00:00\" \/>\n\t\t<meta name=\"twitter:card\" content=\"summary_large_image\" \/>\n\t\t<meta name=\"twitter:title\" content=\"Secretaria de Sa\u00fade capacita m\u00e9dicos e enfermeiros da aten\u00e7\u00e3o b\u00e1sica para coloca\u00e7\u00e3o do \u2018Implanon\u2019 - eJornais\" \/>\n\t\t<meta name=\"twitter:description\" content=\"A Secretaria Municipal de Sa\u00fade (SMS) est\u00e1 capacitando cerca de 450 profissionais, entre m\u00e9dicos e enfermeiros, que atuam nas Unidades de Sa\u00fade da Fam\u00edlia (USF) para a coloca\u00e7\u00e3o do Implante Subd\u00e9rmico, o \u2018Implanon\u2019, m\u00e9todo contraceptivo de longa dura\u00e7\u00e3o que passa a ser ofertado pelo Sistema \u00danico de Sa\u00fade (SUS). Nesta segunda-feira (23), no audit\u00f3rio da\" \/>\n\t\t<script type=\"application\/ld+json\" class=\"aioseo-schema\">\n\t\t\t{\"@context\":\"https:\\\/\\\/schema.org\",\"@graph\":[{\"@type\":\"BlogPosting\",\"@id\":\"https:\\\/\\\/ejornais.com.br\\\/index.php\\\/2026\\\/02\\\/23\\\/secretaria-de-saude-capacita-medicos-e-enfermeiros-da-atencao-basica-para-colocacao-do-implanon\\\/#blogposting\",\"name\":\"Secretaria de Sa\\u00fade capacita m\\u00e9dicos e enfermeiros da aten\\u00e7\\u00e3o b\\u00e1sica para coloca\\u00e7\\u00e3o do \\u2018Implanon\\u2019 - eJornais\",\"headline\":\"Secretaria de Sa\\u00fade capacita m\\u00e9dicos e enfermeiros da aten\\u00e7\\u00e3o b\\u00e1sica para coloca\\u00e7\\u00e3o do \\u2018Implanon\\u2019\",\"author\":{\"@id\":\"https:\\\/\\\/ejornais.com.br\\\/index.php\\\/author\\\/admin1\\\/#author\"},\"publisher\":{\"@id\":\"https:\\\/\\\/ejornais.com.br\\\/#organization\"},\"datePublished\":\"2026-02-23T15:47:05-03:00\",\"dateModified\":\"2026-02-23T15:47:05-03:00\",\"inLanguage\":\"pt-BR\",\"mainEntityOfPage\":{\"@id\":\"https:\\\/\\\/ejornais.com.br\\\/index.php\\\/2026\\\/02\\\/23\\\/secretaria-de-saude-capacita-medicos-e-enfermeiros-da-atencao-basica-para-colocacao-do-implanon\\\/#webpage\"},\"isPartOf\":{\"@id\":\"https:\\\/\\\/ejornais.com.br\\\/index.php\\\/2026\\\/02\\\/23\\\/secretaria-de-saude-capacita-medicos-e-enfermeiros-da-atencao-basica-para-colocacao-do-implanon\\\/#webpage\"},\"articleSection\":\"Cat\\u00e1logo de Jornais\"},{\"@type\":\"BreadcrumbList\",\"@id\":\"https:\\\/\\\/ejornais.com.br\\\/index.php\\\/2026\\\/02\\\/23\\\/secretaria-de-saude-capacita-medicos-e-enfermeiros-da-atencao-basica-para-colocacao-do-implanon\\\/#breadcrumblist\",\"itemListElement\":[{\"@type\":\"ListItem\",\"@id\":\"https:\\\/\\\/ejornais.com.br#listItem\",\"position\":1,\"name\":\"In\\u00edcio\",\"item\":\"https:\\\/\\\/ejornais.com.br\",\"nextItem\":{\"@type\":\"ListItem\",\"@id\":\"https:\\\/\\\/ejornais.com.br\\\/index.php\\\/category\\\/ejornais\\\/#listItem\",\"name\":\"Cat\\u00e1logo de Jornais\"}},{\"@type\":\"ListItem\",\"@id\":\"https:\\\/\\\/ejornais.com.br\\\/index.php\\\/category\\\/ejornais\\\/#listItem\",\"position\":2,\"name\":\"Cat\\u00e1logo de Jornais\",\"item\":\"https:\\\/\\\/ejornais.com.br\\\/index.php\\\/category\\\/ejornais\\\/\",\"nextItem\":{\"@type\":\"ListItem\",\"@id\":\"https:\\\/\\\/ejornais.com.br\\\/index.php\\\/2026\\\/02\\\/23\\\/secretaria-de-saude-capacita-medicos-e-enfermeiros-da-atencao-basica-para-colocacao-do-implanon\\\/#listItem\",\"name\":\"Secretaria de Sa\\u00fade capacita m\\u00e9dicos e enfermeiros da aten\\u00e7\\u00e3o b\\u00e1sica para coloca\\u00e7\\u00e3o do \\u2018Implanon\\u2019\"},\"previousItem\":{\"@type\":\"ListItem\",\"@id\":\"https:\\\/\\\/ejornais.com.br#listItem\",\"name\":\"In\\u00edcio\"}},{\"@type\":\"ListItem\",\"@id\":\"https:\\\/\\\/ejornais.com.br\\\/index.php\\\/2026\\\/02\\\/23\\\/secretaria-de-saude-capacita-medicos-e-enfermeiros-da-atencao-basica-para-colocacao-do-implanon\\\/#listItem\",\"position\":3,\"name\":\"Secretaria de Sa\\u00fade capacita m\\u00e9dicos e enfermeiros da aten\\u00e7\\u00e3o b\\u00e1sica para coloca\\u00e7\\u00e3o do \\u2018Implanon\\u2019\",\"previousItem\":{\"@type\":\"ListItem\",\"@id\":\"https:\\\/\\\/ejornais.com.br\\\/index.php\\\/category\\\/ejornais\\\/#listItem\",\"name\":\"Cat\\u00e1logo de Jornais\"}}]},{\"@type\":\"Organization\",\"@id\":\"https:\\\/\\\/ejornais.com.br\\\/#organization\",\"name\":\"eJornais\",\"description\":\"Cat\\u00e1logo de Jornais no mundo, Not\\u00edcias, Blog e Esportes ao vivo\",\"url\":\"https:\\\/\\\/ejornais.com.br\\\/\"},{\"@type\":\"Person\",\"@id\":\"https:\\\/\\\/ejornais.com.br\\\/index.php\\\/author\\\/admin1\\\/#author\",\"url\":\"https:\\\/\\\/ejornais.com.br\\\/index.php\\\/author\\\/admin1\\\/\",\"name\":\"admin1\",\"image\":{\"@type\":\"ImageObject\",\"@id\":\"https:\\\/\\\/ejornais.com.br\\\/index.php\\\/2026\\\/02\\\/23\\\/secretaria-de-saude-capacita-medicos-e-enfermeiros-da-atencao-basica-para-colocacao-do-implanon\\\/#authorImage\",\"url\":\"https:\\\/\\\/secure.gravatar.com\\\/avatar\\\/04084e6d73c042b8646e7c17b494073bf0ede3ea13c7105cfc45cbbbc28385a4?s=96&d=mm&r=g\",\"width\":96,\"height\":96,\"caption\":\"admin1\"}},{\"@type\":\"WebPage\",\"@id\":\"https:\\\/\\\/ejornais.com.br\\\/index.php\\\/2026\\\/02\\\/23\\\/secretaria-de-saude-capacita-medicos-e-enfermeiros-da-atencao-basica-para-colocacao-do-implanon\\\/#webpage\",\"url\":\"https:\\\/\\\/ejornais.com.br\\\/index.php\\\/2026\\\/02\\\/23\\\/secretaria-de-saude-capacita-medicos-e-enfermeiros-da-atencao-basica-para-colocacao-do-implanon\\\/\",\"name\":\"Secretaria de Sa\\u00fade capacita m\\u00e9dicos e enfermeiros da aten\\u00e7\\u00e3o b\\u00e1sica para coloca\\u00e7\\u00e3o do \\u2018Implanon\\u2019 - eJornais\",\"description\":\"A Secretaria Municipal de Sa\\u00fade (SMS) est\\u00e1 capacitando cerca de 450 profissionais, entre m\\u00e9dicos e enfermeiros, que atuam nas Unidades de Sa\\u00fade da Fam\\u00edlia (USF) para a coloca\\u00e7\\u00e3o do Implante Subd\\u00e9rmico, o \\u2018Implanon\\u2019, m\\u00e9todo contraceptivo de longa dura\\u00e7\\u00e3o que passa a ser ofertado pelo Sistema \\u00danico de Sa\\u00fade (SUS). Nesta segunda-feira (23), no audit\\u00f3rio da\",\"inLanguage\":\"pt-BR\",\"isPartOf\":{\"@id\":\"https:\\\/\\\/ejornais.com.br\\\/#website\"},\"breadcrumb\":{\"@id\":\"https:\\\/\\\/ejornais.com.br\\\/index.php\\\/2026\\\/02\\\/23\\\/secretaria-de-saude-capacita-medicos-e-enfermeiros-da-atencao-basica-para-colocacao-do-implanon\\\/#breadcrumblist\"},\"author\":{\"@id\":\"https:\\\/\\\/ejornais.com.br\\\/index.php\\\/author\\\/admin1\\\/#author\"},\"creator\":{\"@id\":\"https:\\\/\\\/ejornais.com.br\\\/index.php\\\/author\\\/admin1\\\/#author\"},\"datePublished\":\"2026-02-23T15:47:05-03:00\",\"dateModified\":\"2026-02-23T15:47:05-03:00\"},{\"@type\":\"WebSite\",\"@id\":\"https:\\\/\\\/ejornais.com.br\\\/#website\",\"url\":\"https:\\\/\\\/ejornais.com.br\\\/\",\"name\":\"eJornais\",\"description\":\"Cat\\u00e1logo de Jornais no mundo, Not\\u00edcias, Blog e Esportes ao vivo\",\"inLanguage\":\"pt-BR\",\"publisher\":{\"@id\":\"https:\\\/\\\/ejornais.com.br\\\/#organization\"}}]}\n\t\t<\/script>\n\t\t<!-- All in One SEO -->\n\n","aioseo_head_json":{"title":"Secretaria de Sa\u00fade capacita m\u00e9dicos e enfermeiros da aten\u00e7\u00e3o b\u00e1sica para coloca\u00e7\u00e3o do \u2018Implanon\u2019 - eJornais","description":"A Secretaria Municipal de Sa\u00fade (SMS) est\u00e1 capacitando cerca de 450 profissionais, entre m\u00e9dicos e enfermeiros, que atuam nas Unidades de Sa\u00fade da Fam\u00edlia (USF) para a coloca\u00e7\u00e3o do Implante Subd\u00e9rmico, o \u2018Implanon\u2019, m\u00e9todo contraceptivo de longa dura\u00e7\u00e3o que passa a ser ofertado pelo Sistema \u00danico de Sa\u00fade (SUS). Nesta segunda-feira (23), no audit\u00f3rio da","canonical_url":"https:\/\/ejornais.com.br\/index.php\/2026\/02\/23\/secretaria-de-saude-capacita-medicos-e-enfermeiros-da-atencao-basica-para-colocacao-do-implanon\/","robots":"max-image-preview:large","keywords":"","webmasterTools":{"miscellaneous":""},"schema":{"@context":"https:\/\/schema.org","@graph":[{"@type":"BlogPosting","@id":"https:\/\/ejornais.com.br\/index.php\/2026\/02\/23\/secretaria-de-saude-capacita-medicos-e-enfermeiros-da-atencao-basica-para-colocacao-do-implanon\/#blogposting","name":"Secretaria de Sa\u00fade capacita m\u00e9dicos e enfermeiros da aten\u00e7\u00e3o b\u00e1sica para coloca\u00e7\u00e3o do \u2018Implanon\u2019 - eJornais","headline":"Secretaria de Sa\u00fade capacita m\u00e9dicos e enfermeiros da aten\u00e7\u00e3o b\u00e1sica para coloca\u00e7\u00e3o do \u2018Implanon\u2019","author":{"@id":"https:\/\/ejornais.com.br\/index.php\/author\/admin1\/#author"},"publisher":{"@id":"https:\/\/ejornais.com.br\/#organization"},"datePublished":"2026-02-23T15:47:05-03:00","dateModified":"2026-02-23T15:47:05-03:00","inLanguage":"pt-BR","mainEntityOfPage":{"@id":"https:\/\/ejornais.com.br\/index.php\/2026\/02\/23\/secretaria-de-saude-capacita-medicos-e-enfermeiros-da-atencao-basica-para-colocacao-do-implanon\/#webpage"},"isPartOf":{"@id":"https:\/\/ejornais.com.br\/index.php\/2026\/02\/23\/secretaria-de-saude-capacita-medicos-e-enfermeiros-da-atencao-basica-para-colocacao-do-implanon\/#webpage"},"articleSection":"Cat\u00e1logo de Jornais"},{"@type":"BreadcrumbList","@id":"https:\/\/ejornais.com.br\/index.php\/2026\/02\/23\/secretaria-de-saude-capacita-medicos-e-enfermeiros-da-atencao-basica-para-colocacao-do-implanon\/#breadcrumblist","itemListElement":[{"@type":"ListItem","@id":"https:\/\/ejornais.com.br#listItem","position":1,"name":"In\u00edcio","item":"https:\/\/ejornais.com.br","nextItem":{"@type":"ListItem","@id":"https:\/\/ejornais.com.br\/index.php\/category\/ejornais\/#listItem","name":"Cat\u00e1logo de Jornais"}},{"@type":"ListItem","@id":"https:\/\/ejornais.com.br\/index.php\/category\/ejornais\/#listItem","position":2,"name":"Cat\u00e1logo de Jornais","item":"https:\/\/ejornais.com.br\/index.php\/category\/ejornais\/","nextItem":{"@type":"ListItem","@id":"https:\/\/ejornais.com.br\/index.php\/2026\/02\/23\/secretaria-de-saude-capacita-medicos-e-enfermeiros-da-atencao-basica-para-colocacao-do-implanon\/#listItem","name":"Secretaria de Sa\u00fade capacita m\u00e9dicos e enfermeiros da aten\u00e7\u00e3o b\u00e1sica para coloca\u00e7\u00e3o do \u2018Implanon\u2019"},"previousItem":{"@type":"ListItem","@id":"https:\/\/ejornais.com.br#listItem","name":"In\u00edcio"}},{"@type":"ListItem","@id":"https:\/\/ejornais.com.br\/index.php\/2026\/02\/23\/secretaria-de-saude-capacita-medicos-e-enfermeiros-da-atencao-basica-para-colocacao-do-implanon\/#listItem","position":3,"name":"Secretaria de Sa\u00fade capacita m\u00e9dicos e enfermeiros da aten\u00e7\u00e3o b\u00e1sica para coloca\u00e7\u00e3o do \u2018Implanon\u2019","previousItem":{"@type":"ListItem","@id":"https:\/\/ejornais.com.br\/index.php\/category\/ejornais\/#listItem","name":"Cat\u00e1logo de Jornais"}}]},{"@type":"Organization","@id":"https:\/\/ejornais.com.br\/#organization","name":"eJornais","description":"Cat\u00e1logo de Jornais no mundo, Not\u00edcias, Blog e Esportes ao vivo","url":"https:\/\/ejornais.com.br\/"},{"@type":"Person","@id":"https:\/\/ejornais.com.br\/index.php\/author\/admin1\/#author","url":"https:\/\/ejornais.com.br\/index.php\/author\/admin1\/","name":"admin1","image":{"@type":"ImageObject","@id":"https:\/\/ejornais.com.br\/index.php\/2026\/02\/23\/secretaria-de-saude-capacita-medicos-e-enfermeiros-da-atencao-basica-para-colocacao-do-implanon\/#authorImage","url":"https:\/\/secure.gravatar.com\/avatar\/04084e6d73c042b8646e7c17b494073bf0ede3ea13c7105cfc45cbbbc28385a4?s=96&d=mm&r=g","width":96,"height":96,"caption":"admin1"}},{"@type":"WebPage","@id":"https:\/\/ejornais.com.br\/index.php\/2026\/02\/23\/secretaria-de-saude-capacita-medicos-e-enfermeiros-da-atencao-basica-para-colocacao-do-implanon\/#webpage","url":"https:\/\/ejornais.com.br\/index.php\/2026\/02\/23\/secretaria-de-saude-capacita-medicos-e-enfermeiros-da-atencao-basica-para-colocacao-do-implanon\/","name":"Secretaria de Sa\u00fade capacita m\u00e9dicos e enfermeiros da aten\u00e7\u00e3o b\u00e1sica para coloca\u00e7\u00e3o do \u2018Implanon\u2019 - eJornais","description":"A Secretaria Municipal de Sa\u00fade (SMS) est\u00e1 capacitando cerca de 450 profissionais, entre m\u00e9dicos e enfermeiros, que atuam nas Unidades de Sa\u00fade da Fam\u00edlia (USF) para a coloca\u00e7\u00e3o do Implante Subd\u00e9rmico, o \u2018Implanon\u2019, m\u00e9todo contraceptivo de longa dura\u00e7\u00e3o que passa a ser ofertado pelo Sistema \u00danico de Sa\u00fade (SUS). Nesta segunda-feira (23), no audit\u00f3rio da","inLanguage":"pt-BR","isPartOf":{"@id":"https:\/\/ejornais.com.br\/#website"},"breadcrumb":{"@id":"https:\/\/ejornais.com.br\/index.php\/2026\/02\/23\/secretaria-de-saude-capacita-medicos-e-enfermeiros-da-atencao-basica-para-colocacao-do-implanon\/#breadcrumblist"},"author":{"@id":"https:\/\/ejornais.com.br\/index.php\/author\/admin1\/#author"},"creator":{"@id":"https:\/\/ejornais.com.br\/index.php\/author\/admin1\/#author"},"datePublished":"2026-02-23T15:47:05-03:00","dateModified":"2026-02-23T15:47:05-03:00"},{"@type":"WebSite","@id":"https:\/\/ejornais.com.br\/#website","url":"https:\/\/ejornais.com.br\/","name":"eJornais","description":"Cat\u00e1logo de Jornais no mundo, Not\u00edcias, Blog e Esportes ao vivo","inLanguage":"pt-BR","publisher":{"@id":"https:\/\/ejornais.com.br\/#organization"}}]},"og:locale":"pt_BR","og:site_name":"eJornais - Cat\u00e1logo de Jornais no mundo, Not\u00edcias, Blog e Esportes ao vivo","og:type":"article","og:title":"Secretaria de Sa\u00fade capacita m\u00e9dicos e enfermeiros da aten\u00e7\u00e3o b\u00e1sica para coloca\u00e7\u00e3o do \u2018Implanon\u2019 - eJornais","og:description":"A Secretaria Municipal de Sa\u00fade (SMS) est\u00e1 capacitando cerca de 450 profissionais, entre m\u00e9dicos e enfermeiros, que atuam nas Unidades de Sa\u00fade da Fam\u00edlia (USF) para a coloca\u00e7\u00e3o do Implante Subd\u00e9rmico, o \u2018Implanon\u2019, m\u00e9todo contraceptivo de longa dura\u00e7\u00e3o que passa a ser ofertado pelo Sistema \u00danico de Sa\u00fade (SUS). Nesta segunda-feira (23), no audit\u00f3rio da","og:url":"https:\/\/ejornais.com.br\/index.php\/2026\/02\/23\/secretaria-de-saude-capacita-medicos-e-enfermeiros-da-atencao-basica-para-colocacao-do-implanon\/","article:published_time":"2026-02-23T18:47:05+00:00","article:modified_time":"2026-02-23T18:47:05+00:00","twitter:card":"summary_large_image","twitter:title":"Secretaria de Sa\u00fade capacita m\u00e9dicos e enfermeiros da aten\u00e7\u00e3o b\u00e1sica para coloca\u00e7\u00e3o do \u2018Implanon\u2019 - eJornais","twitter:description":"A Secretaria Municipal de Sa\u00fade (SMS) est\u00e1 capacitando cerca de 450 profissionais, entre m\u00e9dicos e enfermeiros, que atuam nas Unidades de Sa\u00fade da Fam\u00edlia (USF) para a coloca\u00e7\u00e3o do Implante Subd\u00e9rmico, o \u2018Implanon\u2019, m\u00e9todo contraceptivo de longa dura\u00e7\u00e3o que passa a ser ofertado pelo Sistema \u00danico de Sa\u00fade (SUS). Nesta segunda-feira (23), no audit\u00f3rio da"},"aioseo_meta_data":{"post_id":"61177","title":null,"description":null,"keywords":null,"keyphrases":null,"primary_term":null,"canonical_url":null,"og_title":null,"og_description":null,"og_object_type":"default","og_image_type":"default","og_image_url":null,"og_image_width":null,"og_image_height":null,"og_image_custom_url":null,"og_image_custom_fields":null,"og_video":null,"og_custom_url":null,"og_article_section":null,"og_article_tags":null,"twitter_use_og":false,"twitter_card":"default","twitter_image_type":"default","twitter_image_url":null,"twitter_image_custom_url":null,"twitter_image_custom_fields":null,"twitter_title":null,"twitter_description":null,"schema":{"blockGraphs":[],"customGraphs":[],"default":{"data":{"Article":[],"Course":[],"Dataset":[],"FAQPage":[],"Movie":[],"Person":[],"Product":[],"ProductReview":[],"Car":[],"Recipe":[],"Service":[],"SoftwareApplication":[],"WebPage":[]},"graphName":"","isEnabled":true},"graphs":[]},"schema_type":"default","schema_type_options":null,"pillar_content":false,"robots_default":true,"robots_noindex":false,"robots_noarchive":false,"robots_nosnippet":false,"robots_nofollow":false,"robots_noimageindex":false,"robots_noodp":false,"robots_notranslate":false,"robots_max_snippet":null,"robots_max_videopreview":null,"robots_max_imagepreview":"large","priority":null,"frequency":null,"local_seo":null,"breadcrumb_settings":null,"limit_modified_date":false,"ai":null,"created":"2026-02-23 18:48:02","updated":"2026-02-23 18:48:02","seo_analyzer_scan_date":null,"focus_keyword":null,"additional_keywords":null,"truseo_locale":null},"aioseo_breadcrumb":"<div class=\"aioseo-breadcrumbs\"><span class=\"aioseo-breadcrumb\">\n\t\t\t<a href=\"https:\/\/ejornais.com.br\" title=\"In\u00edcio\">In\u00edcio<\/a>\n\t\t<\/span><span class=\"aioseo-breadcrumb-separator\">&raquo;<\/span><span class=\"aioseo-breadcrumb\">\n\t\t\t<a href=\"https:\/\/ejornais.com.br\/index.php\/category\/ejornais\/\" title=\"Cat\u00e1logo de Jornais\">Cat\u00e1logo de Jornais<\/a>\n\t\t<\/span><span class=\"aioseo-breadcrumb-separator\">&raquo;<\/span><span class=\"aioseo-breadcrumb\">\n\t\t\tSecretaria de Sa\u00fade capacita m\u00e9dicos e enfermeiros da aten\u00e7\u00e3o b\u00e1sica para coloca\u00e7\u00e3o do \u2018Implanon\u2019\n\t\t<\/span><\/div>","aioseo_breadcrumb_json":[{"label":"In\u00edcio","link":"https:\/\/ejornais.com.br"},{"label":"Cat\u00e1logo de Jornais","link":"https:\/\/ejornais.com.br\/index.php\/category\/ejornais\/"},{"label":"Secretaria de Sa\u00fade capacita m\u00e9dicos e enfermeiros da aten\u00e7\u00e3o b\u00e1sica para coloca\u00e7\u00e3o do \u2018Implanon\u2019","link":"https:\/\/ejornais.com.br\/index.php\/2026\/02\/23\/secretaria-de-saude-capacita-medicos-e-enfermeiros-da-atencao-basica-para-colocacao-do-implanon\/"}],"amp_enabled":true,"_links":{"self":[{"href":"https:\/\/ejornais.com.br\/index.php\/wp-json\/wp\/v2\/posts\/61177","targetHints":{"allow":["GET"]}}],"collection":[{"href":"https:\/\/ejornais.com.br\/index.php\/wp-json\/wp\/v2\/posts"}],"about":[{"href":"https:\/\/ejornais.com.br\/index.php\/wp-json\/wp\/v2\/types\/post"}],"author":[{"embeddable":true,"href":"https:\/\/ejornais.com.br\/index.php\/wp-json\/wp\/v2\/users\/2"}],"replies":[{"embeddable":true,"href":"https:\/\/ejornais.com.br\/index.php\/wp-json\/wp\/v2\/comments?post=61177"}],"version-history":[{"count":0,"href":"https:\/\/ejornais.com.br\/index.php\/wp-json\/wp\/v2\/posts\/61177\/revisions"}],"wp:attachment":[{"href":"https:\/\/ejornais.com.br\/index.php\/wp-json\/wp\/v2\/media?parent=61177"}],"wp:term":[{"taxonomy":"category","embeddable":true,"href":"https:\/\/ejornais.com.br\/index.php\/wp-json\/wp\/v2\/categories?post=61177"},{"taxonomy":"post_tag","embeddable":true,"href":"https:\/\/ejornais.com.br\/index.php\/wp-json\/wp\/v2\/tags?post=61177"}],"curies":[{"name":"wp","href":"https:\/\/api.w.org\/{rel}","templated":true}]}}