{"id":61271,"date":"2026-02-25T04:13:24","date_gmt":"2026-02-25T07:13:24","guid":{"rendered":"https:\/\/ejornais.com.br\/index.php\/2026\/02\/25\/comunicado-interligacao-do-sistema-de-abastecimento-ao-loteamento-primori-prefeitura-estancia-turistica-guaratingueta\/"},"modified":"2026-02-25T04:13:24","modified_gmt":"2026-02-25T07:13:24","slug":"comunicado-interligacao-do-sistema-de-abastecimento-ao-loteamento-primori-prefeitura-estancia-turistica-guaratingueta","status":"publish","type":"post","link":"https:\/\/ejornais.com.br\/index.php\/2026\/02\/25\/comunicado-interligacao-do-sistema-de-abastecimento-ao-loteamento-primori-prefeitura-estancia-turistica-guaratingueta\/","title":{"rendered":"Comunicado \u2013 Interliga\u00e7\u00e3o do Sistema de Abastecimento ao Loteamento Primori \u2013 Prefeitura Est\u00e2ncia Tur\u00edstica Guaratinguet\u00e1"},"content":{"rendered":"<p><\/p>\n<div>\n<p>A SAEG (Companhia de Servi\u00e7os de \u00c1gua, Esgoto e Res\u00edduos de Guaratinguet\u00e1) realiza, nesta quarta-feira (25), a interliga\u00e7\u00e3o do Sistema de Abastecimento de \u00c1gua ao Loteamento Primori.<\/p>\n<p>\u00a0<\/p>\n<p>A medida tem como objetivo viabilizar testes operacionais na nova rede, etapa fundamental para garantir a seguran\u00e7a e a efici\u00eancia do fornecimento de \u00e1gua no empreendimento.<\/p>\n<p>\u00a0<\/p>\n<p>Para a execu\u00e7\u00e3o do servi\u00e7o, ser\u00e1 necess\u00e1rio o fechamento tempor\u00e1rio da v\u00e1lvula de sa\u00edda do Reservat\u00f3rio do Montes\u00a0<\/p>\n<p>Verdes, o que poder\u00e1 ocasionar interrup\u00e7\u00e3o tempor\u00e1ria ou redu\u00e7\u00e3o de press\u00e3o no abastecimento dos seguintes bairros:<\/p>\n<p>Montes Verdes;<\/p>\n<p>Jardim das Figueiras;<\/p>\n<p>Rua da Sardinha;<\/p>\n<p>Bom Jardim.<\/p>\n<p>\u00a0<\/p>\n<p>A interven\u00e7\u00e3o est\u00e1 prevista para ocorrer no per\u00edodo da manh\u00e3, com normaliza\u00e7\u00e3o gradativa do abastecimento at\u00e9 o final da tarde.<\/p>\n<p>\u00a0<\/p>\n<p>A SAEG orienta os moradores das regi\u00f5es afetadas a utilizarem a \u00e1gua de forma consciente durante o per\u00edodo da manuten\u00e7\u00e3o.<\/p>\n<p>Em caso de d\u00favidas ou para mais informa\u00e7\u00f5es, a popula\u00e7\u00e3o pode entrar em contato pelo telefone 156 ou pelo aplicativo 156 SAEG.<\/p>\n<\/p><\/div>\n","protected":false},"excerpt":{"rendered":"<p>A SAEG (Companhia de Servi\u00e7os de \u00c1gua, Esgoto e Res\u00edduos de Guaratinguet\u00e1) realiza, nesta quarta-feira (25), a interliga\u00e7\u00e3o do Sistema<\/p>\n","protected":false},"author":2,"featured_media":0,"comment_status":"","ping_status":"","sticky":false,"template":"","format":"standard","meta":{"colormag_page_container_layout":"default_layout","colormag_page_sidebar_layout":"default_layout","footnotes":""},"categories":[1],"tags":[],"class_list":["post-61271","post","type-post","status-publish","format-standard","hentry","category-ejornais"],"aioseo_notices":[],"amp_enabled":true,"_links":{"self":[{"href":"https:\/\/ejornais.com.br\/index.php\/wp-json\/wp\/v2\/posts\/61271","targetHints":{"allow":["GET"]}}],"collection":[{"href":"https:\/\/ejornais.com.br\/index.php\/wp-json\/wp\/v2\/posts"}],"about":[{"href":"https:\/\/ejornais.com.br\/index.php\/wp-json\/wp\/v2\/types\/post"}],"author":[{"embeddable":true,"href":"https:\/\/ejornais.com.br\/index.php\/wp-json\/wp\/v2\/users\/2"}],"replies":[{"embeddable":true,"href":"https:\/\/ejornais.com.br\/index.php\/wp-json\/wp\/v2\/comments?post=61271"}],"version-history":[{"count":0,"href":"https:\/\/ejornais.com.br\/index.php\/wp-json\/wp\/v2\/posts\/61271\/revisions"}],"wp:attachment":[{"href":"https:\/\/ejornais.com.br\/index.php\/wp-json\/wp\/v2\/media?parent=61271"}],"wp:term":[{"taxonomy":"category","embeddable":true,"href":"https:\/\/ejornais.com.br\/index.php\/wp-json\/wp\/v2\/categories?post=61271"},{"taxonomy":"post_tag","embeddable":true,"href":"https:\/\/ejornais.com.br\/index.php\/wp-json\/wp\/v2\/tags?post=61271"}],"curies":[{"name":"wp","href":"https:\/\/api.w.org\/{rel}","templated":true}]}}