{"id":61438,"date":"2026-02-27T16:25:01","date_gmt":"2026-02-27T19:25:01","guid":{"rendered":"https:\/\/ejornais.com.br\/index.php\/2026\/02\/27\/totalmente-repaginado-mis-reabre-as-portas-ao-publico-e-traz-exposicao-fotografica-de-rachid-waqued\/"},"modified":"2026-02-27T16:25:01","modified_gmt":"2026-02-27T19:25:01","slug":"totalmente-repaginado-mis-reabre-as-portas-ao-publico-e-traz-exposicao-fotografica-de-rachid-waqued","status":"publish","type":"post","link":"https:\/\/ejornais.com.br\/index.php\/2026\/02\/27\/totalmente-repaginado-mis-reabre-as-portas-ao-publico-e-traz-exposicao-fotografica-de-rachid-waqued\/","title":{"rendered":"Totalmente repaginado, MIS reabre as portas ao p\u00fablico e traz exposi\u00e7\u00e3o fotogr\u00e1fica de Rachid Waqued"},"content":{"rendered":"<p><\/p>\n<div>\n<p style=\"font-weight: 400;\">Ap\u00f3s de mais de um m\u00eas fechado para readequa\u00e7\u00f5es, o Museu da Imagem e do Som foi reaberto para a popula\u00e7\u00e3o na noite desta quinta-feira (26), \u00e0s 19 horas, com a exposi\u00e7\u00e3o \u201cFotografia e Mem\u00f3ria\u201d, homenagem ao fot\u00f3grafo Rachid Waqued, um dos principais documentaristas da hist\u00f3ria sul-mato-grossense. Foi revitalizado o espa\u00e7o museogr\u00e1fico e foram criados dois laborat\u00f3rios de audiovisual do Museu da Imagem e do Som.<\/p>\n<p style=\"font-weight: 400;\">Para o diretor-presidente da Funda\u00e7\u00e3o de Cultura de Mato Grosso do Sul, Eduardo Mendes, a reestrutura\u00e7\u00e3o do Museu da Imagem e do Som \u00e9 um Marco para a FCMS. \u201cO Museu tem novos espa\u00e7os expositivos, ele traz uma nova condi\u00e7\u00e3o com os nossos laborat\u00f3rios de audiovisual, trazendo a popula\u00e7\u00e3o para dentro do MIS e a utiliza\u00e7\u00e3o desse equipamento para pessoas que muitas vezes n\u00e3o podem pagar um est\u00fadio, n\u00e3o t\u00eam a condi\u00e7\u00e3o de gravar um podcast, poder\u00e3o fazer aqui na Funda\u00e7\u00e3o de Cultura. Ent\u00e3o eu acho que a gente trabalha a economia criativa, a gente gera renda e coloca o Museu da Imagem do Som num cen\u00e1rio de uma amplitude maior de pessoas que passam a conhec\u00ea-lo agora. E a exposi\u00e7\u00e3o de reabertura \u00e9 muito bacana, a gente resgatar e mostrar a nossa hist\u00f3ria atrav\u00e9s da fotografia\u201d.<\/p>\n<p style=\"font-weight: 400;\">Presente na cerim\u00f4nia de reabertura do Museu, a primeira-dama M\u00f4nica Riedel disse que essa nova apresenta\u00e7\u00e3o do MIS o aproxima da popula\u00e7\u00e3o, \u201ccom os equipamentos que est\u00e3o a\u00ed de \u00faltima gera\u00e7\u00e3o, podendo fazer com que as pessoas venham aqui e interajam, possam fazer, produzir tamb\u00e9m cultura aqui dentro, faz muito sentido nos dias de hoje, n\u00e9? E aqui com certeza as exposi\u00e7\u00f5es todas ficam muito mais acess\u00edveis, as pessoas para virem visitar. O interessante \u00e9 isso, \u00e9 voc\u00ea mostrar o que \u00e9 produzido culturalmente no Estado de Mato Grosso do Sul, e voc\u00ea ter as pessoas para virem aproveitar isso\u201d.<\/p>\n<p style=\"font-weight: 400;\">O secret\u00e1rio de estado de Turismo, Esporte e Cultura, Marcelo Miranda, afirmou que o MIS tem um papel muito importante no acolhimento da sociedade, criando um espa\u00e7o para divulga\u00e7\u00e3o do nosso audiovisual. \u201cEssa revitaliza\u00e7\u00e3o organizada pela Funda\u00e7\u00e3o de Cultura \u00e9 um divisor de \u00e1guas, realmente trazendo uma estrutura bacana para a apresenta\u00e7\u00e3o dos nossos audiovisuais, para exposi\u00e7\u00f5es de artes visuais e a produ\u00e7\u00e3o de podcasts, e produ\u00e7\u00e3o de v\u00eddeos, dando suporte para os nossos trabalhadores de cultura melhorarem cada vez mais a sua produ\u00e7\u00e3o, que j\u00e1 \u00e9 uma refer\u00eancia no audiovisual sul-mato-grossense, e a gente cria condi\u00e7\u00f5es a\u00ed para novos, novos, novos empreendimentos\u201d.<\/p>\n<p style=\"font-weight: 400;\">A diretora de Mem\u00f3ria e Patrim\u00f4nio Cultural da FCMS, Melly Sena, disse que a noite foi para dar um passo importante da primeira etapa de a\u00e7\u00f5es do programa Rota Cine. \u201cEsse projeto ele refor\u00e7a a import\u00e2ncia fundamental dos nossos equipamentos culturais, a gente fala que o estado com os museus, os arquivos e as bibliotecas, fazendo a guarda, a salvaguarda da mem\u00f3ria, \u00e9 um estado forte cuja hist\u00f3ria n\u00e3o vai ser esquecida. O nosso NIS que est\u00e1 aqui desde 2008, ent\u00e3o esta \u00e9 a primeira mudan\u00e7a mais substancial, espacial que a gente vai ter, e logo mais voc\u00eas v\u00e3o poder ver, poder prestigiar\u201d.<\/p>\n<p style=\"font-weight: 400;\">\u201cO MIS hoje reabre suas portas com uma nova roupagem. Alguns espa\u00e7os foram readequados, de forma que a popula\u00e7\u00e3o tivesse um espa\u00e7o mais confort\u00e1vel, mais tecnol\u00f3gico e um espa\u00e7o que realmente pudesse aproveitar da melhor forma poss\u00edvel, mais acess\u00edvel tamb\u00e9m para os produtores audiovisuais. Hoje n\u00f3s temos a abertura de uma nova galeria, a cria\u00e7\u00e3o de uma nova galeria e tamb\u00e9m a cria\u00e7\u00e3o de um n\u00facleo de produ\u00e7\u00e3o audiovisual. A revitaliza\u00e7\u00e3o do museu, abrindo dois novos espa\u00e7os acess\u00edveis \u00e0 popula\u00e7\u00e3o, \u00e9 uma forma tamb\u00e9m de democratizar n\u00e3o somente o acesso do p\u00fablico geral, a visita\u00e7\u00e3o das escolas, a visita\u00e7\u00e3o de professores, o p\u00fablico de forma geral que vem para visitar, turistas, a popula\u00e7\u00e3o em si. Tamb\u00e9m \u00e9 um espa\u00e7o para produtores audiovisuais, usufruir de um novo espa\u00e7o que est\u00e1 sendo criado, que \u00e9 o nosso Laborat\u00f3rio Audiovisual, com possibilidade de grava\u00e7\u00e3o, edi\u00e7\u00e3o, capta\u00e7\u00e3o de imagem, capta\u00e7\u00e3o de \u00e1udio, grava\u00e7\u00e3o de podcast e tudo mais\u201d, destacou o coordenador do Museu da Imagem e do Som, Marcio Veiga.<\/p>\n<p style=\"font-weight: 400;\">Grande homenageado da noite, o fot\u00f3grafo Rachid Waqued disse que a exposi\u00e7\u00e3o \u201cFotografia e Mem\u00f3ria\u201d \u00e9 um projeto que est\u00e1 dentro de todo esse caminho que ele trilhou at\u00e9 chegar aqui. \u201c\u00c9, pensando no futuro, pensando em documentar o presente para o futuro, como exatamente fizeram os fot\u00f3grafos pioneiros que chegaram aqui no nosso estado, l\u00e1 na 1800, 1900. Fizeram as imagens que n\u00f3s temos at\u00e9 hoje, sen\u00e3o a gente nem sabia como \u00e9 que era naquela \u00e9poca. Ent\u00e3o, o que eu pensei? Eu vou fazer a mesma coisa, eu vou ser um documentarista do meu tempo, voc\u00ea \u00e9 um contador de hist\u00f3rias visuais para as futuras gera\u00e7\u00f5es. Ent\u00e3o, isso, essa exposi\u00e7\u00e3o vem na esteira desse trabalho. \u00c9 uma continuidade, n\u00e3o \u00e9 um fim porque eu estou fotografando ainda, ent\u00e3o \u00e9 uma continuidade, \u00e9 um par\u00eanteses nessa minha trajet\u00f3ria de mostrar que o que eu pensei l\u00e1 atr\u00e1s, h\u00e1 40 anos atr\u00e1s, j\u00e1 est\u00e1 dando frutos hoje, que eu j\u00e1 consigo mostrar esse trabalho, essa diferen\u00e7a, como o Estado cresceu\u201d.<\/p>\n<p style=\"font-weight: 400;\">\n<p><strong>Servi\u00e7o<\/strong><\/p>\n<p>O MIS pode ser visitado de segunda a sexta-feira, das 07h30 \u00e0s 17h30 e aos s\u00e1bados das 8h \u00e0s 18h na Avenida Fernando Corr\u00eaa da Costa 559, 3\u00ba Andar na regi\u00e3o Central de Campo Grande &#8211; MS.<\/p>\n<p style=\"font-weight: 400;\"><em>Texto: Karina Lima &#8211; Comunica\u00e7\u00e3o Setesc<\/em><br \/><em>Fotos: Samuel Rocha<\/em><\/p>\n<\/div>\n","protected":false},"excerpt":{"rendered":"<p>Ap\u00f3s de mais de um m\u00eas fechado para readequa\u00e7\u00f5es, o Museu da Imagem e do Som foi reaberto para a<\/p>\n","protected":false},"author":2,"featured_media":0,"comment_status":"","ping_status":"","sticky":false,"template":"","format":"standard","meta":{"colormag_page_container_layout":"default_layout","colormag_page_sidebar_layout":"default_layout","footnotes":""},"categories":[1],"tags":[],"class_list":["post-61438","post","type-post","status-publish","format-standard","hentry","category-ejornais"],"aioseo_notices":[],"amp_enabled":true,"_links":{"self":[{"href":"https:\/\/ejornais.com.br\/index.php\/wp-json\/wp\/v2\/posts\/61438","targetHints":{"allow":["GET"]}}],"collection":[{"href":"https:\/\/ejornais.com.br\/index.php\/wp-json\/wp\/v2\/posts"}],"about":[{"href":"https:\/\/ejornais.com.br\/index.php\/wp-json\/wp\/v2\/types\/post"}],"author":[{"embeddable":true,"href":"https:\/\/ejornais.com.br\/index.php\/wp-json\/wp\/v2\/users\/2"}],"replies":[{"embeddable":true,"href":"https:\/\/ejornais.com.br\/index.php\/wp-json\/wp\/v2\/comments?post=61438"}],"version-history":[{"count":0,"href":"https:\/\/ejornais.com.br\/index.php\/wp-json\/wp\/v2\/posts\/61438\/revisions"}],"wp:attachment":[{"href":"https:\/\/ejornais.com.br\/index.php\/wp-json\/wp\/v2\/media?parent=61438"}],"wp:term":[{"taxonomy":"category","embeddable":true,"href":"https:\/\/ejornais.com.br\/index.php\/wp-json\/wp\/v2\/categories?post=61438"},{"taxonomy":"post_tag","embeddable":true,"href":"https:\/\/ejornais.com.br\/index.php\/wp-json\/wp\/v2\/tags?post=61438"}],"curies":[{"name":"wp","href":"https:\/\/api.w.org\/{rel}","templated":true}]}}