{"id":61547,"date":"2026-03-01T13:18:17","date_gmt":"2026-03-01T16:18:17","guid":{"rendered":"https:\/\/ejornais.com.br\/index.php\/2026\/03\/01\/semu-realiza-cursos-e-palestras-no-mes-da-mulher-cgnoticias\/"},"modified":"2026-03-01T13:18:17","modified_gmt":"2026-03-01T16:18:17","slug":"semu-realiza-cursos-e-palestras-no-mes-da-mulher-cgnoticias","status":"publish","type":"post","link":"https:\/\/ejornais.com.br\/index.php\/2026\/03\/01\/semu-realiza-cursos-e-palestras-no-mes-da-mulher-cgnoticias\/","title":{"rendered":"Semu\u00a0realiza cursos e palestras no M\u00eas da Mulher\u00a0 \u2013 CGNot\u00edcias"},"content":{"rendered":"<p><\/p>\n<div>\n<p>A Secretaria Executiva da Mulher (Semu) realiza, ao longo de mar\u00e7o, uma s\u00e9rie de cursos e palestras voltados \u00e0 qualifica\u00e7\u00e3o profissional, fortalecimento da autonomia feminina e preven\u00e7\u00e3o da viol\u00eancia contra a mulher. A programa\u00e7\u00e3o integra o CG Delas, que ser\u00e1 lan\u00e7ado oficialmente na segunda-feira (02).\u00a0<\/p>\n<p>O programa re\u00fane 24 projetos voltados \u00e0 prote\u00e7\u00e3o, preven\u00e7\u00e3o e enfrentamento da viol\u00eancia contra a mulher, al\u00e9m de a\u00e7\u00f5es de capacita\u00e7\u00e3o e gera\u00e7\u00e3o de renda. A proposta \u00e9 ampliar oportunidades, fortalecer a independ\u00eancia financeira e garantir acesso \u00e0 informa\u00e7\u00e3o sobre direitos e rede de apoio.\u00a0<\/p>\n<p>Entre os cursos ofertados est\u00e3o Empreendedorismo, Manicure e Pedicure, Assistente Administrativo, Secretariado, Vendas, al\u00e9m de oficinas de Macram\u00ea e Bordado Livre. A agenda tamb\u00e9m inclui palestras sobre valoriza\u00e7\u00e3o das mulheres na sociedade, preven\u00e7\u00e3o da viol\u00eancia e avan\u00e7os nos direitos femininos.\u00a0<\/p>\n<p>As atividades ser\u00e3o realizadas em diferentes regi\u00f5es da cidade, em parceria com CRAS, institui\u00e7\u00f5es de ensino e empresas.\u00a0<\/p>\n<p><strong>Cronograma de mar\u00e7o<\/strong>\u00a0<\/p>\n<ul class=\"wp-block-list\">\n<li>03\/03\u00a0\n<ul class=\"wp-block-list\">\n<li>08h30 \u00e0s 11h00 (03\u00a0a\u00a005\/03) \u2013 Curso Manicure e Pedicure\u00a0<br \/>SEMU \u2013 Rua 15 de Novembro, 1373<\/li>\n<li>08h30 \u00e0s 11h00 \u2013 Curso Assistente Administrativo\u00a0<br \/>CRAS Nossa Senhora Aparecida \u2013 Rua Janeiro\u00a0Shimabucuro, n\u00ba 08\u00a0<\/li>\n<\/ul>\n<\/li>\n<li>04\/03\n<ul class=\"wp-block-list\">\n<li>15h00 \u2013 Palestra: Preven\u00e7\u00e3o da Viol\u00eancia contra as Mulheres\u00a0<br \/>ACIESP \u2013 Rua Inoc\u00eancia Moreira dos Santos, 45 \u2013 Aero Rancho<\/li>\n<\/ul>\n<\/li>\n<li>06\/03\n<ul class=\"wp-block-list\">\n<li>09h00 \u2013 Palestra: Mulher \u2013 presen\u00e7a que transforma\u00a0<br \/>SEMADI \u2013 Av. Afonso Pena, 3297<\/li>\n<\/ul>\n<\/li>\n<li>09\/03\n<ul class=\"wp-block-list\">\n<li>13h00 \u2013 Palestra: Valoriza\u00e7\u00e3o das Mulheres na Sociedade\u00a0<br \/>Carvalima\u00a0\u2013 Av. Ministro Jo\u00e3o Arinos, 9578<\/li>\n<li>19h00 \u00e0s 21h00 (09 a 13\/03) \u2013 Curso Empreenda Bem Mulher\u00a0<br \/>SEMU \u2013 Rua 15 de Novembro, 1373<\/li>\n<\/ul>\n<\/li>\n<li>10\/03\n<ul class=\"wp-block-list\">\n<li>08h00 \u2013 Palestra: Valoriza\u00e7\u00e3o das Mulheres na Sociedade\u00a0<br \/>E.M. Jo\u00e3o de Paula Ribeiro \u2013 Rua 14 de Julho, 5140<\/li>\n<\/ul>\n<\/li>\n<li>11\/03\n<ul class=\"wp-block-list\">\n<li>09h00 \u2013 Palestra: Avan\u00e7os nos Direitos das Mulheres\u00a0<br \/>Rua Alagoas, 365\u00a0<\/li>\n<\/ul>\n<\/li>\n<li>12\/03\n<ul class=\"wp-block-list\">\n<li>08h00 \u2013 Palestra: Valoriza\u00e7\u00e3o das Mulheres na Sociedade\u00a0<br \/>CRAS Vida Nova \u2013 Rua Jaci Maria de Azevedo\u00a0M\u00f4ro, 164\u00a0<\/li>\n<\/ul>\n<\/li>\n<li>13\/03\n<ul class=\"wp-block-list\">\n<li>08h00 \u2013 Palestra: Valoriza\u00e7\u00e3o das Mulheres na Sociedade\u00a0<br \/>CRAS Canguru \u2013 Rua dos Top\u00f3grafos, 1175<\/li>\n<\/ul>\n<\/li>\n<li>14\/03\n<ul class=\"wp-block-list\">\n<li>15h00 \u2013 Palestra: Preven\u00e7\u00e3o da Viol\u00eancia contra as Mulheres\u00a0<br \/>Rua Temb\u00e9s, 27 \u2013 Jardim Leblon\u00a0<\/li>\n<\/ul>\n<\/li>\n<li>16\/03\n<ul class=\"wp-block-list\">\n<li>08h30 \u00e0s 11h00 (16 a 19\/03) \u2013 Curso Secretariado\u00a0<br \/>SEMU \u2013 Rua 15 de Novembro, 1373\u00a0<\/li>\n<li>08h30 \u00e0s 11h00 (16 a 19\/03) \u2013 Curso Macram\u00ea\u00a0<br \/>CRAS Estrela do Sul \u2013 Rua Her\u00e1clito Diniz\u00a0<\/li>\n<li>08h30 \u00e0s 11h00 (16 a 20\/03) \u2013 Curso Manicure e Pedicure\u00a0<br \/>CRAS Vida Nova \u2013 Rua Jaci Maria de Azevedo\u00a0M\u00f4ro, 16<\/li>\n<li>18h00 \u2013 Palestra: Valoriza\u00e7\u00e3o das Mulheres na Sociedade\u00a0<br \/>CRAS S\u00e3o Conrado \u2013 Rua Livino God\u00f3i, 777\u00a0<\/li>\n<\/ul>\n<\/li>\n<li>17\/03\n<ul class=\"wp-block-list\">\n<li>12h30 \u2013 Palestra: Valoriza\u00e7\u00e3o das Mulheres na Sociedade\u00a0<br \/>Av.\u00a0Gury\u00a0Marques, 7300\u00a0<\/li>\n<\/ul>\n<\/li>\n<li>18\/03\n<ul class=\"wp-block-list\">\n<li>08h30 \u2013 Palestra: Valoriza\u00e7\u00e3o das Mulheres na Sociedade\u00a0<br \/>CRAS Aeroporto \u2013 Rua Rio Galheiro, 470\u00a0<\/li>\n<li>14h00 \u00e0s 18h00 (18 e 19\/03) \u2013 Curso Venda como Rainha\u00a0<br \/>Rua Presidente Vargas, 525\u00a0<\/li>\n<\/ul>\n<\/li>\n<li>19\/03\n<ul class=\"wp-block-list\">\n<li>08h15 \u2013 Palestra: Valoriza\u00e7\u00e3o das Mulheres na Sociedade\u00a0<br \/>Rua Rio Grande do Sul, 210\/220\u00a0<\/li>\n<\/ul>\n<\/li>\n<li>23\/03\n<ul class=\"wp-block-list\">\n<li>08h30 \u00e0s 11h00 (23 a 26\/03) \u2013 Curso Macram\u00ea\u00a0<br \/>CRAS Aero Rancho \u2013 Rua Globo de Ouro, 860\u00a0<\/li>\n<li>08h30 \u00e0s 11h00 (23 a 26\/03) \u2013 Curso Bordado Livre\u00a0<br \/>SEMU \u2013 Rua 15 de Novembro, 1373\u00a0<\/li>\n<\/ul>\n<\/li>\n<li>24\/03\n<ul class=\"wp-block-list\">\n<li>08h00 \u2013 Palestra: Valoriza\u00e7\u00e3o das Mulheres na Sociedade\u00a0<br \/>Rua dos Ferreiros, 16\u00a0<\/li>\n<\/ul>\n<\/li>\n<li>27\/03\n<ul class=\"wp-block-list\">\n<li>14h00 \u2013 Palestra: Valoriza\u00e7\u00e3o das Mulheres na Sociedade\u00a0<br \/>Rua Rio Grande do Sul, 210\/220\u00a0<\/li>\n<\/ul>\n<\/li>\n<\/ul>\n<p>#ParaTodosVerem: A imagem mostra diversas mulheres sentadas de frente para um tel\u00e3o enquanto acompanham curso ofertado pela SEMU<\/p>\n<\/div>\n<p><script async defer async defer src=\"https:\/\/connect.facebook.net\/en_US\/sdk.js?ver=1#xfbml=1&amp;version=v3.2\" id=\"prefeitura-campogrande-script-facebook-sdk-js\"><\/script><\/p>\n","protected":false},"excerpt":{"rendered":"<p>A Secretaria Executiva da Mulher (Semu) realiza, ao longo de mar\u00e7o, uma s\u00e9rie de cursos e palestras voltados \u00e0 qualifica\u00e7\u00e3o<\/p>\n","protected":false},"author":2,"featured_media":0,"comment_status":"","ping_status":"","sticky":false,"template":"","format":"standard","meta":{"colormag_page_container_layout":"default_layout","colormag_page_sidebar_layout":"default_layout","footnotes":""},"categories":[1],"tags":[],"class_list":["post-61547","post","type-post","status-publish","format-standard","hentry","category-ejornais"],"aioseo_notices":[],"aioseo_head":"\n\t\t<!-- All in One SEO 5.0.1.1 - aioseo.com -->\n\t<meta name=\"description\" content=\"A Secretaria Executiva da Mulher (Semu) realiza, ao longo de mar\u00e7o, uma s\u00e9rie de cursos e palestras voltados \u00e0 qualifica\u00e7\u00e3o profissional, fortalecimento da autonomia feminina e preven\u00e7\u00e3o da viol\u00eancia contra a mulher. A programa\u00e7\u00e3o integra o CG Delas, que ser\u00e1 lan\u00e7ado oficialmente na segunda-feira (02). O programa re\u00fane 24 projetos voltados \u00e0 prote\u00e7\u00e3o, preven\u00e7\u00e3o e\" \/>\n\t<meta name=\"robots\" content=\"max-image-preview:large\" \/>\n\t<meta name=\"author\" content=\"admin1\"\/>\n\t<link rel=\"canonical\" href=\"https:\/\/ejornais.com.br\/index.php\/2026\/03\/01\/semu-realiza-cursos-e-palestras-no-mes-da-mulher-cgnoticias\/\" \/>\n\t<meta name=\"generator\" content=\"All in One SEO (AIOSEO) 5.0.1.1\" \/>\n\t\t<meta property=\"og:locale\" content=\"pt_BR\" \/>\n\t\t<meta property=\"og:site_name\" content=\"eJornais - Cat\u00e1logo de Jornais no mundo, Not\u00edcias, Blog e Esportes ao vivo\" \/>\n\t\t<meta property=\"og:type\" content=\"article\" \/>\n\t\t<meta property=\"og:title\" content=\"Semu realiza cursos e palestras no M\u00eas da Mulher \u2013 CGNot\u00edcias - eJornais\" \/>\n\t\t<meta property=\"og:description\" content=\"A Secretaria Executiva da Mulher (Semu) realiza, ao longo de mar\u00e7o, uma s\u00e9rie de cursos e palestras voltados \u00e0 qualifica\u00e7\u00e3o profissional, fortalecimento da autonomia feminina e preven\u00e7\u00e3o da viol\u00eancia contra a mulher. A programa\u00e7\u00e3o integra o CG Delas, que ser\u00e1 lan\u00e7ado oficialmente na segunda-feira (02). O programa re\u00fane 24 projetos voltados \u00e0 prote\u00e7\u00e3o, preven\u00e7\u00e3o e\" \/>\n\t\t<meta property=\"og:url\" content=\"https:\/\/ejornais.com.br\/index.php\/2026\/03\/01\/semu-realiza-cursos-e-palestras-no-mes-da-mulher-cgnoticias\/\" \/>\n\t\t<meta property=\"article:published_time\" content=\"2026-03-01T16:18:17+00:00\" \/>\n\t\t<meta property=\"article:modified_time\" content=\"2026-03-01T16:18:17+00:00\" \/>\n\t\t<meta name=\"twitter:card\" content=\"summary_large_image\" \/>\n\t\t<meta name=\"twitter:title\" content=\"Semu realiza cursos e palestras no M\u00eas da Mulher \u2013 CGNot\u00edcias - eJornais\" \/>\n\t\t<meta name=\"twitter:description\" content=\"A Secretaria Executiva da Mulher (Semu) realiza, ao longo de mar\u00e7o, uma s\u00e9rie de cursos e palestras voltados \u00e0 qualifica\u00e7\u00e3o profissional, fortalecimento da autonomia feminina e preven\u00e7\u00e3o da viol\u00eancia contra a mulher. A programa\u00e7\u00e3o integra o CG Delas, que ser\u00e1 lan\u00e7ado oficialmente na segunda-feira (02). O programa re\u00fane 24 projetos voltados \u00e0 prote\u00e7\u00e3o, preven\u00e7\u00e3o e\" \/>\n\t\t<script type=\"application\/ld+json\" class=\"aioseo-schema\">\n\t\t\t{\"@context\":\"https:\\\/\\\/schema.org\",\"@graph\":[{\"@type\":\"BlogPosting\",\"@id\":\"https:\\\/\\\/ejornais.com.br\\\/index.php\\\/2026\\\/03\\\/01\\\/semu-realiza-cursos-e-palestras-no-mes-da-mulher-cgnoticias\\\/#blogposting\",\"name\":\"Semu realiza cursos e palestras no M\\u00eas da Mulher \\u2013 CGNot\\u00edcias - eJornais\",\"headline\":\"Semu\\u00a0realiza cursos e palestras no M\\u00eas da Mulher\\u00a0 \\u2013 CGNot\\u00edcias\",\"author\":{\"@id\":\"https:\\\/\\\/ejornais.com.br\\\/index.php\\\/author\\\/admin1\\\/#author\"},\"publisher\":{\"@id\":\"https:\\\/\\\/ejornais.com.br\\\/#organization\"},\"datePublished\":\"2026-03-01T13:18:17-03:00\",\"dateModified\":\"2026-03-01T13:18:17-03:00\",\"inLanguage\":\"pt-BR\",\"mainEntityOfPage\":{\"@id\":\"https:\\\/\\\/ejornais.com.br\\\/index.php\\\/2026\\\/03\\\/01\\\/semu-realiza-cursos-e-palestras-no-mes-da-mulher-cgnoticias\\\/#webpage\"},\"isPartOf\":{\"@id\":\"https:\\\/\\\/ejornais.com.br\\\/index.php\\\/2026\\\/03\\\/01\\\/semu-realiza-cursos-e-palestras-no-mes-da-mulher-cgnoticias\\\/#webpage\"},\"articleSection\":\"Cat\\u00e1logo de Jornais\"},{\"@type\":\"BreadcrumbList\",\"@id\":\"https:\\\/\\\/ejornais.com.br\\\/index.php\\\/2026\\\/03\\\/01\\\/semu-realiza-cursos-e-palestras-no-mes-da-mulher-cgnoticias\\\/#breadcrumblist\",\"itemListElement\":[{\"@type\":\"ListItem\",\"@id\":\"https:\\\/\\\/ejornais.com.br#listItem\",\"position\":1,\"name\":\"In\\u00edcio\",\"item\":\"https:\\\/\\\/ejornais.com.br\",\"nextItem\":{\"@type\":\"ListItem\",\"@id\":\"https:\\\/\\\/ejornais.com.br\\\/index.php\\\/category\\\/ejornais\\\/#listItem\",\"name\":\"Cat\\u00e1logo de Jornais\"}},{\"@type\":\"ListItem\",\"@id\":\"https:\\\/\\\/ejornais.com.br\\\/index.php\\\/category\\\/ejornais\\\/#listItem\",\"position\":2,\"name\":\"Cat\\u00e1logo de Jornais\",\"item\":\"https:\\\/\\\/ejornais.com.br\\\/index.php\\\/category\\\/ejornais\\\/\",\"nextItem\":{\"@type\":\"ListItem\",\"@id\":\"https:\\\/\\\/ejornais.com.br\\\/index.php\\\/2026\\\/03\\\/01\\\/semu-realiza-cursos-e-palestras-no-mes-da-mulher-cgnoticias\\\/#listItem\",\"name\":\"Semu\\u00a0realiza cursos e palestras no M\\u00eas da Mulher\\u00a0 \\u2013 CGNot\\u00edcias\"},\"previousItem\":{\"@type\":\"ListItem\",\"@id\":\"https:\\\/\\\/ejornais.com.br#listItem\",\"name\":\"In\\u00edcio\"}},{\"@type\":\"ListItem\",\"@id\":\"https:\\\/\\\/ejornais.com.br\\\/index.php\\\/2026\\\/03\\\/01\\\/semu-realiza-cursos-e-palestras-no-mes-da-mulher-cgnoticias\\\/#listItem\",\"position\":3,\"name\":\"Semu\\u00a0realiza cursos e palestras no M\\u00eas da Mulher\\u00a0 \\u2013 CGNot\\u00edcias\",\"previousItem\":{\"@type\":\"ListItem\",\"@id\":\"https:\\\/\\\/ejornais.com.br\\\/index.php\\\/category\\\/ejornais\\\/#listItem\",\"name\":\"Cat\\u00e1logo de Jornais\"}}]},{\"@type\":\"Organization\",\"@id\":\"https:\\\/\\\/ejornais.com.br\\\/#organization\",\"name\":\"eJornais\",\"description\":\"Cat\\u00e1logo de Jornais no mundo, Not\\u00edcias, Blog e Esportes ao vivo\",\"url\":\"https:\\\/\\\/ejornais.com.br\\\/\"},{\"@type\":\"Person\",\"@id\":\"https:\\\/\\\/ejornais.com.br\\\/index.php\\\/author\\\/admin1\\\/#author\",\"url\":\"https:\\\/\\\/ejornais.com.br\\\/index.php\\\/author\\\/admin1\\\/\",\"name\":\"admin1\",\"image\":{\"@type\":\"ImageObject\",\"@id\":\"https:\\\/\\\/ejornais.com.br\\\/index.php\\\/2026\\\/03\\\/01\\\/semu-realiza-cursos-e-palestras-no-mes-da-mulher-cgnoticias\\\/#authorImage\",\"url\":\"https:\\\/\\\/secure.gravatar.com\\\/avatar\\\/04084e6d73c042b8646e7c17b494073bf0ede3ea13c7105cfc45cbbbc28385a4?s=96&d=mm&r=g\",\"width\":96,\"height\":96,\"caption\":\"admin1\"}},{\"@type\":\"WebPage\",\"@id\":\"https:\\\/\\\/ejornais.com.br\\\/index.php\\\/2026\\\/03\\\/01\\\/semu-realiza-cursos-e-palestras-no-mes-da-mulher-cgnoticias\\\/#webpage\",\"url\":\"https:\\\/\\\/ejornais.com.br\\\/index.php\\\/2026\\\/03\\\/01\\\/semu-realiza-cursos-e-palestras-no-mes-da-mulher-cgnoticias\\\/\",\"name\":\"Semu realiza cursos e palestras no M\\u00eas da Mulher \\u2013 CGNot\\u00edcias - eJornais\",\"description\":\"A Secretaria Executiva da Mulher (Semu) realiza, ao longo de mar\\u00e7o, uma s\\u00e9rie de cursos e palestras voltados \\u00e0 qualifica\\u00e7\\u00e3o profissional, fortalecimento da autonomia feminina e preven\\u00e7\\u00e3o da viol\\u00eancia contra a mulher. A programa\\u00e7\\u00e3o integra o CG Delas, que ser\\u00e1 lan\\u00e7ado oficialmente na segunda-feira (02). O programa re\\u00fane 24 projetos voltados \\u00e0 prote\\u00e7\\u00e3o, preven\\u00e7\\u00e3o e\",\"inLanguage\":\"pt-BR\",\"isPartOf\":{\"@id\":\"https:\\\/\\\/ejornais.com.br\\\/#website\"},\"breadcrumb\":{\"@id\":\"https:\\\/\\\/ejornais.com.br\\\/index.php\\\/2026\\\/03\\\/01\\\/semu-realiza-cursos-e-palestras-no-mes-da-mulher-cgnoticias\\\/#breadcrumblist\"},\"author\":{\"@id\":\"https:\\\/\\\/ejornais.com.br\\\/index.php\\\/author\\\/admin1\\\/#author\"},\"creator\":{\"@id\":\"https:\\\/\\\/ejornais.com.br\\\/index.php\\\/author\\\/admin1\\\/#author\"},\"datePublished\":\"2026-03-01T13:18:17-03:00\",\"dateModified\":\"2026-03-01T13:18:17-03:00\"},{\"@type\":\"WebSite\",\"@id\":\"https:\\\/\\\/ejornais.com.br\\\/#website\",\"url\":\"https:\\\/\\\/ejornais.com.br\\\/\",\"name\":\"eJornais\",\"description\":\"Cat\\u00e1logo de Jornais no mundo, Not\\u00edcias, Blog e Esportes ao vivo\",\"inLanguage\":\"pt-BR\",\"publisher\":{\"@id\":\"https:\\\/\\\/ejornais.com.br\\\/#organization\"}}]}\n\t\t<\/script>\n\t\t<!-- All in One SEO -->\n\n","aioseo_head_json":{"title":"Semu realiza cursos e palestras no M\u00eas da Mulher \u2013 CGNot\u00edcias - eJornais","description":"A Secretaria Executiva da Mulher (Semu) realiza, ao longo de mar\u00e7o, uma s\u00e9rie de cursos e palestras voltados \u00e0 qualifica\u00e7\u00e3o profissional, fortalecimento da autonomia feminina e preven\u00e7\u00e3o da viol\u00eancia contra a mulher. A programa\u00e7\u00e3o integra o CG Delas, que ser\u00e1 lan\u00e7ado oficialmente na segunda-feira (02). O programa re\u00fane 24 projetos voltados \u00e0 prote\u00e7\u00e3o, preven\u00e7\u00e3o e","canonical_url":"https:\/\/ejornais.com.br\/index.php\/2026\/03\/01\/semu-realiza-cursos-e-palestras-no-mes-da-mulher-cgnoticias\/","robots":"max-image-preview:large","keywords":"","webmasterTools":{"miscellaneous":""},"schema":{"@context":"https:\/\/schema.org","@graph":[{"@type":"BlogPosting","@id":"https:\/\/ejornais.com.br\/index.php\/2026\/03\/01\/semu-realiza-cursos-e-palestras-no-mes-da-mulher-cgnoticias\/#blogposting","name":"Semu realiza cursos e palestras no M\u00eas da Mulher \u2013 CGNot\u00edcias - eJornais","headline":"Semu\u00a0realiza cursos e palestras no M\u00eas da Mulher\u00a0 \u2013 CGNot\u00edcias","author":{"@id":"https:\/\/ejornais.com.br\/index.php\/author\/admin1\/#author"},"publisher":{"@id":"https:\/\/ejornais.com.br\/#organization"},"datePublished":"2026-03-01T13:18:17-03:00","dateModified":"2026-03-01T13:18:17-03:00","inLanguage":"pt-BR","mainEntityOfPage":{"@id":"https:\/\/ejornais.com.br\/index.php\/2026\/03\/01\/semu-realiza-cursos-e-palestras-no-mes-da-mulher-cgnoticias\/#webpage"},"isPartOf":{"@id":"https:\/\/ejornais.com.br\/index.php\/2026\/03\/01\/semu-realiza-cursos-e-palestras-no-mes-da-mulher-cgnoticias\/#webpage"},"articleSection":"Cat\u00e1logo de Jornais"},{"@type":"BreadcrumbList","@id":"https:\/\/ejornais.com.br\/index.php\/2026\/03\/01\/semu-realiza-cursos-e-palestras-no-mes-da-mulher-cgnoticias\/#breadcrumblist","itemListElement":[{"@type":"ListItem","@id":"https:\/\/ejornais.com.br#listItem","position":1,"name":"In\u00edcio","item":"https:\/\/ejornais.com.br","nextItem":{"@type":"ListItem","@id":"https:\/\/ejornais.com.br\/index.php\/category\/ejornais\/#listItem","name":"Cat\u00e1logo de Jornais"}},{"@type":"ListItem","@id":"https:\/\/ejornais.com.br\/index.php\/category\/ejornais\/#listItem","position":2,"name":"Cat\u00e1logo de Jornais","item":"https:\/\/ejornais.com.br\/index.php\/category\/ejornais\/","nextItem":{"@type":"ListItem","@id":"https:\/\/ejornais.com.br\/index.php\/2026\/03\/01\/semu-realiza-cursos-e-palestras-no-mes-da-mulher-cgnoticias\/#listItem","name":"Semu\u00a0realiza cursos e palestras no M\u00eas da Mulher\u00a0 \u2013 CGNot\u00edcias"},"previousItem":{"@type":"ListItem","@id":"https:\/\/ejornais.com.br#listItem","name":"In\u00edcio"}},{"@type":"ListItem","@id":"https:\/\/ejornais.com.br\/index.php\/2026\/03\/01\/semu-realiza-cursos-e-palestras-no-mes-da-mulher-cgnoticias\/#listItem","position":3,"name":"Semu\u00a0realiza cursos e palestras no M\u00eas da Mulher\u00a0 \u2013 CGNot\u00edcias","previousItem":{"@type":"ListItem","@id":"https:\/\/ejornais.com.br\/index.php\/category\/ejornais\/#listItem","name":"Cat\u00e1logo de Jornais"}}]},{"@type":"Organization","@id":"https:\/\/ejornais.com.br\/#organization","name":"eJornais","description":"Cat\u00e1logo de Jornais no mundo, Not\u00edcias, Blog e Esportes ao vivo","url":"https:\/\/ejornais.com.br\/"},{"@type":"Person","@id":"https:\/\/ejornais.com.br\/index.php\/author\/admin1\/#author","url":"https:\/\/ejornais.com.br\/index.php\/author\/admin1\/","name":"admin1","image":{"@type":"ImageObject","@id":"https:\/\/ejornais.com.br\/index.php\/2026\/03\/01\/semu-realiza-cursos-e-palestras-no-mes-da-mulher-cgnoticias\/#authorImage","url":"https:\/\/secure.gravatar.com\/avatar\/04084e6d73c042b8646e7c17b494073bf0ede3ea13c7105cfc45cbbbc28385a4?s=96&d=mm&r=g","width":96,"height":96,"caption":"admin1"}},{"@type":"WebPage","@id":"https:\/\/ejornais.com.br\/index.php\/2026\/03\/01\/semu-realiza-cursos-e-palestras-no-mes-da-mulher-cgnoticias\/#webpage","url":"https:\/\/ejornais.com.br\/index.php\/2026\/03\/01\/semu-realiza-cursos-e-palestras-no-mes-da-mulher-cgnoticias\/","name":"Semu realiza cursos e palestras no M\u00eas da Mulher \u2013 CGNot\u00edcias - eJornais","description":"A Secretaria Executiva da Mulher (Semu) realiza, ao longo de mar\u00e7o, uma s\u00e9rie de cursos e palestras voltados \u00e0 qualifica\u00e7\u00e3o profissional, fortalecimento da autonomia feminina e preven\u00e7\u00e3o da viol\u00eancia contra a mulher. A programa\u00e7\u00e3o integra o CG Delas, que ser\u00e1 lan\u00e7ado oficialmente na segunda-feira (02). O programa re\u00fane 24 projetos voltados \u00e0 prote\u00e7\u00e3o, preven\u00e7\u00e3o e","inLanguage":"pt-BR","isPartOf":{"@id":"https:\/\/ejornais.com.br\/#website"},"breadcrumb":{"@id":"https:\/\/ejornais.com.br\/index.php\/2026\/03\/01\/semu-realiza-cursos-e-palestras-no-mes-da-mulher-cgnoticias\/#breadcrumblist"},"author":{"@id":"https:\/\/ejornais.com.br\/index.php\/author\/admin1\/#author"},"creator":{"@id":"https:\/\/ejornais.com.br\/index.php\/author\/admin1\/#author"},"datePublished":"2026-03-01T13:18:17-03:00","dateModified":"2026-03-01T13:18:17-03:00"},{"@type":"WebSite","@id":"https:\/\/ejornais.com.br\/#website","url":"https:\/\/ejornais.com.br\/","name":"eJornais","description":"Cat\u00e1logo de Jornais no mundo, Not\u00edcias, Blog e Esportes ao vivo","inLanguage":"pt-BR","publisher":{"@id":"https:\/\/ejornais.com.br\/#organization"}}]},"og:locale":"pt_BR","og:site_name":"eJornais - Cat\u00e1logo de Jornais no mundo, Not\u00edcias, Blog e Esportes ao vivo","og:type":"article","og:title":"Semu realiza cursos e palestras no M\u00eas da Mulher \u2013 CGNot\u00edcias - eJornais","og:description":"A Secretaria Executiva da Mulher (Semu) realiza, ao longo de mar\u00e7o, uma s\u00e9rie de cursos e palestras voltados \u00e0 qualifica\u00e7\u00e3o profissional, fortalecimento da autonomia feminina e preven\u00e7\u00e3o da viol\u00eancia contra a mulher. A programa\u00e7\u00e3o integra o CG Delas, que ser\u00e1 lan\u00e7ado oficialmente na segunda-feira (02). O programa re\u00fane 24 projetos voltados \u00e0 prote\u00e7\u00e3o, preven\u00e7\u00e3o e","og:url":"https:\/\/ejornais.com.br\/index.php\/2026\/03\/01\/semu-realiza-cursos-e-palestras-no-mes-da-mulher-cgnoticias\/","article:published_time":"2026-03-01T16:18:17+00:00","article:modified_time":"2026-03-01T16:18:17+00:00","twitter:card":"summary_large_image","twitter:title":"Semu realiza cursos e palestras no M\u00eas da Mulher \u2013 CGNot\u00edcias - eJornais","twitter:description":"A Secretaria Executiva da Mulher (Semu) realiza, ao longo de mar\u00e7o, uma s\u00e9rie de cursos e palestras voltados \u00e0 qualifica\u00e7\u00e3o profissional, fortalecimento da autonomia feminina e preven\u00e7\u00e3o da viol\u00eancia contra a mulher. A programa\u00e7\u00e3o integra o CG Delas, que ser\u00e1 lan\u00e7ado oficialmente na segunda-feira (02). O programa re\u00fane 24 projetos voltados \u00e0 prote\u00e7\u00e3o, preven\u00e7\u00e3o e"},"aioseo_meta_data":{"post_id":"61547","title":null,"description":null,"keywords":null,"keyphrases":null,"primary_term":null,"canonical_url":null,"og_title":null,"og_description":null,"og_object_type":"default","og_image_type":"default","og_image_url":null,"og_image_width":null,"og_image_height":null,"og_image_custom_url":null,"og_image_custom_fields":null,"og_video":null,"og_custom_url":null,"og_article_section":null,"og_article_tags":null,"twitter_use_og":false,"twitter_card":"default","twitter_image_type":"default","twitter_image_url":null,"twitter_image_custom_url":null,"twitter_image_custom_fields":null,"twitter_title":null,"twitter_description":null,"schema":{"blockGraphs":[],"customGraphs":[],"default":{"data":{"Article":[],"Course":[],"Dataset":[],"FAQPage":[],"Movie":[],"Person":[],"Product":[],"ProductReview":[],"Car":[],"Recipe":[],"Service":[],"SoftwareApplication":[],"WebPage":[]},"graphName":"","isEnabled":true},"graphs":[]},"schema_type":"default","schema_type_options":null,"pillar_content":false,"robots_default":true,"robots_noindex":false,"robots_noarchive":false,"robots_nosnippet":false,"robots_nofollow":false,"robots_noimageindex":false,"robots_noodp":false,"robots_notranslate":false,"robots_max_snippet":null,"robots_max_videopreview":null,"robots_max_imagepreview":"large","priority":null,"frequency":null,"local_seo":null,"breadcrumb_settings":null,"limit_modified_date":false,"ai":null,"created":"2026-03-01 16:31:17","updated":"2026-03-01 16:31:17","seo_analyzer_scan_date":null,"focus_keyword":null,"additional_keywords":null,"truseo_locale":null},"aioseo_breadcrumb":"<div class=\"aioseo-breadcrumbs\"><span class=\"aioseo-breadcrumb\">\n\t\t\t<a href=\"https:\/\/ejornais.com.br\" title=\"In\u00edcio\">In\u00edcio<\/a>\n\t\t<\/span><span class=\"aioseo-breadcrumb-separator\">&raquo;<\/span><span class=\"aioseo-breadcrumb\">\n\t\t\t<a href=\"https:\/\/ejornais.com.br\/index.php\/category\/ejornais\/\" title=\"Cat\u00e1logo de Jornais\">Cat\u00e1logo de Jornais<\/a>\n\t\t<\/span><span class=\"aioseo-breadcrumb-separator\">&raquo;<\/span><span class=\"aioseo-breadcrumb\">\n\t\t\tSemu realiza cursos e palestras no M\u00eas da Mulher  \u2013 CGNot\u00edcias\n\t\t<\/span><\/div>","aioseo_breadcrumb_json":[{"label":"In\u00edcio","link":"https:\/\/ejornais.com.br"},{"label":"Cat\u00e1logo de Jornais","link":"https:\/\/ejornais.com.br\/index.php\/category\/ejornais\/"},{"label":"Semu\u00a0realiza cursos e palestras no M\u00eas da Mulher\u00a0 \u2013 CGNot\u00edcias","link":"https:\/\/ejornais.com.br\/index.php\/2026\/03\/01\/semu-realiza-cursos-e-palestras-no-mes-da-mulher-cgnoticias\/"}],"amp_enabled":true,"_links":{"self":[{"href":"https:\/\/ejornais.com.br\/index.php\/wp-json\/wp\/v2\/posts\/61547","targetHints":{"allow":["GET"]}}],"collection":[{"href":"https:\/\/ejornais.com.br\/index.php\/wp-json\/wp\/v2\/posts"}],"about":[{"href":"https:\/\/ejornais.com.br\/index.php\/wp-json\/wp\/v2\/types\/post"}],"author":[{"embeddable":true,"href":"https:\/\/ejornais.com.br\/index.php\/wp-json\/wp\/v2\/users\/2"}],"replies":[{"embeddable":true,"href":"https:\/\/ejornais.com.br\/index.php\/wp-json\/wp\/v2\/comments?post=61547"}],"version-history":[{"count":0,"href":"https:\/\/ejornais.com.br\/index.php\/wp-json\/wp\/v2\/posts\/61547\/revisions"}],"wp:attachment":[{"href":"https:\/\/ejornais.com.br\/index.php\/wp-json\/wp\/v2\/media?parent=61547"}],"wp:term":[{"taxonomy":"category","embeddable":true,"href":"https:\/\/ejornais.com.br\/index.php\/wp-json\/wp\/v2\/categories?post=61547"},{"taxonomy":"post_tag","embeddable":true,"href":"https:\/\/ejornais.com.br\/index.php\/wp-json\/wp\/v2\/tags?post=61547"}],"curies":[{"name":"wp","href":"https:\/\/api.w.org\/{rel}","templated":true}]}}