{"id":61595,"date":"2026-03-02T13:47:11","date_gmt":"2026-03-02T16:47:11","guid":{"rendered":"https:\/\/ejornais.com.br\/index.php\/2026\/03\/02\/prefcg-esta-com-inscricoes-abertas-para-aulas-gratuitas-de-teclado-cgnoticias\/"},"modified":"2026-03-02T13:47:11","modified_gmt":"2026-03-02T16:47:11","slug":"prefcg-esta-com-inscricoes-abertas-para-aulas-gratuitas-de-teclado-cgnoticias","status":"publish","type":"post","link":"https:\/\/ejornais.com.br\/index.php\/2026\/03\/02\/prefcg-esta-com-inscricoes-abertas-para-aulas-gratuitas-de-teclado-cgnoticias\/","title":{"rendered":"PrefCG est\u00e1 com inscri\u00e7\u00f5es abertas para aulas gratuitas de teclado \u2013 CGNot\u00edcias"},"content":{"rendered":"<p><\/p>\n<div>\n<p>A Prefeitura de Campo Grande, por interm\u00e9dio da Funda\u00e7\u00e3o Municipal de Cultura, abriu inscri\u00e7\u00f5es para aulas gratuitas de teclado na Capital. A iniciativa \u00e9 voltada a interessados a partir de 12 anos e integra as a\u00e7\u00f5es de incentivo \u00e0 forma\u00e7\u00e3o art\u00edstica e ao acesso \u00e0 educa\u00e7\u00e3o musical.<\/p>\n<p>As aulas ter\u00e3o in\u00edcio no dia 10 de mar\u00e7o e ser\u00e3o ministradas \u00e0s ter\u00e7as-feiras, nos hor\u00e1rios das 14h e 15h. Ao todo, ser\u00e3o disponibilizadas duas turmas, com 10 vagas cada.<\/p>\n<p>A grade program\u00e1tica abrange conte\u00fados que v\u00e3o desde fundamentos b\u00e1sicos do instrumento at\u00e9 leitura de partituras e cifras, forma\u00e7\u00e3o de acordes, escalas, ritmos e exerc\u00edcios de coordena\u00e7\u00e3o motora. O objetivo \u00e9 proporcionar aos participantes o desenvolvimento t\u00e9cnico e a amplia\u00e7\u00e3o da percep\u00e7\u00e3o musical.<\/p>\n<p>A proposta busca garantir ensino acess\u00edvel e de qualidade, em ambiente estruturado e com acompanhamento de professor, oportunizando a adolescentes e adultos o in\u00edcio ou o aprimoramento na pr\u00e1tica musical.<\/p>\n<p><strong>Inscri\u00e7\u00f5es<\/strong><\/p>\n<p>Os interessados devem entrar em contato pelo telefone (67) 2020-4310 para consultar a disponibilidade de vagas e efetivar a inscri\u00e7\u00e3o.<\/p>\n<p>Em raz\u00e3o do n\u00famero limitado de vagas, a recomenda\u00e7\u00e3o \u00e9 que o contato seja realizado com anteced\u00eancia junto \u00e0 Casa de Cultura.<\/p>\n<p><em>#ParaTodosVerem: Alunos durante aulas de teclados. <\/em><\/p>\n<\/div>\n<p><script async defer async defer src=\"https:\/\/connect.facebook.net\/en_US\/sdk.js?ver=1#xfbml=1&amp;version=v3.2\" id=\"prefeitura-campogrande-script-facebook-sdk-js\"><\/script><\/p>\n","protected":false},"excerpt":{"rendered":"<p>A Prefeitura de Campo Grande, por interm\u00e9dio da Funda\u00e7\u00e3o Municipal de Cultura, abriu inscri\u00e7\u00f5es para aulas gratuitas de teclado na<\/p>\n","protected":false},"author":2,"featured_media":0,"comment_status":"","ping_status":"","sticky":false,"template":"","format":"standard","meta":{"colormag_page_container_layout":"default_layout","colormag_page_sidebar_layout":"default_layout","footnotes":""},"categories":[1],"tags":[],"class_list":["post-61595","post","type-post","status-publish","format-standard","hentry","category-ejornais"],"aioseo_notices":[],"amp_enabled":true,"_links":{"self":[{"href":"https:\/\/ejornais.com.br\/index.php\/wp-json\/wp\/v2\/posts\/61595","targetHints":{"allow":["GET"]}}],"collection":[{"href":"https:\/\/ejornais.com.br\/index.php\/wp-json\/wp\/v2\/posts"}],"about":[{"href":"https:\/\/ejornais.com.br\/index.php\/wp-json\/wp\/v2\/types\/post"}],"author":[{"embeddable":true,"href":"https:\/\/ejornais.com.br\/index.php\/wp-json\/wp\/v2\/users\/2"}],"replies":[{"embeddable":true,"href":"https:\/\/ejornais.com.br\/index.php\/wp-json\/wp\/v2\/comments?post=61595"}],"version-history":[{"count":0,"href":"https:\/\/ejornais.com.br\/index.php\/wp-json\/wp\/v2\/posts\/61595\/revisions"}],"wp:attachment":[{"href":"https:\/\/ejornais.com.br\/index.php\/wp-json\/wp\/v2\/media?parent=61595"}],"wp:term":[{"taxonomy":"category","embeddable":true,"href":"https:\/\/ejornais.com.br\/index.php\/wp-json\/wp\/v2\/categories?post=61595"},{"taxonomy":"post_tag","embeddable":true,"href":"https:\/\/ejornais.com.br\/index.php\/wp-json\/wp\/v2\/tags?post=61595"}],"curies":[{"name":"wp","href":"https:\/\/api.w.org\/{rel}","templated":true}]}}