{"id":61630,"date":"2026-03-03T03:32:19","date_gmt":"2026-03-03T06:32:19","guid":{"rendered":"https:\/\/ejornais.com.br\/index.php\/2026\/03\/03\/conflito-nao-deve-impactar-economia-brasileira-imediatamente\/"},"modified":"2026-03-03T03:32:19","modified_gmt":"2026-03-03T06:32:19","slug":"conflito-nao-deve-impactar-economia-brasileira-imediatamente","status":"publish","type":"post","link":"https:\/\/ejornais.com.br\/index.php\/2026\/03\/03\/conflito-nao-deve-impactar-economia-brasileira-imediatamente\/","title":{"rendered":"conflito n\u00e3o deve impactar economia brasileira imediatamente"},"content":{"rendered":"<p> Por MRNews<br \/>\n<\/p>\n<div wp_automatic_readability=\"36.949550794748\">\n<p><strong>Os ataques dos Estados Unidos e de Israel contra o Ir\u00e3 n\u00e3o dever\u00e3o ter impactos imediatos na macroeconomia brasileira, disse, nesta segunda-feira (2), o ministro da Fazenda, Fernando Haddad. <\/strong><\/p>\n<p><strong>Ele ponderou, no entanto, que \u00e9 dif\u00edcil prever o desenrolar do conflito e que a pasta est\u00e1 analisando \u201ccom cautela\u201d a quest\u00e3o.\u00a0<\/strong><\/p>\n<p>\u201cA escala do conflito vai determinar muita coisa. A economia brasileira est\u00e1 em um momento muito bom de atra\u00e7\u00e3o de investimento. Mesmo que haja uma turbul\u00eancia de curto prazo, ela n\u00e3o deve impactar as vari\u00e1veis macroecon\u00f4micas, a n\u00e3o ser, conforme eu disse, que esse conflito venha a escalar\u201d, disse na Universidade de S\u00e3o Paulo, antes de ministrar uma aula magna aos estudantes da Faculdade de Economia, Administra\u00e7\u00e3o, Contabilidade e Atu\u00e1ria da institui\u00e7\u00e3o.<\/p>\n<p><strong><a href=\"https:\/\/mrnews.com.br\/index.php\/2026\/03\/02\/dolar-sobe-para-r-516-apos-escalada-de-conflito-no-oriente-medio\/\">D\u00f3lar sobe para R$ 5,16 ap\u00f3s escalada de conflito no Oriente M\u00e9dio<\/a><\/strong><\/p>\n<p><strong><a href=\"https:\/\/mrnews.com.br\/index.php\/2026\/03\/02\/gonet-limita-pagamento-de-penduricalhos-no-mp-apos-decisao-do-stf\/\">Gonet limita pagamento de penduricalhos no MP ap\u00f3s decis\u00e3o do STF<\/a><\/strong><\/p>\n<blockquote wp_automatic_readability=\"7\">\n<p>\u201cVamos acompanhar com cautela para eventualmente estarmos preparados para uma piora do ambiente econ\u00f4mico que nesse momento \u00e9 dif\u00edcil prever que vai acontecer\u201d, acrescentou.<\/p>\n<\/blockquote>\n<p>Mais cedo, um comandante da Guarda Revolucion\u00e1ria do Ir\u00e3 disse que o pa\u00eds fechou o estreito de Ormuz para a passagens de navios e que as embarca\u00e7\u00f5es que tentarem passar pelo local ser\u00e3o incendiadas. O local \u00e9 uma rota fundamental para o transporte mundial de petr\u00f3leo.<\/p>\n<\/div>\n","protected":false},"excerpt":{"rendered":"<p>Por MRNews Os ataques dos Estados Unidos e de Israel contra o Ir\u00e3 n\u00e3o dever\u00e3o ter impactos imediatos na macroeconomia<\/p>\n","protected":false},"author":2,"featured_media":0,"comment_status":"","ping_status":"","sticky":false,"template":"","format":"standard","meta":{"colormag_page_container_layout":"default_layout","colormag_page_sidebar_layout":"default_layout","footnotes":""},"categories":[1],"tags":[],"class_list":["post-61630","post","type-post","status-publish","format-standard","hentry","category-ejornais"],"aioseo_notices":[],"aioseo_head":"\n\t\t<!-- All in One SEO 5.0.1.1 - aioseo.com -->\n\t<meta name=\"description\" content=\"Por MRNews Os ataques dos Estados Unidos e de Israel contra o Ir\u00e3 n\u00e3o dever\u00e3o ter impactos imediatos na macroeconomia brasileira, disse, nesta segunda-feira (2), o ministro da Fazenda, Fernando Haddad. Ele ponderou, no entanto, que \u00e9 dif\u00edcil prever o desenrolar do conflito e que a pasta est\u00e1 analisando \u201ccom cautela\u201d a quest\u00e3o. \u201cA escala\" \/>\n\t<meta name=\"robots\" content=\"max-image-preview:large\" \/>\n\t<meta name=\"author\" content=\"admin1\"\/>\n\t<link rel=\"canonical\" href=\"https:\/\/ejornais.com.br\/index.php\/2026\/03\/03\/conflito-nao-deve-impactar-economia-brasileira-imediatamente\/\" \/>\n\t<meta name=\"generator\" content=\"All in One SEO (AIOSEO) 5.0.1.1\" \/>\n\t\t<meta property=\"og:locale\" content=\"pt_BR\" \/>\n\t\t<meta property=\"og:site_name\" content=\"eJornais - Cat\u00e1logo de Jornais no mundo, Not\u00edcias, Blog e Esportes ao vivo\" \/>\n\t\t<meta property=\"og:type\" content=\"article\" \/>\n\t\t<meta property=\"og:title\" content=\"conflito n\u00e3o deve impactar economia brasileira imediatamente - eJornais\" \/>\n\t\t<meta property=\"og:description\" content=\"Por MRNews Os ataques dos Estados Unidos e de Israel contra o Ir\u00e3 n\u00e3o dever\u00e3o ter impactos imediatos na macroeconomia brasileira, disse, nesta segunda-feira (2), o ministro da Fazenda, Fernando Haddad. Ele ponderou, no entanto, que \u00e9 dif\u00edcil prever o desenrolar do conflito e que a pasta est\u00e1 analisando \u201ccom cautela\u201d a quest\u00e3o. \u201cA escala\" \/>\n\t\t<meta property=\"og:url\" content=\"https:\/\/ejornais.com.br\/index.php\/2026\/03\/03\/conflito-nao-deve-impactar-economia-brasileira-imediatamente\/\" \/>\n\t\t<meta property=\"article:published_time\" content=\"2026-03-03T06:32:19+00:00\" \/>\n\t\t<meta property=\"article:modified_time\" content=\"2026-03-03T06:32:19+00:00\" \/>\n\t\t<meta name=\"twitter:card\" content=\"summary_large_image\" \/>\n\t\t<meta name=\"twitter:title\" content=\"conflito n\u00e3o deve impactar economia brasileira imediatamente - eJornais\" \/>\n\t\t<meta name=\"twitter:description\" content=\"Por MRNews Os ataques dos Estados Unidos e de Israel contra o Ir\u00e3 n\u00e3o dever\u00e3o ter impactos imediatos na macroeconomia brasileira, disse, nesta segunda-feira (2), o ministro da Fazenda, Fernando Haddad. Ele ponderou, no entanto, que \u00e9 dif\u00edcil prever o desenrolar do conflito e que a pasta est\u00e1 analisando \u201ccom cautela\u201d a quest\u00e3o. \u201cA escala\" \/>\n\t\t<script type=\"application\/ld+json\" class=\"aioseo-schema\">\n\t\t\t{\"@context\":\"https:\\\/\\\/schema.org\",\"@graph\":[{\"@type\":\"BlogPosting\",\"@id\":\"https:\\\/\\\/ejornais.com.br\\\/index.php\\\/2026\\\/03\\\/03\\\/conflito-nao-deve-impactar-economia-brasileira-imediatamente\\\/#blogposting\",\"name\":\"conflito n\\u00e3o deve impactar economia brasileira imediatamente - eJornais\",\"headline\":\"conflito n\\u00e3o deve impactar economia brasileira imediatamente\",\"author\":{\"@id\":\"https:\\\/\\\/ejornais.com.br\\\/index.php\\\/author\\\/admin1\\\/#author\"},\"publisher\":{\"@id\":\"https:\\\/\\\/ejornais.com.br\\\/#organization\"},\"datePublished\":\"2026-03-03T03:32:19-03:00\",\"dateModified\":\"2026-03-03T03:32:19-03:00\",\"inLanguage\":\"pt-BR\",\"mainEntityOfPage\":{\"@id\":\"https:\\\/\\\/ejornais.com.br\\\/index.php\\\/2026\\\/03\\\/03\\\/conflito-nao-deve-impactar-economia-brasileira-imediatamente\\\/#webpage\"},\"isPartOf\":{\"@id\":\"https:\\\/\\\/ejornais.com.br\\\/index.php\\\/2026\\\/03\\\/03\\\/conflito-nao-deve-impactar-economia-brasileira-imediatamente\\\/#webpage\"},\"articleSection\":\"Cat\\u00e1logo de Jornais\"},{\"@type\":\"BreadcrumbList\",\"@id\":\"https:\\\/\\\/ejornais.com.br\\\/index.php\\\/2026\\\/03\\\/03\\\/conflito-nao-deve-impactar-economia-brasileira-imediatamente\\\/#breadcrumblist\",\"itemListElement\":[{\"@type\":\"ListItem\",\"@id\":\"https:\\\/\\\/ejornais.com.br#listItem\",\"position\":1,\"name\":\"In\\u00edcio\",\"item\":\"https:\\\/\\\/ejornais.com.br\",\"nextItem\":{\"@type\":\"ListItem\",\"@id\":\"https:\\\/\\\/ejornais.com.br\\\/index.php\\\/category\\\/ejornais\\\/#listItem\",\"name\":\"Cat\\u00e1logo de Jornais\"}},{\"@type\":\"ListItem\",\"@id\":\"https:\\\/\\\/ejornais.com.br\\\/index.php\\\/category\\\/ejornais\\\/#listItem\",\"position\":2,\"name\":\"Cat\\u00e1logo de Jornais\",\"item\":\"https:\\\/\\\/ejornais.com.br\\\/index.php\\\/category\\\/ejornais\\\/\",\"nextItem\":{\"@type\":\"ListItem\",\"@id\":\"https:\\\/\\\/ejornais.com.br\\\/index.php\\\/2026\\\/03\\\/03\\\/conflito-nao-deve-impactar-economia-brasileira-imediatamente\\\/#listItem\",\"name\":\"conflito n\\u00e3o deve impactar economia brasileira imediatamente\"},\"previousItem\":{\"@type\":\"ListItem\",\"@id\":\"https:\\\/\\\/ejornais.com.br#listItem\",\"name\":\"In\\u00edcio\"}},{\"@type\":\"ListItem\",\"@id\":\"https:\\\/\\\/ejornais.com.br\\\/index.php\\\/2026\\\/03\\\/03\\\/conflito-nao-deve-impactar-economia-brasileira-imediatamente\\\/#listItem\",\"position\":3,\"name\":\"conflito n\\u00e3o deve impactar economia brasileira imediatamente\",\"previousItem\":{\"@type\":\"ListItem\",\"@id\":\"https:\\\/\\\/ejornais.com.br\\\/index.php\\\/category\\\/ejornais\\\/#listItem\",\"name\":\"Cat\\u00e1logo de Jornais\"}}]},{\"@type\":\"Organization\",\"@id\":\"https:\\\/\\\/ejornais.com.br\\\/#organization\",\"name\":\"eJornais\",\"description\":\"Cat\\u00e1logo de Jornais no mundo, Not\\u00edcias, Blog e Esportes ao vivo\",\"url\":\"https:\\\/\\\/ejornais.com.br\\\/\"},{\"@type\":\"Person\",\"@id\":\"https:\\\/\\\/ejornais.com.br\\\/index.php\\\/author\\\/admin1\\\/#author\",\"url\":\"https:\\\/\\\/ejornais.com.br\\\/index.php\\\/author\\\/admin1\\\/\",\"name\":\"admin1\",\"image\":{\"@type\":\"ImageObject\",\"@id\":\"https:\\\/\\\/ejornais.com.br\\\/index.php\\\/2026\\\/03\\\/03\\\/conflito-nao-deve-impactar-economia-brasileira-imediatamente\\\/#authorImage\",\"url\":\"https:\\\/\\\/secure.gravatar.com\\\/avatar\\\/04084e6d73c042b8646e7c17b494073bf0ede3ea13c7105cfc45cbbbc28385a4?s=96&d=mm&r=g\",\"width\":96,\"height\":96,\"caption\":\"admin1\"}},{\"@type\":\"WebPage\",\"@id\":\"https:\\\/\\\/ejornais.com.br\\\/index.php\\\/2026\\\/03\\\/03\\\/conflito-nao-deve-impactar-economia-brasileira-imediatamente\\\/#webpage\",\"url\":\"https:\\\/\\\/ejornais.com.br\\\/index.php\\\/2026\\\/03\\\/03\\\/conflito-nao-deve-impactar-economia-brasileira-imediatamente\\\/\",\"name\":\"conflito n\\u00e3o deve impactar economia brasileira imediatamente - eJornais\",\"description\":\"Por MRNews Os ataques dos Estados Unidos e de Israel contra o Ir\\u00e3 n\\u00e3o dever\\u00e3o ter impactos imediatos na macroeconomia brasileira, disse, nesta segunda-feira (2), o ministro da Fazenda, Fernando Haddad. Ele ponderou, no entanto, que \\u00e9 dif\\u00edcil prever o desenrolar do conflito e que a pasta est\\u00e1 analisando \\u201ccom cautela\\u201d a quest\\u00e3o. \\u201cA escala\",\"inLanguage\":\"pt-BR\",\"isPartOf\":{\"@id\":\"https:\\\/\\\/ejornais.com.br\\\/#website\"},\"breadcrumb\":{\"@id\":\"https:\\\/\\\/ejornais.com.br\\\/index.php\\\/2026\\\/03\\\/03\\\/conflito-nao-deve-impactar-economia-brasileira-imediatamente\\\/#breadcrumblist\"},\"author\":{\"@id\":\"https:\\\/\\\/ejornais.com.br\\\/index.php\\\/author\\\/admin1\\\/#author\"},\"creator\":{\"@id\":\"https:\\\/\\\/ejornais.com.br\\\/index.php\\\/author\\\/admin1\\\/#author\"},\"datePublished\":\"2026-03-03T03:32:19-03:00\",\"dateModified\":\"2026-03-03T03:32:19-03:00\"},{\"@type\":\"WebSite\",\"@id\":\"https:\\\/\\\/ejornais.com.br\\\/#website\",\"url\":\"https:\\\/\\\/ejornais.com.br\\\/\",\"name\":\"eJornais\",\"description\":\"Cat\\u00e1logo de Jornais no mundo, Not\\u00edcias, Blog e Esportes ao vivo\",\"inLanguage\":\"pt-BR\",\"publisher\":{\"@id\":\"https:\\\/\\\/ejornais.com.br\\\/#organization\"}}]}\n\t\t<\/script>\n\t\t<!-- All in One SEO -->\n\n","aioseo_head_json":{"title":"conflito n\u00e3o deve impactar economia brasileira imediatamente - eJornais","description":"Por MRNews Os ataques dos Estados Unidos e de Israel contra o Ir\u00e3 n\u00e3o dever\u00e3o ter impactos imediatos na macroeconomia brasileira, disse, nesta segunda-feira (2), o ministro da Fazenda, Fernando Haddad. Ele ponderou, no entanto, que \u00e9 dif\u00edcil prever o desenrolar do conflito e que a pasta est\u00e1 analisando \u201ccom cautela\u201d a quest\u00e3o. \u201cA escala","canonical_url":"https:\/\/ejornais.com.br\/index.php\/2026\/03\/03\/conflito-nao-deve-impactar-economia-brasileira-imediatamente\/","robots":"max-image-preview:large","keywords":"","webmasterTools":{"miscellaneous":""},"schema":{"@context":"https:\/\/schema.org","@graph":[{"@type":"BlogPosting","@id":"https:\/\/ejornais.com.br\/index.php\/2026\/03\/03\/conflito-nao-deve-impactar-economia-brasileira-imediatamente\/#blogposting","name":"conflito n\u00e3o deve impactar economia brasileira imediatamente - eJornais","headline":"conflito n\u00e3o deve impactar economia brasileira imediatamente","author":{"@id":"https:\/\/ejornais.com.br\/index.php\/author\/admin1\/#author"},"publisher":{"@id":"https:\/\/ejornais.com.br\/#organization"},"datePublished":"2026-03-03T03:32:19-03:00","dateModified":"2026-03-03T03:32:19-03:00","inLanguage":"pt-BR","mainEntityOfPage":{"@id":"https:\/\/ejornais.com.br\/index.php\/2026\/03\/03\/conflito-nao-deve-impactar-economia-brasileira-imediatamente\/#webpage"},"isPartOf":{"@id":"https:\/\/ejornais.com.br\/index.php\/2026\/03\/03\/conflito-nao-deve-impactar-economia-brasileira-imediatamente\/#webpage"},"articleSection":"Cat\u00e1logo de Jornais"},{"@type":"BreadcrumbList","@id":"https:\/\/ejornais.com.br\/index.php\/2026\/03\/03\/conflito-nao-deve-impactar-economia-brasileira-imediatamente\/#breadcrumblist","itemListElement":[{"@type":"ListItem","@id":"https:\/\/ejornais.com.br#listItem","position":1,"name":"In\u00edcio","item":"https:\/\/ejornais.com.br","nextItem":{"@type":"ListItem","@id":"https:\/\/ejornais.com.br\/index.php\/category\/ejornais\/#listItem","name":"Cat\u00e1logo de Jornais"}},{"@type":"ListItem","@id":"https:\/\/ejornais.com.br\/index.php\/category\/ejornais\/#listItem","position":2,"name":"Cat\u00e1logo de Jornais","item":"https:\/\/ejornais.com.br\/index.php\/category\/ejornais\/","nextItem":{"@type":"ListItem","@id":"https:\/\/ejornais.com.br\/index.php\/2026\/03\/03\/conflito-nao-deve-impactar-economia-brasileira-imediatamente\/#listItem","name":"conflito n\u00e3o deve impactar economia brasileira imediatamente"},"previousItem":{"@type":"ListItem","@id":"https:\/\/ejornais.com.br#listItem","name":"In\u00edcio"}},{"@type":"ListItem","@id":"https:\/\/ejornais.com.br\/index.php\/2026\/03\/03\/conflito-nao-deve-impactar-economia-brasileira-imediatamente\/#listItem","position":3,"name":"conflito n\u00e3o deve impactar economia brasileira imediatamente","previousItem":{"@type":"ListItem","@id":"https:\/\/ejornais.com.br\/index.php\/category\/ejornais\/#listItem","name":"Cat\u00e1logo de Jornais"}}]},{"@type":"Organization","@id":"https:\/\/ejornais.com.br\/#organization","name":"eJornais","description":"Cat\u00e1logo de Jornais no mundo, Not\u00edcias, Blog e Esportes ao vivo","url":"https:\/\/ejornais.com.br\/"},{"@type":"Person","@id":"https:\/\/ejornais.com.br\/index.php\/author\/admin1\/#author","url":"https:\/\/ejornais.com.br\/index.php\/author\/admin1\/","name":"admin1","image":{"@type":"ImageObject","@id":"https:\/\/ejornais.com.br\/index.php\/2026\/03\/03\/conflito-nao-deve-impactar-economia-brasileira-imediatamente\/#authorImage","url":"https:\/\/secure.gravatar.com\/avatar\/04084e6d73c042b8646e7c17b494073bf0ede3ea13c7105cfc45cbbbc28385a4?s=96&d=mm&r=g","width":96,"height":96,"caption":"admin1"}},{"@type":"WebPage","@id":"https:\/\/ejornais.com.br\/index.php\/2026\/03\/03\/conflito-nao-deve-impactar-economia-brasileira-imediatamente\/#webpage","url":"https:\/\/ejornais.com.br\/index.php\/2026\/03\/03\/conflito-nao-deve-impactar-economia-brasileira-imediatamente\/","name":"conflito n\u00e3o deve impactar economia brasileira imediatamente - eJornais","description":"Por MRNews Os ataques dos Estados Unidos e de Israel contra o Ir\u00e3 n\u00e3o dever\u00e3o ter impactos imediatos na macroeconomia brasileira, disse, nesta segunda-feira (2), o ministro da Fazenda, Fernando Haddad. Ele ponderou, no entanto, que \u00e9 dif\u00edcil prever o desenrolar do conflito e que a pasta est\u00e1 analisando \u201ccom cautela\u201d a quest\u00e3o. \u201cA escala","inLanguage":"pt-BR","isPartOf":{"@id":"https:\/\/ejornais.com.br\/#website"},"breadcrumb":{"@id":"https:\/\/ejornais.com.br\/index.php\/2026\/03\/03\/conflito-nao-deve-impactar-economia-brasileira-imediatamente\/#breadcrumblist"},"author":{"@id":"https:\/\/ejornais.com.br\/index.php\/author\/admin1\/#author"},"creator":{"@id":"https:\/\/ejornais.com.br\/index.php\/author\/admin1\/#author"},"datePublished":"2026-03-03T03:32:19-03:00","dateModified":"2026-03-03T03:32:19-03:00"},{"@type":"WebSite","@id":"https:\/\/ejornais.com.br\/#website","url":"https:\/\/ejornais.com.br\/","name":"eJornais","description":"Cat\u00e1logo de Jornais no mundo, Not\u00edcias, Blog e Esportes ao vivo","inLanguage":"pt-BR","publisher":{"@id":"https:\/\/ejornais.com.br\/#organization"}}]},"og:locale":"pt_BR","og:site_name":"eJornais - Cat\u00e1logo de Jornais no mundo, Not\u00edcias, Blog e Esportes ao vivo","og:type":"article","og:title":"conflito n\u00e3o deve impactar economia brasileira imediatamente - eJornais","og:description":"Por MRNews Os ataques dos Estados Unidos e de Israel contra o Ir\u00e3 n\u00e3o dever\u00e3o ter impactos imediatos na macroeconomia brasileira, disse, nesta segunda-feira (2), o ministro da Fazenda, Fernando Haddad. Ele ponderou, no entanto, que \u00e9 dif\u00edcil prever o desenrolar do conflito e que a pasta est\u00e1 analisando \u201ccom cautela\u201d a quest\u00e3o. \u201cA escala","og:url":"https:\/\/ejornais.com.br\/index.php\/2026\/03\/03\/conflito-nao-deve-impactar-economia-brasileira-imediatamente\/","article:published_time":"2026-03-03T06:32:19+00:00","article:modified_time":"2026-03-03T06:32:19+00:00","twitter:card":"summary_large_image","twitter:title":"conflito n\u00e3o deve impactar economia brasileira imediatamente - eJornais","twitter:description":"Por MRNews Os ataques dos Estados Unidos e de Israel contra o Ir\u00e3 n\u00e3o dever\u00e3o ter impactos imediatos na macroeconomia brasileira, disse, nesta segunda-feira (2), o ministro da Fazenda, Fernando Haddad. Ele ponderou, no entanto, que \u00e9 dif\u00edcil prever o desenrolar do conflito e que a pasta est\u00e1 analisando \u201ccom cautela\u201d a quest\u00e3o. \u201cA escala"},"aioseo_meta_data":{"post_id":"61630","title":null,"description":null,"keywords":null,"keyphrases":null,"primary_term":null,"canonical_url":null,"og_title":null,"og_description":null,"og_object_type":"default","og_image_type":"default","og_image_url":null,"og_image_width":null,"og_image_height":null,"og_image_custom_url":null,"og_image_custom_fields":null,"og_video":null,"og_custom_url":null,"og_article_section":null,"og_article_tags":null,"twitter_use_og":false,"twitter_card":"default","twitter_image_type":"default","twitter_image_url":null,"twitter_image_custom_url":null,"twitter_image_custom_fields":null,"twitter_title":null,"twitter_description":null,"schema":{"blockGraphs":[],"customGraphs":[],"default":{"data":{"Article":[],"Course":[],"Dataset":[],"FAQPage":[],"Movie":[],"Person":[],"Product":[],"ProductReview":[],"Car":[],"Recipe":[],"Service":[],"SoftwareApplication":[],"WebPage":[]},"graphName":"","isEnabled":true},"graphs":[]},"schema_type":"default","schema_type_options":null,"pillar_content":false,"robots_default":true,"robots_noindex":false,"robots_noarchive":false,"robots_nosnippet":false,"robots_nofollow":false,"robots_noimageindex":false,"robots_noodp":false,"robots_notranslate":false,"robots_max_snippet":null,"robots_max_videopreview":null,"robots_max_imagepreview":"large","priority":null,"frequency":null,"local_seo":null,"breadcrumb_settings":null,"limit_modified_date":false,"ai":null,"created":"2026-03-03 06:40:17","updated":"2026-03-03 06:40:17","seo_analyzer_scan_date":null,"focus_keyword":null,"additional_keywords":null,"truseo_locale":null},"aioseo_breadcrumb":"<div class=\"aioseo-breadcrumbs\"><span class=\"aioseo-breadcrumb\">\n\t\t\t<a href=\"https:\/\/ejornais.com.br\" title=\"In\u00edcio\">In\u00edcio<\/a>\n\t\t<\/span><span class=\"aioseo-breadcrumb-separator\">&raquo;<\/span><span class=\"aioseo-breadcrumb\">\n\t\t\t<a href=\"https:\/\/ejornais.com.br\/index.php\/category\/ejornais\/\" title=\"Cat\u00e1logo de Jornais\">Cat\u00e1logo de Jornais<\/a>\n\t\t<\/span><span class=\"aioseo-breadcrumb-separator\">&raquo;<\/span><span class=\"aioseo-breadcrumb\">\n\t\t\tconflito n\u00e3o deve impactar economia brasileira imediatamente\n\t\t<\/span><\/div>","aioseo_breadcrumb_json":[{"label":"In\u00edcio","link":"https:\/\/ejornais.com.br"},{"label":"Cat\u00e1logo de Jornais","link":"https:\/\/ejornais.com.br\/index.php\/category\/ejornais\/"},{"label":"conflito n\u00e3o deve impactar economia brasileira imediatamente","link":"https:\/\/ejornais.com.br\/index.php\/2026\/03\/03\/conflito-nao-deve-impactar-economia-brasileira-imediatamente\/"}],"amp_enabled":true,"_links":{"self":[{"href":"https:\/\/ejornais.com.br\/index.php\/wp-json\/wp\/v2\/posts\/61630","targetHints":{"allow":["GET"]}}],"collection":[{"href":"https:\/\/ejornais.com.br\/index.php\/wp-json\/wp\/v2\/posts"}],"about":[{"href":"https:\/\/ejornais.com.br\/index.php\/wp-json\/wp\/v2\/types\/post"}],"author":[{"embeddable":true,"href":"https:\/\/ejornais.com.br\/index.php\/wp-json\/wp\/v2\/users\/2"}],"replies":[{"embeddable":true,"href":"https:\/\/ejornais.com.br\/index.php\/wp-json\/wp\/v2\/comments?post=61630"}],"version-history":[{"count":0,"href":"https:\/\/ejornais.com.br\/index.php\/wp-json\/wp\/v2\/posts\/61630\/revisions"}],"wp:attachment":[{"href":"https:\/\/ejornais.com.br\/index.php\/wp-json\/wp\/v2\/media?parent=61630"}],"wp:term":[{"taxonomy":"category","embeddable":true,"href":"https:\/\/ejornais.com.br\/index.php\/wp-json\/wp\/v2\/categories?post=61630"},{"taxonomy":"post_tag","embeddable":true,"href":"https:\/\/ejornais.com.br\/index.php\/wp-json\/wp\/v2\/tags?post=61630"}],"curies":[{"name":"wp","href":"https:\/\/api.w.org\/{rel}","templated":true}]}}