{"id":61720,"date":"2026-03-04T10:51:26","date_gmt":"2026-03-04T13:51:26","guid":{"rendered":"https:\/\/ejornais.com.br\/index.php\/2026\/03\/04\/encontro-reunira-mulheres-no-cras-ana-paula-eleuterio-agencia-de-noticias\/"},"modified":"2026-03-04T10:51:26","modified_gmt":"2026-03-04T13:51:26","slug":"encontro-reunira-mulheres-no-cras-ana-paula-eleuterio-agencia-de-noticias","status":"publish","type":"post","link":"https:\/\/ejornais.com.br\/index.php\/2026\/03\/04\/encontro-reunira-mulheres-no-cras-ana-paula-eleuterio-agencia-de-noticias\/","title":{"rendered":"Encontro reunir\u00e1 mulheres no Cras Ana Paula Eleut\u00e9rio \u2013 Ag\u00eancia de Not\u00edcias"},"content":{"rendered":"<p><\/p>\n<div>\n<div class=\"col\">\n<p class=\"mt-0\">\n                        <strong><br \/>\n                            <span class=\"far fa-calendar mr-1 mt-2\"\/><br \/>\n                            4 de mar\u00e7o de 2026<br \/>\n                            <span class=\"far fa-clock ml-3 mt-2\"\/><br \/>\n                            10:33<br \/>\n                        <\/strong>\n                    <\/p>\n<p class=\"mb-0\">Por: <strong>Mariana Campos<\/strong><\/p>\n<\/p><\/div>\n<\/p><\/div>\n<div>\n<p>\u00a0<\/p>\n<p>Em alus\u00e3o ao Dia Internacional da Mulher (8 de mar\u00e7o), a Prefeitura de Sorocaba, por meio da Secretaria da Cidadania (Secid) e da Secretaria da Sa\u00fade (SES), realizar\u00e1 no dia 17 de mar\u00e7o, \u00e0s 9h, o Encontro de Mulheres no Centro de Refer\u00eancia em Assist\u00eancia Social (Cras) Ana Paula Eleut\u00e9rio.<\/p>\n<p>A manh\u00e3 especial ser\u00e1 um momento de acolhimento, troca de experi\u00eancias e fortalecimento feminino, envolvendo profissionais do Cras Ana Paula Eleut\u00e9rio e da UBS \u201cVitor Pedroso\u201d.<\/p>\n<p>A programa\u00e7\u00e3o contar\u00e1 com roda de conversa sobre o combate \u00e0 viol\u00eancia contra a mulher, promovendo informa\u00e7\u00e3o, orienta\u00e7\u00e3o e apoio, al\u00e9m de dan\u00e7a circular e outras atividades voltadas ao bem-estar, \u00e0 integra\u00e7\u00e3o e \u00e0 valoriza\u00e7\u00e3o das moradoras<\/p>\n<p>As mulheres interessadas devem se inscrever na recep\u00e7\u00e3o do Cras Ana Paula Eleut\u00e9rio, que est\u00e1 localizado na Rua Prof. Hor\u00e1cio Blazeck, s\/n. Mais informa\u00e7\u00f5es podem ser obtidas, de segunda a sexta-feira, das 8h \u00e0s 17h, pelo telefone: (15) 3226-4687.<\/p>\n<\/p><\/div>\n","protected":false},"excerpt":{"rendered":"<p>4 de mar\u00e7o de 2026 10:33 Por: Mariana Campos \u00a0 Em alus\u00e3o ao Dia Internacional da Mulher (8 de mar\u00e7o),<\/p>\n","protected":false},"author":2,"featured_media":0,"comment_status":"","ping_status":"","sticky":false,"template":"","format":"standard","meta":{"colormag_page_container_layout":"default_layout","colormag_page_sidebar_layout":"default_layout","footnotes":""},"categories":[1],"tags":[],"class_list":["post-61720","post","type-post","status-publish","format-standard","hentry","category-ejornais"],"aioseo_notices":[],"amp_enabled":true,"_links":{"self":[{"href":"https:\/\/ejornais.com.br\/index.php\/wp-json\/wp\/v2\/posts\/61720","targetHints":{"allow":["GET"]}}],"collection":[{"href":"https:\/\/ejornais.com.br\/index.php\/wp-json\/wp\/v2\/posts"}],"about":[{"href":"https:\/\/ejornais.com.br\/index.php\/wp-json\/wp\/v2\/types\/post"}],"author":[{"embeddable":true,"href":"https:\/\/ejornais.com.br\/index.php\/wp-json\/wp\/v2\/users\/2"}],"replies":[{"embeddable":true,"href":"https:\/\/ejornais.com.br\/index.php\/wp-json\/wp\/v2\/comments?post=61720"}],"version-history":[{"count":0,"href":"https:\/\/ejornais.com.br\/index.php\/wp-json\/wp\/v2\/posts\/61720\/revisions"}],"wp:attachment":[{"href":"https:\/\/ejornais.com.br\/index.php\/wp-json\/wp\/v2\/media?parent=61720"}],"wp:term":[{"taxonomy":"category","embeddable":true,"href":"https:\/\/ejornais.com.br\/index.php\/wp-json\/wp\/v2\/categories?post=61720"},{"taxonomy":"post_tag","embeddable":true,"href":"https:\/\/ejornais.com.br\/index.php\/wp-json\/wp\/v2\/tags?post=61720"}],"curies":[{"name":"wp","href":"https:\/\/api.w.org\/{rel}","templated":true}]}}