{"id":61772,"date":"2026-03-05T06:52:17","date_gmt":"2026-03-05T09:52:17","guid":{"rendered":"https:\/\/ejornais.com.br\/index.php\/2026\/03\/05\/mulher-de-25-anos-morre-em-grave-acidente-no-df-pai-nao-resiste-ao-choque-ao-ver-corpo-da-filha\/"},"modified":"2026-03-05T06:52:17","modified_gmt":"2026-03-05T09:52:17","slug":"mulher-de-25-anos-morre-em-grave-acidente-no-df-pai-nao-resiste-ao-choque-ao-ver-corpo-da-filha","status":"publish","type":"post","link":"https:\/\/ejornais.com.br\/index.php\/2026\/03\/05\/mulher-de-25-anos-morre-em-grave-acidente-no-df-pai-nao-resiste-ao-choque-ao-ver-corpo-da-filha\/","title":{"rendered":"Mulher de 25 anos morre em grave acidente no DF; pai n\u00e3o resiste ao choque ao ver corpo da filha"},"content":{"rendered":"<p> Por MRNews<br \/>\n<\/p>\n<div wp_automatic_readability=\"90.719252118025\">\n<p>Mulher de 25 anos morre em grave acidente no DF; pai n\u00e3o resiste ao choque ao ver corpo da filha<\/p>\n<p>Uma trag\u00e9dia marcou a manh\u00e3 de ter\u00e7a-feira (3) no Distrito Federal e gerou forte como\u00e7\u00e3o entre moradores e membros das for\u00e7as de seguran\u00e7a. Um acidente envolvendo motocicleta, carro de passeio e caminh\u00e3o terminou com a morte de uma jovem de 25 anos. Pouco depois, o pai da v\u00edtima, ao chegar ao local e se deparar com a cena, tamb\u00e9m morreu.<\/p>\n<p>O caso aconteceu na Estrada Parque Ind\u00fastria e Abastecimento (Epia), nas proximidades do viaduto Ayrton Senna.<\/p>\n<hr\/>\n<h2>Din\u00e2mica do acidente<\/h2>\n<p>De acordo com informa\u00e7\u00f5es preliminares, a jovem pilotava uma motocicleta quando colidiu na traseira de um carro de passeio. Com o impacto, ela caiu na pista e acabou sendo atingida por um caminh\u00e3o que trafegava pela via.<\/p>\n<p><strong><a href=\"https:\/\/mrnews.com.br\/index.php\/2026\/03\/05\/campanha-do-bb-para-minas-gerais-supera-r-15-milhao\/\">Campanha do BB para Minas Gerais supera R$ 1,5 milh\u00e3o<\/a><\/strong><\/p>\n<p><strong><a href=\"https:\/\/mrnews.com.br\/index.php\/2026\/03\/05\/aliado-de-vorcaro-sicario-tem-suspeita-de-morte-cerebral\/\">Aliado de Vorcaro, Sic\u00e1rio tem suspeita de morte cerebral\u00a0<\/a><\/strong><\/p>\n<p>Equipes do Corpo de Bombeiros foram acionadas rapidamente, mas, diante da gravidade dos ferimentos, o \u00f3bito foi constatado ainda no local.<\/p>\n<p>A ocorr\u00eancia mobilizou autoridades e causou lentid\u00e3o no tr\u00e2nsito da regi\u00e3o durante o atendimento.<\/p>\n<hr\/>\n<h2>Pai n\u00e3o suportou o impacto emocional<\/h2>\n<p>Ap\u00f3s serem informados sobre o acidente, familiares se dirigiram at\u00e9 o ponto da ocorr\u00eancia. Entre eles estava o pai da jovem, policial militar da reserva.<\/p>\n<p>Ao reconhecer a filha j\u00e1 sem vida, ele teria entrado em profundo estado de choque. Segundo relatos, o impacto emocional foi devastador, e ele tamb\u00e9m morreu pouco depois, no mesmo local.<\/p>\n<p><strong><a href=\"https:\/\/mrnews.com.br\/index.php\/2026\/03\/05\/tecnico-leonardo-jardim-e-anunciado-pelo-flamengo\/\">T\u00e9cnico Leonardo Jardim \u00e9 anunciado pelo Flamengo<\/a><\/strong><\/p>\n<p><strong><a href=\"https:\/\/mrnews.com.br\/index.php\/2026\/03\/04\/senado-aprova-acordo-entre-mercosul-e-uniao-europeia\/\">Senado aprova acordo entre Mercosul e Uni\u00e3o Europeia<\/a><\/strong><\/p>\n<p>A sequ\u00eancia dos fatos ampliou a dimens\u00e3o da trag\u00e9dia e deixou testemunhas e profissionais de resgate profundamente abalados.<\/p>\n<hr\/>\n<h2>Como\u00e7\u00e3o e luto<\/h2>\n<p>A morte da jovem e, em seguida, do pai, gerou grande como\u00e7\u00e3o. Amigos, conhecidos e colegas de corpora\u00e7\u00e3o manifestaram pesar nas redes sociais e prestaram solidariedade \u00e0 fam\u00edlia.<\/p>\n<p>A jovem estava no in\u00edcio da vida adulta e, segundo relatos, constru\u00eda seus projetos pessoais e profissionais. J\u00e1 o pai era conhecido entre os colegas da Pol\u00edcia Militar, onde havia atuado por anos antes de ir para a reserva.<\/p>\n<hr\/>\n<h2>Impacto al\u00e9m do acidente<\/h2>\n<p>O caso refor\u00e7a como acidentes de tr\u00e2nsito podem causar consequ\u00eancias devastadoras n\u00e3o apenas \u00e0s v\u00edtimas diretas, mas tamb\u00e9m aos familiares. Situa\u00e7\u00f5es de perda repentina costumam provocar forte abalo emocional, especialmente quando envolvem la\u00e7os t\u00e3o pr\u00f3ximos.<\/p>\n<p>A trag\u00e9dia transformou uma manh\u00e3 comum em um cen\u00e1rio de dor profunda, deixando a comunidade local consternada.<\/p>\n<hr\/>\n<p>Se voc\u00ea ou algu\u00e9m pr\u00f3ximo estiver enfrentando sofrimento emocional intenso, \u00e9 importante buscar ajuda profissional. No Brasil, o Centro de Valoriza\u00e7\u00e3o da Vida (CVV) oferece apoio emocional gratuito pelo telefone 188, 24 horas por dia.<\/p>\n<p><!-- CONTENT END 2 --><\/p><\/div>\n","protected":false},"excerpt":{"rendered":"<p>Por MRNews Mulher de 25 anos morre em grave acidente no DF; pai n\u00e3o resiste ao choque ao ver corpo<\/p>\n","protected":false},"author":2,"featured_media":0,"comment_status":"","ping_status":"","sticky":false,"template":"","format":"standard","meta":{"colormag_page_container_layout":"default_layout","colormag_page_sidebar_layout":"default_layout","footnotes":""},"categories":[1],"tags":[],"class_list":["post-61772","post","type-post","status-publish","format-standard","hentry","category-ejornais"],"aioseo_notices":[],"amp_enabled":true,"_links":{"self":[{"href":"https:\/\/ejornais.com.br\/index.php\/wp-json\/wp\/v2\/posts\/61772","targetHints":{"allow":["GET"]}}],"collection":[{"href":"https:\/\/ejornais.com.br\/index.php\/wp-json\/wp\/v2\/posts"}],"about":[{"href":"https:\/\/ejornais.com.br\/index.php\/wp-json\/wp\/v2\/types\/post"}],"author":[{"embeddable":true,"href":"https:\/\/ejornais.com.br\/index.php\/wp-json\/wp\/v2\/users\/2"}],"replies":[{"embeddable":true,"href":"https:\/\/ejornais.com.br\/index.php\/wp-json\/wp\/v2\/comments?post=61772"}],"version-history":[{"count":0,"href":"https:\/\/ejornais.com.br\/index.php\/wp-json\/wp\/v2\/posts\/61772\/revisions"}],"wp:attachment":[{"href":"https:\/\/ejornais.com.br\/index.php\/wp-json\/wp\/v2\/media?parent=61772"}],"wp:term":[{"taxonomy":"category","embeddable":true,"href":"https:\/\/ejornais.com.br\/index.php\/wp-json\/wp\/v2\/categories?post=61772"},{"taxonomy":"post_tag","embeddable":true,"href":"https:\/\/ejornais.com.br\/index.php\/wp-json\/wp\/v2\/tags?post=61772"}],"curies":[{"name":"wp","href":"https:\/\/api.w.org\/{rel}","templated":true}]}}