{"id":61781,"date":"2026-03-05T10:55:41","date_gmt":"2026-03-05T13:55:41","guid":{"rendered":"https:\/\/ejornais.com.br\/index.php\/2026\/03\/05\/pf-faz-operacao-contra-vazamento-ilegal-de-dados-de-ministros-do-stf\/"},"modified":"2026-03-05T10:55:41","modified_gmt":"2026-03-05T13:55:41","slug":"pf-faz-operacao-contra-vazamento-ilegal-de-dados-de-ministros-do-stf","status":"publish","type":"post","link":"https:\/\/ejornais.com.br\/index.php\/2026\/03\/05\/pf-faz-operacao-contra-vazamento-ilegal-de-dados-de-ministros-do-stf\/","title":{"rendered":"PF faz opera\u00e7\u00e3o contra vazamento ilegal de dados de ministros do STF"},"content":{"rendered":"<p> Por MRNews<br \/>\n<\/p>\n<div wp_automatic_readability=\"33.338409475465\">\n<p>A Pol\u00edcia Federal (PF) deflagrou nesta quinta-feira (5) a Opera\u00e7\u00e3o Dataleaks, para esclarecer a exist\u00eancia\u00a0de uma base de dados n\u00e3o oficial abastecida com <strong>informa\u00e7\u00f5es pessoais e sens\u00edveis de ministros<\/strong> do Supremo Tribunal Federal (STF).\u00a0<\/p>\n<p>Em nota, a PF disse que a organiza\u00e7\u00e3o criminosa \u00e9 <strong>\u201cespecializada na obten\u00e7\u00e3o, na adultera\u00e7\u00e3o, na comercializa\u00e7\u00e3o e na dissemina\u00e7\u00e3o il\u00edcita de dados pessoais e sens\u00edveis provenientes de bases governamentais e privadas\u201d.<\/strong><\/p>\n<p>Ao todo, s\u00e3o cumpridos <strong>quatro mandados de busca e apreens\u00e3o e cinco mandados de pris\u00e3o preventiva,\u00a0nos estados de S\u00e3o Paulo, de Tocantins e de Alagoas<\/strong>. As ordens partiram do Supremo Tribunal Federal (STF), onde o <strong>ministro Alexandre de Moraes \u00e9 relator de uma investiga\u00e7\u00e3o sigilosa sobre o tema<\/strong>.\u00a0<\/p>\n<p><strong><a href=\"https:\/\/mrnews.com.br\/index.php\/2026\/03\/05\/estamos-preocupados-com-a-escalada-de-precos-dos-alimentos\/\">Estamos preocupados com a escalada de pre\u00e7os dos alimentos<\/a><\/strong><\/p>\n<p><strong><a href=\"https:\/\/mrnews.com.br\/index.php\/2026\/03\/05\/israel-lanca-nova-onda-de-ataques-contra-o-ira\/\">Israel lan\u00e7a nova onda de ataques contra o Ir\u00e3<\/a><\/strong><\/p>\n<p>&gt;&gt; Siga o canal da <strong>Ag\u00eancia Brasil <\/strong>no WhatsApp<\/p>\n<p><strong>S\u00e3o investigadas suspeitas da pr\u00e1tica dos crimes de organiza\u00e7\u00e3o criminosa, invas\u00e3o de dispositivo inform\u00e1tico, furto qualificado mediante fraude, corrup\u00e7\u00e3o de dados e lavagem de dinheiro.<\/strong><\/p>\n<\/div>\n","protected":false},"excerpt":{"rendered":"<p>Por MRNews A Pol\u00edcia Federal (PF) deflagrou nesta quinta-feira (5) a Opera\u00e7\u00e3o Dataleaks, para esclarecer a exist\u00eancia\u00a0de uma base de<\/p>\n","protected":false},"author":2,"featured_media":0,"comment_status":"","ping_status":"","sticky":false,"template":"","format":"standard","meta":{"colormag_page_container_layout":"default_layout","colormag_page_sidebar_layout":"default_layout","footnotes":""},"categories":[1],"tags":[],"class_list":["post-61781","post","type-post","status-publish","format-standard","hentry","category-ejornais"],"aioseo_notices":[],"amp_enabled":true,"_links":{"self":[{"href":"https:\/\/ejornais.com.br\/index.php\/wp-json\/wp\/v2\/posts\/61781","targetHints":{"allow":["GET"]}}],"collection":[{"href":"https:\/\/ejornais.com.br\/index.php\/wp-json\/wp\/v2\/posts"}],"about":[{"href":"https:\/\/ejornais.com.br\/index.php\/wp-json\/wp\/v2\/types\/post"}],"author":[{"embeddable":true,"href":"https:\/\/ejornais.com.br\/index.php\/wp-json\/wp\/v2\/users\/2"}],"replies":[{"embeddable":true,"href":"https:\/\/ejornais.com.br\/index.php\/wp-json\/wp\/v2\/comments?post=61781"}],"version-history":[{"count":0,"href":"https:\/\/ejornais.com.br\/index.php\/wp-json\/wp\/v2\/posts\/61781\/revisions"}],"wp:attachment":[{"href":"https:\/\/ejornais.com.br\/index.php\/wp-json\/wp\/v2\/media?parent=61781"}],"wp:term":[{"taxonomy":"category","embeddable":true,"href":"https:\/\/ejornais.com.br\/index.php\/wp-json\/wp\/v2\/categories?post=61781"},{"taxonomy":"post_tag","embeddable":true,"href":"https:\/\/ejornais.com.br\/index.php\/wp-json\/wp\/v2\/tags?post=61781"}],"curies":[{"name":"wp","href":"https:\/\/api.w.org\/{rel}","templated":true}]}}