{"id":61790,"date":"2026-03-05T14:15:32","date_gmt":"2026-03-05T17:15:32","guid":{"rendered":"https:\/\/ejornais.com.br\/index.php\/2026\/03\/05\/caravana-da-castracao-chega-a-capital-e-se-consolida-como-o-maior-programa-de-controle-de-animais-em-ms\/"},"modified":"2026-03-05T14:15:32","modified_gmt":"2026-03-05T17:15:32","slug":"caravana-da-castracao-chega-a-capital-e-se-consolida-como-o-maior-programa-de-controle-de-animais-em-ms","status":"publish","type":"post","link":"https:\/\/ejornais.com.br\/index.php\/2026\/03\/05\/caravana-da-castracao-chega-a-capital-e-se-consolida-como-o-maior-programa-de-controle-de-animais-em-ms\/","title":{"rendered":"Caravana da Castra\u00e7\u00e3o chega \u00e0 Capital e se consolida como o maior programa de controle de animais em MS"},"content":{"rendered":"<p><\/p>\n<div>\n<p>Campo Grande recebe a partir deste m\u00eas de mar\u00e7o a Caravana da Castra\u00e7\u00e3o, iniciativa da Suprova (Superintend\u00eancia de Pol\u00edticas Integradas de Prote\u00e7\u00e3o da Vida Animal), pasta vinculada \u00e0 Setesc (Secretaria de Estado de Turismo, Esporte e Cultura). Ao todo, ser\u00e3o disponibilizadas 1.700 vagas gratuitas para c\u00e3es e gatos, distribu\u00eddas em diferentes regi\u00f5es de Campo Grande. Os agendamentos come\u00e7am a partir de 10 de mar\u00e7o.<\/p>\n<p>A a\u00e7\u00e3o marca o encerramento do primeiro ciclo do programa em Mato Grosso do Sul, que j\u00e1 soma 20 mil animais castrados, microchipados e medicados gratuitamente em diversos munic\u00edpios do Estado. O projeto \u00e9 realizado em parceria com as prefeituras e, na Capital, conta com o apoio da Subea (Superintend\u00eancia de Bem-Estar Anima), da Prefeitura Municipal de Campo Grande, respons\u00e1vel pelo controle de vagas e organiza\u00e7\u00e3o log\u00edstica.<\/p>\n<p>Para o o titular da Setesc, Marcelo Miranda, a chegada da Caravana \u00e0 Capital refor\u00e7a o compromisso do Governo do Estado com pol\u00edticas p\u00fablicas estruturantes. \u201cEstamos falando de uma pol\u00edtica que une prote\u00e7\u00e3o animal, sa\u00fade p\u00fablica e responsabilidade social. A Caravana da Castra\u00e7\u00e3o leva acesso gratuito a um servi\u00e7o essencial e fortalece uma cultura de cuidado e preven\u00e7\u00e3o. \u00c9 uma a\u00e7\u00e3o municipalista, que alcan\u00e7a os 79 munic\u00edpios e demonstra como o planejamento e a parceria com as prefeituras geram resultados concretos para a popula\u00e7\u00e3o\u201d, destacou o secret\u00e1rio.<\/p>\n<p><strong>Estrutura completa e atendimento gratuito<\/strong><\/p>\n<p>A Caravana da Castra\u00e7\u00e3o oferece estrutura completa para os atendimentos. Os animais saem do procedimento castrados, microchipados, medicados, com colar elizabetano e roupinha cir\u00fargica p\u00f3s-operat\u00f3ria. O programa tamb\u00e9m disponibiliza suporte veterin\u00e1rio 24 horas para eventuais intercorr\u00eancias, al\u00e9m de ambul\u00e2ncia veterin\u00e1ria de prontid\u00e3o durante as a\u00e7\u00f5es.<\/p>\n<p>O superintendente da Suprova, Carlos Eduardo Rodrigues, ressalta o car\u00e1ter t\u00e9cnico e estrat\u00e9gico da iniciativa. \u201cA Caravana \u00e9 hoje o maior programa estruturado de controle \u00e9tico-populacional da hist\u00f3ria de Mato Grosso do Sul. Levamos equipe especializada, ambul\u00e2ncia e suporte integral para munic\u00edpios que muitas vezes n\u00e3o possuem cl\u00ednica veterin\u00e1ria. Em Campo Grande, n\u00e3o \u00e9 diferente: estamos garantindo acesso, organiza\u00e7\u00e3o e seguran\u00e7a em cada etapa do atendimento\u201d, afirmou.<\/p>\n<p>Segundo ele, o impacto vai al\u00e9m da prote\u00e7\u00e3o animal. \u201cQuando falamos em castra\u00e7\u00e3o, falamos tamb\u00e9m de sa\u00fade \u00fanica. A redu\u00e7\u00e3o do abandono e o controle populacional refletem diretamente em indicadores de sa\u00fade p\u00fablica, inclusive no enfrentamento de zoonoses como a leishmaniose\u201d, complementa.<\/p>\n<p><strong>Projeto municipalista e responsabilidade<\/strong><\/p>\n<p>A Caravana da Castra\u00e7\u00e3o percorrer\u00e1 os 79 munic\u00edpios sul-mato-grossenses, consolidando-se como uma pol\u00edtica p\u00fablica de alcance estadual. O microchip implantado nos animais n\u00e3o \u00e9 rastreador, mas funciona como um identificador eletr\u00f4nico (semelhante a um RG), contendo os dados do tutor, o que fortalece a responsabiliza\u00e7\u00e3o e o combate aos maus-tratos e ao abandono.<\/p>\n<p><strong>Como fazer o agendamento<\/strong><\/p>\n<p>O processo \u00e9 realizado de forma totalmente online, por meio do sistema SigPet (<span style=\"color: #0000ff;\">www.sigpet.ms.gov.br<\/span>). Primeiro, o tutor deve realizar o cadastro do animal na plataforma, preenchendo os dados pessoais e as informa\u00e7\u00f5es do pet. Ap\u00f3s a confirma\u00e7\u00e3o do cadastro, \u00e9 necess\u00e1rio acessar novamente o sistema dentro do per\u00edodo espec\u00edfico da sua regi\u00e3o para efetivar o agendamento da vaga.<\/p>\n<p>\u00c9 importante destacar que o cadastro pr\u00e9vio n\u00e3o garante a vaga. O tutor precisa obrigatoriamente concluir a etapa de agendamento na data indicada para cada regi\u00e3o. Ap\u00f3s a confirma\u00e7\u00e3o, o sistema informar\u00e1 dia, hor\u00e1rio e local do atendimento. No dia marcado, o tutor deve comparecer com documento pessoal e seguir as orienta\u00e7\u00f5es repassadas no momento do agendamento.<\/p>\n<p><strong>Calend\u00e1rio em Campo Grande<\/strong><\/p>\n<p>Ap\u00f3s realizar o cadastro no SigPet, o tutor dever\u00e1 acessar o sistema no per\u00edodo correspondente \u00e0 sua regi\u00e3o para efetivar o agendamento.<\/p>\n<p><strong>Per\u00edodos de agendamento:<\/strong><\/p>\n<p>Regi\u00e3o Segredo (Tarsila do Amaral): 10\/03 a 13\/03<\/p>\n<p>Regi\u00e3o Central (Cidade do Natal): 19\/03 a 20\/03<\/p>\n<p>Rochedinho (Distrito): 21\/03 a 22\/03<\/p>\n<p>Anhandu\u00ed (Distrito): 23\/03 a 25\/03<\/p>\n<p>Regi\u00e3o Bandeira \u2013 Moreninhas (Est\u00e1dio Jacques da Luz): 28\/03 a 30\/03<\/p>\n<p><strong>Execu\u00e7\u00e3o dos atendimentos:<\/strong><\/p>\n<p>Tarsila do Amaral: 14\/03, 15\/03, 17\/03, 18\/03, 19\/03 e 20\/03 \u2013 600 vagas<\/p>\n<p>Cidade do Natal (COP 15): 22\/03 \u2013 100 vagas<\/p>\n<p>Rochedinho: 23\/03, 24\/03 e 25\/03 \u2013 200 vagas<\/p>\n<p>Anhandu\u00ed: 26\/03, 27\/03 e 28\/03 \u2013 200 vagas<\/p>\n<p>Moreninhas \u2013 Est\u00e1dio Jacques da Luz: 31\/03, 01\/04, 02\/04, 03\/04, 06\/04, 07\/04, 08\/04, 09\/04 e 10\/04 \u2013 600 vagas<\/p>\n<p>Mais informa\u00e7\u00f5es pelos telefones (67) 3316-9192 (Suprova) e (67) 2020-1397 (Subea).<\/p>\n<p><em>Lucas Castro, Comunica\u00e7\u00e3o Setesc<\/em><br \/><em>Fotos: divulga\u00e7\u00e3o<\/em><\/p>\n<\/div>\n","protected":false},"excerpt":{"rendered":"<p>Campo Grande recebe a partir deste m\u00eas de mar\u00e7o a Caravana da Castra\u00e7\u00e3o, iniciativa da Suprova (Superintend\u00eancia de Pol\u00edticas Integradas<\/p>\n","protected":false},"author":2,"featured_media":0,"comment_status":"","ping_status":"","sticky":false,"template":"","format":"standard","meta":{"colormag_page_container_layout":"default_layout","colormag_page_sidebar_layout":"default_layout","footnotes":""},"categories":[1],"tags":[],"class_list":["post-61790","post","type-post","status-publish","format-standard","hentry","category-ejornais"],"aioseo_notices":[],"amp_enabled":true,"_links":{"self":[{"href":"https:\/\/ejornais.com.br\/index.php\/wp-json\/wp\/v2\/posts\/61790","targetHints":{"allow":["GET"]}}],"collection":[{"href":"https:\/\/ejornais.com.br\/index.php\/wp-json\/wp\/v2\/posts"}],"about":[{"href":"https:\/\/ejornais.com.br\/index.php\/wp-json\/wp\/v2\/types\/post"}],"author":[{"embeddable":true,"href":"https:\/\/ejornais.com.br\/index.php\/wp-json\/wp\/v2\/users\/2"}],"replies":[{"embeddable":true,"href":"https:\/\/ejornais.com.br\/index.php\/wp-json\/wp\/v2\/comments?post=61790"}],"version-history":[{"count":0,"href":"https:\/\/ejornais.com.br\/index.php\/wp-json\/wp\/v2\/posts\/61790\/revisions"}],"wp:attachment":[{"href":"https:\/\/ejornais.com.br\/index.php\/wp-json\/wp\/v2\/media?parent=61790"}],"wp:term":[{"taxonomy":"category","embeddable":true,"href":"https:\/\/ejornais.com.br\/index.php\/wp-json\/wp\/v2\/categories?post=61790"},{"taxonomy":"post_tag","embeddable":true,"href":"https:\/\/ejornais.com.br\/index.php\/wp-json\/wp\/v2\/tags?post=61790"}],"curies":[{"name":"wp","href":"https:\/\/api.w.org\/{rel}","templated":true}]}}