{"id":61811,"date":"2026-03-05T21:46:26","date_gmt":"2026-03-06T00:46:26","guid":{"rendered":"https:\/\/ejornais.com.br\/index.php\/2026\/03\/05\/dolar-fecha-em-r-528-com-preocupacoes-sobre-oriente-medio\/"},"modified":"2026-03-05T21:46:26","modified_gmt":"2026-03-06T00:46:26","slug":"dolar-fecha-em-r-528-com-preocupacoes-sobre-oriente-medio","status":"publish","type":"post","link":"https:\/\/ejornais.com.br\/index.php\/2026\/03\/05\/dolar-fecha-em-r-528-com-preocupacoes-sobre-oriente-medio\/","title":{"rendered":"D\u00f3lar fecha em R$ 5,28 com preocupa\u00e7\u00f5es sobre Oriente M\u00e9dio"},"content":{"rendered":"<p> Por MRNews<br \/>\n<\/p>\n<div wp_automatic_readability=\"68.872562358277\">\n<p>Ap\u00f3s uma tr\u00e9gua na quarta-feira (4), o mercado financeiro teve uma sess\u00e3o turbulenta nesta quinta (5), em meio \u00e0s preocupa\u00e7\u00f5es sobre o conflito no Oriente M\u00e9dio. <strong>O d\u00f3lar aproximou-se de R$ 5,30 e fechou no maior valor desde o fim de janeiro. A bolsa de valores caiu mais de 2,5%, e o petr\u00f3leo teve forte alta.<\/strong><\/p>\n<p>O d\u00f3lar comercial fechou o dia vendido a R$ 5,287, com alta de R$ 0,069 (+1,32%). A cota\u00e7\u00e3o oscilou em torno de R$ 5,23 durante a manh\u00e3, ultrapassou R$ 5,28 no in\u00edcio da tarde, desacelerou e chegou a atingir R$ 5,29 por volta das 16h30. Um movimento global de investidores levou \u00e0 alta da moeda.<\/p>\n<p><strong>Na maior cota\u00e7\u00e3o desde 23 de janeiro, a divisa acumula alta de 2,34% na semana. No ano, por\u00e9m, a moeda estadunidense cai 3,66%.<\/strong><\/p>\n<p><strong><a href=\"https:\/\/mrnews.com.br\/index.php\/2026\/03\/05\/lula-ajusta-regra-de-entrada-de-brasileiros-na-europa-entenda-o-que-muda\/\">Lula ajusta regra de entrada de brasileiros na Europa: entenda o que muda<\/a><\/strong><\/p>\n<p><strong><a href=\"https:\/\/mrnews.com.br\/index.php\/2026\/03\/05\/sete-em-cada-dez-mulheres-relatam-ja-terem-sofrido-assedio-diz-estudo\/\">Sete em cada dez mulheres relatam j\u00e1 terem sofrido ass\u00e9dio, diz estudo<\/a><\/strong><\/p>\n<p>O mercado de a\u00e7\u00f5es teve um dia de perdas.<strong> O \u00edndice Ibovespa, da B3, fechou aos 180.464 pontos, com recuo de 2,64%. O indicador est\u00e1 no menor patamar desde 26 de janeiro.<\/strong><\/p>\n<p>Apenas as a\u00e7\u00f5es de petroleiras subiram, influenciadas pela alta na cota\u00e7\u00e3o internacional do petr\u00f3leo. <strong>O barril do tipo Brent, usado nas negocia\u00e7\u00f5es internacionais, aumentou 4,93%, para US$ 85,41. Essa foi a quinta alta consecutiva.<\/strong><\/p>\n<p>Em todo o planeta, investidores transferiram dinheiro de aplica\u00e7\u00f5es mais arriscadas para t\u00edtulos do Tesouro dos Estados Unidos, considerados os investimentos mais seguros do planeta. O bombardeio pelo Ir\u00e3 de um aeroporto numa regi\u00e3o aut\u00f4noma do Azerbaij\u00e3o reacendeu os temores de que o conflito no Oriente M\u00e9dio se expanda.<\/p>\n<p>O fechamento do Estreito de Ormuz, por onde passa cerca de 20% do petr\u00f3leo do planeta, voltou a contribuir para a instabilidade do mercado e a disparada das cota\u00e7\u00f5es internacionais do petr\u00f3leo e do g\u00e1s natural. Grandes produtores, como o Iraque e o Kwait, podem parar de exportar se a passagem continuar fechada.<\/p>\n<p><strong><a href=\"https:\/\/mrnews.com.br\/index.php\/2026\/03\/05\/video-camera-flagra-gesto-de-jornalista-atras-de-cesar-tralli-durante-o-jornal-nacional-ao-vivo\/\">V\u00eddeo; c\u00e2mera flagra gesto de jornalista atr\u00e1s de C\u00e9sar Tralli durante o Jornal Nacional ao vivo<\/a><\/strong><\/p>\n<p><strong><a href=\"https:\/\/mrnews.com.br\/index.php\/2026\/03\/05\/canal-gov-destaca-agricultura-familiar-no-novo-programa-campo-da-gente\/\">Canal Gov destaca agricultura familiar no novo programa Campo da Gente<\/a><\/strong><\/p>\n<p><em>* com informa\u00e7\u00f5es da Reuters<\/em><\/p>\n<\/div>\n","protected":false},"excerpt":{"rendered":"<p>Por MRNews Ap\u00f3s uma tr\u00e9gua na quarta-feira (4), o mercado financeiro teve uma sess\u00e3o turbulenta nesta quinta (5), em meio<\/p>\n","protected":false},"author":2,"featured_media":0,"comment_status":"","ping_status":"","sticky":false,"template":"","format":"standard","meta":{"colormag_page_container_layout":"default_layout","colormag_page_sidebar_layout":"default_layout","footnotes":""},"categories":[1],"tags":[],"class_list":["post-61811","post","type-post","status-publish","format-standard","hentry","category-ejornais"],"aioseo_notices":[],"amp_enabled":true,"_links":{"self":[{"href":"https:\/\/ejornais.com.br\/index.php\/wp-json\/wp\/v2\/posts\/61811","targetHints":{"allow":["GET"]}}],"collection":[{"href":"https:\/\/ejornais.com.br\/index.php\/wp-json\/wp\/v2\/posts"}],"about":[{"href":"https:\/\/ejornais.com.br\/index.php\/wp-json\/wp\/v2\/types\/post"}],"author":[{"embeddable":true,"href":"https:\/\/ejornais.com.br\/index.php\/wp-json\/wp\/v2\/users\/2"}],"replies":[{"embeddable":true,"href":"https:\/\/ejornais.com.br\/index.php\/wp-json\/wp\/v2\/comments?post=61811"}],"version-history":[{"count":0,"href":"https:\/\/ejornais.com.br\/index.php\/wp-json\/wp\/v2\/posts\/61811\/revisions"}],"wp:attachment":[{"href":"https:\/\/ejornais.com.br\/index.php\/wp-json\/wp\/v2\/media?parent=61811"}],"wp:term":[{"taxonomy":"category","embeddable":true,"href":"https:\/\/ejornais.com.br\/index.php\/wp-json\/wp\/v2\/categories?post=61811"},{"taxonomy":"post_tag","embeddable":true,"href":"https:\/\/ejornais.com.br\/index.php\/wp-json\/wp\/v2\/tags?post=61811"}],"curies":[{"name":"wp","href":"https:\/\/api.w.org\/{rel}","templated":true}]}}