{"id":61816,"date":"2026-03-06T00:07:10","date_gmt":"2026-03-06T03:07:10","guid":{"rendered":"https:\/\/ejornais.com.br\/index.php\/2026\/03\/06\/casa-do-trabalhador-oferece-142-vagas-de-emprego-na-sexta-feira-6-agencia-de-noticias\/"},"modified":"2026-03-06T00:07:10","modified_gmt":"2026-03-06T03:07:10","slug":"casa-do-trabalhador-oferece-142-vagas-de-emprego-na-sexta-feira-6-agencia-de-noticias","status":"publish","type":"post","link":"https:\/\/ejornais.com.br\/index.php\/2026\/03\/06\/casa-do-trabalhador-oferece-142-vagas-de-emprego-na-sexta-feira-6-agencia-de-noticias\/","title":{"rendered":"Casa do Trabalhador oferece 142 vagas de emprego na sexta-feira (6) \u2013 Ag\u00eancia de Not\u00edcias"},"content":{"rendered":"<p><\/p>\n<div>\n<div class=\"col\">\n<p class=\"mt-0\">\n                        <strong><br \/>\n                            <span class=\"far fa-calendar mr-1 mt-2\"\/><br \/>\n                            5 de mar\u00e7o de 2026<br \/>\n                            <span class=\"far fa-clock ml-3 mt-2\"\/><br \/>\n                            17:19<br \/>\n                        <\/strong>\n                    <\/p>\n<p class=\"mb-0\">Por: <strong>Lu\u00eds Gustavo Adabro<\/strong><\/p>\n<\/p><\/div>\n<\/p><\/div>\n<div>\n<p>A Casa do Trabalhador, antigo Posto de Atendimento ao Trabalhador (PAT) de Sorocaba, ligado \u00e0 Secretaria de Rela\u00e7\u00f5es do Trabalho e Qualifica\u00e7\u00e3o Profissional (Sert), da Prefeitura de Sorocaba, oferecer\u00e1, na sexta-feira (6), 142 vagas de trabalho na cidade.<\/p>\n<p>Os mun\u00edcipes podem se candidatar comparecendo \u00e0 Casa do Trabalhador, no Centro e a sua unidade m\u00f3vel, sem a necessidade de agendamento pr\u00e9vio, ou ainda na Casa do Cidad\u00e3o mais pr\u00f3xima de sua resid\u00eancia.<\/p>\n<p>Para tanto, \u00e9 necess\u00e1rio que os interessados estejam munidos de carteira de trabalho, CPF e RG. Na Casa do Trabalhador, o mun\u00edcipe tamb\u00e9m tem a oportunidade de enviar curr\u00edculo pelos computadores dispon\u00edveis para uso da popula\u00e7\u00e3o.<\/p>\n<p>A Casa do Trabalhador est\u00e1 localizada na Rua Cel. Cavalheiros, 353, no Centro, e funciona de segunda a sexta-feira, das 8h \u00e0s 16h, assim como as Casas do Cidad\u00e3o. O mun\u00edcipe que desejar, ainda pode contatar a Casa do Trabalhador pelo WhatsApp: (15) 99149-2474.<\/p>\n<p>Na sexta-feira (6), das 9h \u00e0s 11h, a Van do Emprego e Qualifica\u00e7\u00e3o estacionar\u00e1 em frente \u00e0 UBS Maria do Carmo, localizada na Rua Joaquim Ferreira Barbosa, 727; e das 13h \u00e0s 16h, na Secretaria da Mulher (Semul), que fica na Avenida Rudolf Dafferner, 65, no bairro Alto da Boa Vista.<\/p>\n<p>Segue, em anexo, todas as vagas de empregos dispon\u00edveis na Casa do Trabalhador na sexta-feira (6).<\/p>\n<p>lista 06-03-2026<\/p>\n<\/p><\/div>\n","protected":false},"excerpt":{"rendered":"<p>5 de mar\u00e7o de 2026 17:19 Por: Lu\u00eds Gustavo Adabro A Casa do Trabalhador, antigo Posto de Atendimento ao Trabalhador<\/p>\n","protected":false},"author":2,"featured_media":0,"comment_status":"","ping_status":"","sticky":false,"template":"","format":"standard","meta":{"colormag_page_container_layout":"default_layout","colormag_page_sidebar_layout":"default_layout","footnotes":""},"categories":[1],"tags":[],"class_list":["post-61816","post","type-post","status-publish","format-standard","hentry","category-ejornais"],"aioseo_notices":[],"amp_enabled":true,"_links":{"self":[{"href":"https:\/\/ejornais.com.br\/index.php\/wp-json\/wp\/v2\/posts\/61816","targetHints":{"allow":["GET"]}}],"collection":[{"href":"https:\/\/ejornais.com.br\/index.php\/wp-json\/wp\/v2\/posts"}],"about":[{"href":"https:\/\/ejornais.com.br\/index.php\/wp-json\/wp\/v2\/types\/post"}],"author":[{"embeddable":true,"href":"https:\/\/ejornais.com.br\/index.php\/wp-json\/wp\/v2\/users\/2"}],"replies":[{"embeddable":true,"href":"https:\/\/ejornais.com.br\/index.php\/wp-json\/wp\/v2\/comments?post=61816"}],"version-history":[{"count":0,"href":"https:\/\/ejornais.com.br\/index.php\/wp-json\/wp\/v2\/posts\/61816\/revisions"}],"wp:attachment":[{"href":"https:\/\/ejornais.com.br\/index.php\/wp-json\/wp\/v2\/media?parent=61816"}],"wp:term":[{"taxonomy":"category","embeddable":true,"href":"https:\/\/ejornais.com.br\/index.php\/wp-json\/wp\/v2\/categories?post=61816"},{"taxonomy":"post_tag","embeddable":true,"href":"https:\/\/ejornais.com.br\/index.php\/wp-json\/wp\/v2\/tags?post=61816"}],"curies":[{"name":"wp","href":"https:\/\/api.w.org\/{rel}","templated":true}]}}