{"id":61847,"date":"2026-03-06T12:35:20","date_gmt":"2026-03-06T15:35:20","guid":{"rendered":"https:\/\/ejornais.com.br\/index.php\/2026\/03\/06\/funesp-divulga-calendario-de-eventos-esportivos-2026-cgnoticias\/"},"modified":"2026-03-06T12:35:20","modified_gmt":"2026-03-06T15:35:20","slug":"funesp-divulga-calendario-de-eventos-esportivos-2026-cgnoticias","status":"publish","type":"post","link":"https:\/\/ejornais.com.br\/index.php\/2026\/03\/06\/funesp-divulga-calendario-de-eventos-esportivos-2026-cgnoticias\/","title":{"rendered":"Funesp divulga Calend\u00e1rio de Eventos Esportivos 2026 \u2013 CGNot\u00edcias"},"content":{"rendered":"<p><\/p>\n<div>\n<p>Foi divulgado nesta sexta-feira (6) o Calend\u00e1rio Oficial de Eventos 2026 da Funesp (Funda\u00e7\u00e3o Municipal de Esportes). O documento re\u00fane competi\u00e7\u00f5es, festivais, encontros de forma\u00e7\u00e3o e atividades esportivas que ser\u00e3o realizadas ao longo do ano na capital.<\/p>\n<p>\u00a0A programa\u00e7\u00e3o contempla a\u00e7\u00f5es para diferentes p\u00fablicos, incluindo estudantes, idosos, atletas de rendimento e participantes de projetos esportivos comunit\u00e1rios, ampliando o acesso ao esporte e ao lazer em toda a cidade. Al\u00e9m dos eventos do calend\u00e1rio, a cidade oferece mais de 100 locais com atividades f\u00edsicas e esportivas gratuitas, distribu\u00eddos nas sete regi\u00f5es de Campo Grande.<\/p>\n<p>Em 2025, a Funesp realizou aproximadamente 1 milh\u00e3o de atendimentos em a\u00e7\u00f5es esportivas. Foram quase 15 mil pessoas inscritas em oficinas permanentes e mais de 10 mil participantes em eventos esportivos, refor\u00e7ando o compromisso da Funda\u00e7\u00e3o com a democratiza\u00e7\u00e3o do esporte e do lazer.<\/p>\n<p>O munic\u00edpio se consolida como refer\u00eancia nacional com a pol\u00edtica p\u00fablica \u201cMovimenta Campo Grande\u201d, que organiza programas estruturados para o desenvolvimento esportivo.\u00a0<\/p>\n<p>Segundo o diretor-presidente da Funesp em exerc\u00edcio, Maicon Mommad, o calend\u00e1rio oficial \u00e9 um instrumento de planejamento estrat\u00e9gico das a\u00e7\u00f5es esportivas da cidade. \u201cOs eventos t\u00eam como objetivo selecionar atletas que representar\u00e3o Campo Grande em competi\u00e7\u00f5es estaduais e nacionais, al\u00e9m de proporcionar \u00e0 popula\u00e7\u00e3o a oportunidade de participar, competir e vivenciar o esp\u00edrito de crescimento e inclus\u00e3o por meio do esporte\u201d, afirmou.<\/p>\n<p><em><strong>Confira o calend\u00e1rio: <\/strong><\/em><\/p>\n<figure class=\"wp-block-image size-full\"><\/figure>\n<\/div>\n<p><script async defer async defer src=\"https:\/\/connect.facebook.net\/en_US\/sdk.js?ver=1#xfbml=1&amp;version=v3.2\" id=\"prefeitura-campogrande-script-facebook-sdk-js\"><\/script><\/p>\n","protected":false},"excerpt":{"rendered":"<p>Foi divulgado nesta sexta-feira (6) o Calend\u00e1rio Oficial de Eventos 2026 da Funesp (Funda\u00e7\u00e3o Municipal de Esportes). O documento re\u00fane<\/p>\n","protected":false},"author":2,"featured_media":0,"comment_status":"","ping_status":"","sticky":false,"template":"","format":"standard","meta":{"colormag_page_container_layout":"default_layout","colormag_page_sidebar_layout":"default_layout","footnotes":""},"categories":[1],"tags":[],"class_list":["post-61847","post","type-post","status-publish","format-standard","hentry","category-ejornais"],"aioseo_notices":[],"amp_enabled":true,"_links":{"self":[{"href":"https:\/\/ejornais.com.br\/index.php\/wp-json\/wp\/v2\/posts\/61847","targetHints":{"allow":["GET"]}}],"collection":[{"href":"https:\/\/ejornais.com.br\/index.php\/wp-json\/wp\/v2\/posts"}],"about":[{"href":"https:\/\/ejornais.com.br\/index.php\/wp-json\/wp\/v2\/types\/post"}],"author":[{"embeddable":true,"href":"https:\/\/ejornais.com.br\/index.php\/wp-json\/wp\/v2\/users\/2"}],"replies":[{"embeddable":true,"href":"https:\/\/ejornais.com.br\/index.php\/wp-json\/wp\/v2\/comments?post=61847"}],"version-history":[{"count":0,"href":"https:\/\/ejornais.com.br\/index.php\/wp-json\/wp\/v2\/posts\/61847\/revisions"}],"wp:attachment":[{"href":"https:\/\/ejornais.com.br\/index.php\/wp-json\/wp\/v2\/media?parent=61847"}],"wp:term":[{"taxonomy":"category","embeddable":true,"href":"https:\/\/ejornais.com.br\/index.php\/wp-json\/wp\/v2\/categories?post=61847"},{"taxonomy":"post_tag","embeddable":true,"href":"https:\/\/ejornais.com.br\/index.php\/wp-json\/wp\/v2\/tags?post=61847"}],"curies":[{"name":"wp","href":"https:\/\/api.w.org\/{rel}","templated":true}]}}