{"id":61852,"date":"2026-03-06T13:59:31","date_gmt":"2026-03-06T16:59:31","guid":{"rendered":"https:\/\/ejornais.com.br\/index.php\/2026\/03\/06\/prefcg-executara-trabalho-social-em-residenciais-do-minha-casa-minha-vida-cgnoticias\/"},"modified":"2026-03-06T13:59:31","modified_gmt":"2026-03-06T16:59:31","slug":"prefcg-executara-trabalho-social-em-residenciais-do-minha-casa-minha-vida-cgnoticias","status":"publish","type":"post","link":"https:\/\/ejornais.com.br\/index.php\/2026\/03\/06\/prefcg-executara-trabalho-social-em-residenciais-do-minha-casa-minha-vida-cgnoticias\/","title":{"rendered":"PrefCG\u00a0executar\u00e1 trabalho social em residenciais do Minha Casa, Minha Vida\u00a0 \u2013 CGNot\u00edcias"},"content":{"rendered":"<p><\/p>\n<div>\n<p>A Prefeitura de Campo Grande firmou conv\u00eanios com a Caixa Econ\u00f4mica Federal para executar o\u00a0trabalho t\u00e9cnico social\u00a0em empreendimentos do programa habitacional Minha Casa, Minha Vida. A iniciativa prev\u00ea a\u00e7\u00f5es de orienta\u00e7\u00e3o e acompanhamento das fam\u00edlias que ir\u00e3o morar nos novos conjuntos, fortalecendo a conviv\u00eancia comunit\u00e1ria e a organiza\u00e7\u00e3o dos moradores.\u00a0<\/p>\n<p>O trabalho ser\u00e1 realizado nos residenciais\u00a0Jardim Ant\u00e1rtica\u00a0e\u00a0Jorge Amado, com atividades voltadas \u00e0 integra\u00e7\u00e3o das fam\u00edlias, esclarecimento sobre direitos e deveres, uso adequado das \u00e1reas comuns e apoio no processo de ocupa\u00e7\u00e3o das moradias.\u00a0<\/p>\n<p>Para o diretor-presidente da Ag\u00eancia Municipal de Habita\u00e7\u00e3o e Assuntos Fundi\u00e1rios (Emha), Cl\u00e1udio Marques, essa etapa \u00e9 essencial para garantir que os novos empreendimentos se consolidem como comunidades organizadas.\u00a0\u00a0<\/p>\n<p>\u201cAp\u00f3s a entrega das moradias, queremos garantir orienta\u00e7\u00e3o e acompanhamento \u00e0s fam\u00edlias. Esse processo fortalece o conv\u00edvio entre os moradores e contribui para que os novos residenciais se tornem espa\u00e7os com mais qualidade de vida\u201d, comenta.\u00a0<\/p>\n<p>Os conv\u00eanios foram publicados no\u00a0Diogrande\u00a0n\u00ba 8.244 e t\u00eam vig\u00eancia de 24 meses. Para o Residencial Jardim Ant\u00e1rtica est\u00e3o previstos\u00a0R$ 186 mil\u00a0em a\u00e7\u00f5es sociais. J\u00e1 no Residencial Jorge Amado, o investimento chega a\u00a0R$ 652,8 mil.\u00a0<\/p>\n<p>As atividades seguem os Projetos de Trabalho Social aprovados pela Caixa Econ\u00f4mica Federal e fazem parte das pol\u00edticas habitacionais do munic\u00edpio, que buscam garantir n\u00e3o apenas a entrega das moradias, mas tamb\u00e9m suporte social para fortalecer a conviv\u00eancia e a sustentabilidade nos novos conjuntos habitacionais.\u00a0<\/p>\n<p><em>#ParaTodosVerem: A imagem mostra os pr\u00e9dios do Residencial no Jardim Ant\u00e1rtica<\/em><\/p>\n<\/div>\n<p><script async defer async defer src=\"https:\/\/connect.facebook.net\/en_US\/sdk.js?ver=1#xfbml=1&amp;version=v3.2\" id=\"prefeitura-campogrande-script-facebook-sdk-js\"><\/script><\/p>\n","protected":false},"excerpt":{"rendered":"<p>A Prefeitura de Campo Grande firmou conv\u00eanios com a Caixa Econ\u00f4mica Federal para executar o\u00a0trabalho t\u00e9cnico social\u00a0em empreendimentos do programa<\/p>\n","protected":false},"author":2,"featured_media":0,"comment_status":"","ping_status":"","sticky":false,"template":"","format":"standard","meta":{"colormag_page_container_layout":"default_layout","colormag_page_sidebar_layout":"default_layout","footnotes":""},"categories":[1],"tags":[],"class_list":["post-61852","post","type-post","status-publish","format-standard","hentry","category-ejornais"],"aioseo_notices":[],"amp_enabled":true,"_links":{"self":[{"href":"https:\/\/ejornais.com.br\/index.php\/wp-json\/wp\/v2\/posts\/61852","targetHints":{"allow":["GET"]}}],"collection":[{"href":"https:\/\/ejornais.com.br\/index.php\/wp-json\/wp\/v2\/posts"}],"about":[{"href":"https:\/\/ejornais.com.br\/index.php\/wp-json\/wp\/v2\/types\/post"}],"author":[{"embeddable":true,"href":"https:\/\/ejornais.com.br\/index.php\/wp-json\/wp\/v2\/users\/2"}],"replies":[{"embeddable":true,"href":"https:\/\/ejornais.com.br\/index.php\/wp-json\/wp\/v2\/comments?post=61852"}],"version-history":[{"count":0,"href":"https:\/\/ejornais.com.br\/index.php\/wp-json\/wp\/v2\/posts\/61852\/revisions"}],"wp:attachment":[{"href":"https:\/\/ejornais.com.br\/index.php\/wp-json\/wp\/v2\/media?parent=61852"}],"wp:term":[{"taxonomy":"category","embeddable":true,"href":"https:\/\/ejornais.com.br\/index.php\/wp-json\/wp\/v2\/categories?post=61852"},{"taxonomy":"post_tag","embeddable":true,"href":"https:\/\/ejornais.com.br\/index.php\/wp-json\/wp\/v2\/tags?post=61852"}],"curies":[{"name":"wp","href":"https:\/\/api.w.org\/{rel}","templated":true}]}}