{"id":61869,"date":"2026-03-06T18:13:39","date_gmt":"2026-03-06T21:13:39","guid":{"rendered":"https:\/\/ejornais.com.br\/index.php\/2026\/03\/06\/prefcg-publica-novas-datas-para-pagamento-do-iptu-cgnoticias\/"},"modified":"2026-03-06T18:13:39","modified_gmt":"2026-03-06T21:13:39","slug":"prefcg-publica-novas-datas-para-pagamento-do-iptu-cgnoticias","status":"publish","type":"post","link":"https:\/\/ejornais.com.br\/index.php\/2026\/03\/06\/prefcg-publica-novas-datas-para-pagamento-do-iptu-cgnoticias\/","title":{"rendered":"PrefCG\u00a0publica novas datas para pagamento do IPTU\u00a0 \u2013 CGNot\u00edcias"},"content":{"rendered":"<p><\/p>\n<div>\n<p>A Prefeitura de Campo Grande publicou nesta sexta-feira (6), em Di\u00e1rio Oficial, as novas datas para pagamento do Imposto Predial e Territorial Urbano (IPTU) para im\u00f3veis abrangidos por decis\u00e3o liminar que determinou a revis\u00e3o dos valores do tributo.\u00a0Ao todo, s\u00e3o 14,5 mil im\u00f3veis atingidos com decis\u00e3o.<\/p>\n<p>Para quem optar pelo pagamento \u00e0 vista, o prazo vai at\u00e9\u00a010 de abril, com\u00a0desconto de 10%\u00a0no valor total do imposto para contribuintes que estejam em dia com d\u00e9bitos do IPTU.\u00a0<\/p>\n<p>Tamb\u00e9m ser\u00e1 poss\u00edvel parcelar o tributo em\u00a0at\u00e9 nove vezes. Nesse caso, a primeira parcela vence igualmente em\u00a010 de abril, com as demais cotas mensais seguindo at\u00e9\u00a0dezembro, conforme as faixas de valores estabelecidas para o parcelamento.\u00a0<\/p>\n<p>As novas datas valem apenas para os im\u00f3veis contemplados pela decis\u00e3o liminar. Para os demais contribuintes, permanecem os prazos e condi\u00e7\u00f5es de pagamento j\u00e1 definidos anteriormente, sem altera\u00e7\u00e3o nos valores ou nos vencimentos.\u00a0<\/p>\n<p><em>#ParaTodosVerem: A imagem mostra uma vista a\u00e9rea da cidade de Campo Grande<\/em><\/p>\n<\/div>\n<p><script async defer async defer src=\"https:\/\/connect.facebook.net\/en_US\/sdk.js?ver=1#xfbml=1&amp;version=v3.2\" id=\"prefeitura-campogrande-script-facebook-sdk-js\"><\/script><\/p>\n","protected":false},"excerpt":{"rendered":"<p>A Prefeitura de Campo Grande publicou nesta sexta-feira (6), em Di\u00e1rio Oficial, as novas datas para pagamento do Imposto Predial<\/p>\n","protected":false},"author":2,"featured_media":0,"comment_status":"","ping_status":"","sticky":false,"template":"","format":"standard","meta":{"colormag_page_container_layout":"default_layout","colormag_page_sidebar_layout":"default_layout","footnotes":""},"categories":[1],"tags":[],"class_list":["post-61869","post","type-post","status-publish","format-standard","hentry","category-ejornais"],"aioseo_notices":[],"amp_enabled":true,"_links":{"self":[{"href":"https:\/\/ejornais.com.br\/index.php\/wp-json\/wp\/v2\/posts\/61869","targetHints":{"allow":["GET"]}}],"collection":[{"href":"https:\/\/ejornais.com.br\/index.php\/wp-json\/wp\/v2\/posts"}],"about":[{"href":"https:\/\/ejornais.com.br\/index.php\/wp-json\/wp\/v2\/types\/post"}],"author":[{"embeddable":true,"href":"https:\/\/ejornais.com.br\/index.php\/wp-json\/wp\/v2\/users\/2"}],"replies":[{"embeddable":true,"href":"https:\/\/ejornais.com.br\/index.php\/wp-json\/wp\/v2\/comments?post=61869"}],"version-history":[{"count":0,"href":"https:\/\/ejornais.com.br\/index.php\/wp-json\/wp\/v2\/posts\/61869\/revisions"}],"wp:attachment":[{"href":"https:\/\/ejornais.com.br\/index.php\/wp-json\/wp\/v2\/media?parent=61869"}],"wp:term":[{"taxonomy":"category","embeddable":true,"href":"https:\/\/ejornais.com.br\/index.php\/wp-json\/wp\/v2\/categories?post=61869"},{"taxonomy":"post_tag","embeddable":true,"href":"https:\/\/ejornais.com.br\/index.php\/wp-json\/wp\/v2\/tags?post=61869"}],"curies":[{"name":"wp","href":"https:\/\/api.w.org\/{rel}","templated":true}]}}