{"id":61889,"date":"2026-03-07T03:31:26","date_gmt":"2026-03-07T06:31:26","guid":{"rendered":"https:\/\/ejornais.com.br\/index.php\/2026\/03\/07\/moraes-nega-conversas-com-vorcaro-no-dia-em-que-banqueiro-foi-preso\/"},"modified":"2026-03-07T03:31:26","modified_gmt":"2026-03-07T06:31:26","slug":"moraes-nega-conversas-com-vorcaro-no-dia-em-que-banqueiro-foi-preso","status":"publish","type":"post","link":"https:\/\/ejornais.com.br\/index.php\/2026\/03\/07\/moraes-nega-conversas-com-vorcaro-no-dia-em-que-banqueiro-foi-preso\/","title":{"rendered":"Moraes nega conversas com Vorcaro no dia em que banqueiro foi preso"},"content":{"rendered":"<p> Por MRNews<br \/>\n<\/p>\n<div wp_automatic_readability=\"76.02935694315\">\n<p><strong>O ministro Alexandre de Moraes, do Supremo Tribunal Federal (STF), nega ter\u00a0mantido\u00a0conversas com o banqueiro Daniel Vorcaro, em 17 de novembro do ano passado<\/strong>.<strong>\u00a0<\/strong>A suposta troca de mensagens foi divulgada pelo jornal <em>O Globo<\/em>, que teve acesso aos prints de mensagens encontradas pela Pol\u00edcia Federal (PF) no celular de Vorcaro, que foi preso durante opera\u00e7\u00e3o da Pol\u00edcia Federal.<\/p>\n<p>No dia, Vorcaro\u00a0foi preso pela primeira vez ao ser alvo da Opera\u00e7\u00e3o Compliance Zero, que investiga fraudes no Banco Master.<\/p>\n<p>Conforme nota divulgada nesta sexta-feira (6) pela\u00a0Secretaria de Comunica\u00e7\u00e3o do Supremo Tribunal Federal (STF),<strong> as mensagens n\u00e3o foram destinadas a Moraes, mas a\u00a0outros contatos que constam na agenda de Vorcaro<\/strong>. A conclus\u00e3o ocorre\u00a0ap\u00f3s uma an\u00e1lise dos dados sigilosos que foram divulgados pela reportagem. O STF n\u00e3o informou quem realizou a an\u00e1lise.<\/p>\n<p><strong><a href=\"https:\/\/mrnews.com.br\/index.php\/2026\/03\/07\/governo-cria-duas-unidades-de-conservacao-federais-no-rs\/\">Governo cria duas Unidades de Conserva\u00e7\u00e3o federais no RS<\/a><\/strong><\/p>\n<p><strong><a href=\"https:\/\/mrnews.com.br\/index.php\/2026\/03\/07\/uber-tera-que-indenizar-passageira-vitima-de-intolerancia-religiosa\/\">Uber ter\u00e1 que indenizar passageira v\u00edtima de intoler\u00e2ncia religiosa<\/a><\/strong><\/p>\n<blockquote wp_automatic_readability=\"9\">\n<p>\u201cNo conte\u00fado extra\u00eddo do celular do executivo pelos investigadores, os prints dessas mensagens enviadas por Vorcaro est\u00e3o vinculadas a pastas de outras pessoas de sua lista de contatos e n\u00e3o constam como direcionadas ao ministro Alexandre de Moraes\u201d, diz o comunicado.<\/p>\n<\/blockquote>\n<p>A secretaria declarou ainda que as<strong> mensagens foram direcionadas a outros contatos<\/strong>, que n\u00e3o ter\u00e3o os nomes divulgados em raz\u00e3o de sigilo.\u00a0<\/p>\n<blockquote wp_automatic_readability=\"10\">\n<p>\u201cA mensagem e o respectivo contato est\u00e3o na mesma pasta do computador de quem fez os prints (Vorcaro). Ou seja, fica demonstrado que as mensagens (prints) est\u00e3o vinculadas a outros contatos telef\u00f4nicos no computador de Daniel Vorcaro, jamais ao Ministro Alexandre de Moraes\u201d, completa a nota.<\/p>\n<\/blockquote>\n<h2>Transfer\u00eancia<\/h2>\n<p>Daniel Vorcaro, dono do Banco Master, foi transferido nesta sexta-feira (6) para a Penitenci\u00e1ria Federal em Bras\u00edlia, pres\u00eddio de seguran\u00e7a m\u00e1xima.<\/p>\n<p><strong><a href=\"https:\/\/mrnews.com.br\/index.php\/2026\/03\/06\/lula-assina-mps-de-apoio-as-vitimas-das-enchentes-em-minas-gerais\/\">Lula assina MPs de apoio \u00e0s v\u00edtimas das enchentes em Minas Gerais<\/a><\/strong><\/p>\n<p><strong><a href=\"https:\/\/mrnews.com.br\/index.php\/2026\/03\/06\/dolar-cai-para-r-524-em-dia-de-correcao-no-mercado\/\">D\u00f3lar cai para R$ 5,24 em dia de corre\u00e7\u00e3o no mercado<\/a><\/strong><\/p>\n<p>Ele estava preso desde\u00a0quarta-feira (4) e estava custodiado na Penitenci\u00e1ria de Potim, no interior paulista.\u00a0<\/p>\n<p>A\u00a0transfer\u00eancia foi autorizada, nesta quinta-feira (5), pelo ministro do Supremo Tribunal Federal (STF) Andr\u00e9 Mendon\u00e7a, relator das investiga\u00e7\u00f5es da Opera\u00e7\u00e3o Compliance Zero, que apura as\u00a0fraudes no Banco Master, e atendeu a um pedido da pr\u00f3pria PF.<\/p>\n<p>Segundo a corpora\u00e7\u00e3o, o banqueiro pode influenciar as investiga\u00e7\u00f5es sobre as fraudes no Banco Master.<\/p>\n<h2>Inqu\u00e9rito<\/h2>\n<p>O ministro Andr\u00e9 Mendon\u00e7a tamb\u00e9m\u00a0\u00a0autorizou nesta sexta-feira (6) abertura de inqu\u00e9rito da Pol\u00edcia Federal (PF) para investigar os vazamentos dos dados dos sigilos banc\u00e1rio, fiscal e telem\u00e1tico do banqueiro\u00a0Daniel Vorcaro.<\/p>\n<p>A decis\u00e3o do ministro foi motivada por um pedido de investiga\u00e7\u00e3o feito defesa do banqueiro.<\/p>\n<p>Segundo os advogados, os vazamentos come\u00e7aram ap\u00f3s Mendon\u00e7a autorizar o\u00a0compartilhamento dos dados\u00a0com a Comiss\u00e3o Parlamentar Mista de Inqu\u00e9rito (CPMI) do INSS.<\/p>\n<p>Os sigilos do banqueiro foram solicitados pela CPMI para apurar a suposta liga\u00e7\u00e3o do\u00a0Banco Master\u00a0com fraudes em empr\u00e9stimos consignados de aposentados e pensionistas do INSS.<\/p>\n<\/div>\n","protected":false},"excerpt":{"rendered":"<p>Por MRNews O ministro Alexandre de Moraes, do Supremo Tribunal Federal (STF), nega ter\u00a0mantido\u00a0conversas com o banqueiro Daniel Vorcaro, em<\/p>\n","protected":false},"author":2,"featured_media":0,"comment_status":"","ping_status":"","sticky":false,"template":"","format":"standard","meta":{"colormag_page_container_layout":"default_layout","colormag_page_sidebar_layout":"default_layout","footnotes":""},"categories":[1],"tags":[],"class_list":["post-61889","post","type-post","status-publish","format-standard","hentry","category-ejornais"],"aioseo_notices":[],"amp_enabled":true,"_links":{"self":[{"href":"https:\/\/ejornais.com.br\/index.php\/wp-json\/wp\/v2\/posts\/61889","targetHints":{"allow":["GET"]}}],"collection":[{"href":"https:\/\/ejornais.com.br\/index.php\/wp-json\/wp\/v2\/posts"}],"about":[{"href":"https:\/\/ejornais.com.br\/index.php\/wp-json\/wp\/v2\/types\/post"}],"author":[{"embeddable":true,"href":"https:\/\/ejornais.com.br\/index.php\/wp-json\/wp\/v2\/users\/2"}],"replies":[{"embeddable":true,"href":"https:\/\/ejornais.com.br\/index.php\/wp-json\/wp\/v2\/comments?post=61889"}],"version-history":[{"count":0,"href":"https:\/\/ejornais.com.br\/index.php\/wp-json\/wp\/v2\/posts\/61889\/revisions"}],"wp:attachment":[{"href":"https:\/\/ejornais.com.br\/index.php\/wp-json\/wp\/v2\/media?parent=61889"}],"wp:term":[{"taxonomy":"category","embeddable":true,"href":"https:\/\/ejornais.com.br\/index.php\/wp-json\/wp\/v2\/categories?post=61889"},{"taxonomy":"post_tag","embeddable":true,"href":"https:\/\/ejornais.com.br\/index.php\/wp-json\/wp\/v2\/tags?post=61889"}],"curies":[{"name":"wp","href":"https:\/\/api.w.org\/{rel}","templated":true}]}}