{"id":62033,"date":"2026-03-09T19:08:49","date_gmt":"2026-03-09T22:08:49","guid":{"rendered":"https:\/\/ejornais.com.br\/index.php\/2026\/03\/09\/especialista-diz-que-95-dos-projetos-de-ia-nao-geram-valor-a-empresas\/"},"modified":"2026-03-09T19:08:49","modified_gmt":"2026-03-09T22:08:49","slug":"especialista-diz-que-95-dos-projetos-de-ia-nao-geram-valor-a-empresas","status":"publish","type":"post","link":"https:\/\/ejornais.com.br\/index.php\/2026\/03\/09\/especialista-diz-que-95-dos-projetos-de-ia-nao-geram-valor-a-empresas\/","title":{"rendered":"Especialista diz que 95% dos projetos de IA n\u00e3o geram valor a empresas"},"content":{"rendered":"<p> Por MRNews<br \/>\n<\/p>\n<div wp_automatic_readability=\"123.57847533632\">\n<p><strong>Apesar de ser tratada com grande entusiasmo e muita expectativa, a intelig\u00eancia artificial (IA) ainda n\u00e3o \u00e9 uma forma importante de alavancar a produ\u00e7\u00e3o e os resultados de empresas que a utilizam. <\/strong>A constata\u00e7\u00e3o \u00e9 de\u00a0Norbert Jung, CEO (diretor-executivo) da Bosch Connected Industry \u2013 bra\u00e7o de tecnologia da Bosch, multinacional alem\u00e3 de engenharia e tecnologia.<\/p>\n<blockquote wp_automatic_readability=\"10\">\n<p>\u201cTemos esse grande <em>hype<\/em> [empolga\u00e7\u00e3o], essa grande esperan\u00e7a de que a IA possa ajudar a resolver muitas das nossas quest\u00f5es, mas ainda assim todo mundo est\u00e1 meio que na fase piloto. Noventa e cinco por cento dos projetos de IA n\u00e3o entregam valor econ\u00f4mico hoje\u201d, apontou.<\/p>\n<\/blockquote>\n<p>Para o diretor da Bosch, a quest\u00e3o passa por excesso de informa\u00e7\u00e3o, o que classificou como cen\u00e1rio desafiador: \u201cTemos cada vez mais dados, mas isso n\u00e3o parece produzir muito mais valor a partir desses dados\u201d.<\/p>\n<p><strong><a href=\"https:\/\/mrnews.com.br\/index.php\/2026\/03\/09\/odio-contra-mulheres-nas-redes-e-tema-do-caminhos-da-reportagem\/\">\u00d3dio contra mulheres nas redes \u00e9 tema do Caminhos da Reportagem<\/a><\/strong><\/p>\n<p><strong><a href=\"https:\/\/mrnews.com.br\/index.php\/2026\/03\/09\/lula-brasil-e-africa-do-sul-devem-focar-em-autonomia-para-autodefesa\/\">Lula: Brasil e \u00c1frica do Sul devem focar em autonomia para autodefesa<\/a><\/strong><\/p>\n<p>A declara\u00e7\u00e3o foi feita em um painel sobre IA, durante um evento que antecipou novidades da Hannover Messe, maior feira de inova\u00e7\u00e3o e tecnologia industrial do mundo, que ocorrer\u00e1 de 20 a 24 de abril em Hannover, cidade de cerca de 550 mil habitantes no Norte da Alemanha.<\/p>\n<h2>Caminhos<\/h2>\n<p>Ao apontar caminhos para fazer com que a IA agregue mais valor \u00e0s empresas industriais, Norbert Jung aponta para a integra\u00e7\u00e3o com o conhecimento humano.<\/p>\n<p>\u201cA resposta est\u00e1 em trazer IA, m\u00e1quinas e humanos juntos em uma forma de cointelig\u00eancia na manufatura\u201d, diz.\u00a0\u201cN\u00f3s industrializamos a IA generativa\u201d, completa.<\/p>\n<p>A constata\u00e7\u00e3o do especialista segue a conclus\u00e3o do estudo <em>O Estado da IA nos Neg\u00f3cios em 2025<\/em>\u00a0publicado pelo Instituto de Tecnologia de Massachusetts (MIT, na sigla em ingl\u00eas para Massachusetts Institute of Technology), uma das universidades mais prestigiadas do mundo.\u00a0\u00a0<\/p>\n<p><strong><a href=\"https:\/\/mrnews.com.br\/index.php\/2026\/03\/09\/especialistas-alertam-para-riscos-ambientais-de-intervencoes-em-praias\/\">Especialistas alertam para riscos ambientais de interven\u00e7\u00f5es em praias<\/a><\/strong><\/p>\n<p><strong><a href=\"https:\/\/mrnews.com.br\/index.php\/2026\/03\/09\/governo-libera-r-73-mil-para-familias-atingidas-por-chuvas-em-mg\/\">Governo libera\u00a0R$ 7,3 mil para fam\u00edlias atingidas por chuvas em MG<\/a><\/strong><\/p>\n<blockquote wp_automatic_readability=\"7\">\n<p>\u201cApesar de US$ 30 bilh\u00f5es a US$ 40 bilh\u00f5es em investimentos empresariais em IA generativa, o relat\u00f3rio revela um resultado surpreendente: 95% das organiza\u00e7\u00f5es est\u00e3o obtendo retorno zero\u201d.<\/p>\n<\/blockquote>\n<h2>Brasil homenageado<\/h2>\n<p><strong>O Brasil ser\u00e1 o pa\u00eds homenageado\u00a0na edi\u00e7\u00e3o deste ano, que al\u00e9m de rob\u00f4s e IA, apresentar\u00e1 tecnologias de digitaliza\u00e7\u00e3o, automa\u00e7\u00e3o, descarboniza\u00e7\u00e3o e energia limpa. <\/strong><\/p>\n<p>O presidente Luiz In\u00e1cio Lula da Silva e o chanceler (chefe de governo) da Alemanha, Friedrich Merz, confirmaram presen\u00e7a na Hannover Messe.<\/p>\n<h2>Rob\u00f3tica e IA<\/h2>\n<p>O chefe do departamento de pesquisa da empresa de rob\u00f3tica Agile Robots, Sven Parusel, considera que a IA come\u00e7a a \u201cganhar vida\u201d por meio de rob\u00f4s.<\/p>\n<p>\u201cEstamos vendo a IA sair das telas e entrar nos espa\u00e7os de manufatura [industriais], especialmente quando falamos de IA f\u00edsica, trazendo rob\u00f4s e m\u00e1quinas f\u00edsicas junto com as capacidades de IA\u201d, aponta.<\/p>\n<p>Ele conta que desde 2018 a empresa alem\u00e3 desenvolve bra\u00e7os e m\u00e3os rob\u00f3ticas, sistemas m\u00f3veis e rob\u00f4 humanoide.<\/p>\n<blockquote wp_automatic_readability=\"7\">\n<p>\u201cPara n\u00f3s \u00e9 muito importante que todos esses componentes se juntem, trazendo IA para todos eles e tamb\u00e9m para a pr\u00f3pria f\u00e1brica\u201d.<\/p>\n<\/blockquote>\n<p>Sven Parusel revelou que a Agile desenvolveu um sistema de montagem de caixa de c\u00e2mbio com dois bra\u00e7os rob\u00f3ticos controlados por IA.<\/p>\n<p>\u201cUsa a IA para controle e vis\u00e3o computacional para detectar objetos. J\u00e1 vemos os benef\u00edcios: produ\u00e7\u00e3o mais r\u00e1pida, mais flex\u00edvel e mais f\u00e1cil de configurar\u201d, descreve.<\/p>\n<p>&gt;&gt; Leia tamb\u00e9m: Rob\u00f4 cozinheiro com IA vence pr\u00eamio internacional de rob\u00f3tica<\/p>\n<h2>Potencial brasileiro<\/h2>\n<p><strong>Por ser o pa\u00eds homenageado, o Brasil ter\u00e1 direito a ocupar pavilh\u00f5es que somam 2,7 mil metros quadrados na Hannover Messe. <\/strong>A Ag\u00eancia Brasileira de Promo\u00e7\u00e3o de Exporta\u00e7\u00f5es e Investimentos (ApexBrasil) \u2500 vinculada ao Minist\u00e9rio do Desenvolvimento, Ind\u00fastria, Com\u00e9rcio e Servi\u00e7os \u2500 organiza a participa\u00e7\u00e3o do pa\u00eds.<\/p>\n<p><strong>Ser\u00e3o 140 expositores brasileiros e uma delega\u00e7\u00e3o formada por 300 empresas. <\/strong><\/p>\n<p>Em conversa com a <strong>Ag\u00eancia Brasil<\/strong>, a representante regional da ApexBrasil, M\u00e1rcia Nejaim, considera que o pa\u00eds tem potencial para ser protagonista na \u00e1rea de IA.<\/p>\n<p>\u201cA gente tem total condi\u00e7\u00f5es, assim como a gente j\u00e1, inclusive, estabeleceu tend\u00eancia em uso de outras tecnologias em um passado muito l\u00e1 atr\u00e1s de linguagens de computa\u00e7\u00e3o e tal\u201d.<\/p>\n<p>Ao citar institui\u00e7\u00f5es brasileiras que podem servir como expoentes de IA na Hannover Messe, a representante da ApexBrasil lembrou de nomes como o do instituto de pesquisa Eldorado e das empresas Fu2re e Stefanini.<\/p>\n<blockquote wp_automatic_readability=\"8\">\n<p>\u201cO Brasil hoje tem gente trabalhando com tecnologia que n\u00e3o fica atr\u00e1s, muita gente de fora vem contratar gente no Brasil\u201d, refor\u00e7ou M\u00e1rcia Nejaim.<\/p>\n<\/blockquote>\n<p><em>*O rep\u00f3rter viajou a convite da Deutsche Messe AG, organizadora da Hannover Messe<\/em><\/p>\n<p>\u00a0<\/p>\n<\/div>\n","protected":false},"excerpt":{"rendered":"<p>Por MRNews Apesar de ser tratada com grande entusiasmo e muita expectativa, a intelig\u00eancia artificial (IA) ainda n\u00e3o \u00e9 uma<\/p>\n","protected":false},"author":2,"featured_media":0,"comment_status":"","ping_status":"","sticky":false,"template":"","format":"standard","meta":{"colormag_page_container_layout":"default_layout","colormag_page_sidebar_layout":"default_layout","footnotes":""},"categories":[1],"tags":[],"class_list":["post-62033","post","type-post","status-publish","format-standard","hentry","category-ejornais"],"aioseo_notices":[],"amp_enabled":true,"_links":{"self":[{"href":"https:\/\/ejornais.com.br\/index.php\/wp-json\/wp\/v2\/posts\/62033","targetHints":{"allow":["GET"]}}],"collection":[{"href":"https:\/\/ejornais.com.br\/index.php\/wp-json\/wp\/v2\/posts"}],"about":[{"href":"https:\/\/ejornais.com.br\/index.php\/wp-json\/wp\/v2\/types\/post"}],"author":[{"embeddable":true,"href":"https:\/\/ejornais.com.br\/index.php\/wp-json\/wp\/v2\/users\/2"}],"replies":[{"embeddable":true,"href":"https:\/\/ejornais.com.br\/index.php\/wp-json\/wp\/v2\/comments?post=62033"}],"version-history":[{"count":0,"href":"https:\/\/ejornais.com.br\/index.php\/wp-json\/wp\/v2\/posts\/62033\/revisions"}],"wp:attachment":[{"href":"https:\/\/ejornais.com.br\/index.php\/wp-json\/wp\/v2\/media?parent=62033"}],"wp:term":[{"taxonomy":"category","embeddable":true,"href":"https:\/\/ejornais.com.br\/index.php\/wp-json\/wp\/v2\/categories?post=62033"},{"taxonomy":"post_tag","embeddable":true,"href":"https:\/\/ejornais.com.br\/index.php\/wp-json\/wp\/v2\/tags?post=62033"}],"curies":[{"name":"wp","href":"https:\/\/api.w.org\/{rel}","templated":true}]}}