{"id":62048,"date":"2026-03-09T23:47:30","date_gmt":"2026-03-10T02:47:30","guid":{"rendered":"https:\/\/ejornais.com.br\/index.php\/2026\/03\/09\/procon-jp-lembra-dia-da-mulher-com-acoes-na-sede-e-atendimento-prioritario-no-mutirao-de-negociacao-de-dividas\/"},"modified":"2026-03-09T23:47:30","modified_gmt":"2026-03-10T02:47:30","slug":"procon-jp-lembra-dia-da-mulher-com-acoes-na-sede-e-atendimento-prioritario-no-mutirao-de-negociacao-de-dividas","status":"publish","type":"post","link":"https:\/\/ejornais.com.br\/index.php\/2026\/03\/09\/procon-jp-lembra-dia-da-mulher-com-acoes-na-sede-e-atendimento-prioritario-no-mutirao-de-negociacao-de-dividas\/","title":{"rendered":"Procon-JP lembra Dia da Mulher com a\u00e7\u00f5es na sede e atendimento priorit\u00e1rio no Mutir\u00e3o de Negocia\u00e7\u00e3o de D\u00edvidas"},"content":{"rendered":"<p><\/p>\n<div>\n<p>A consumidora que foi ao SAC da Secretaria Municipal de Prote\u00e7\u00e3o e Defesa do Consumidor de Jo\u00e3o Pessoa (Procon-JP), na Avenida Pedro I, 382, nesta segunda-feira (9), participou de algo diferente: uma homenagem em comemora\u00e7\u00e3o ao Dia Internacional da Mulher (celebrado em 8 de mar\u00e7o), com direito a caf\u00e9 da manh\u00e3, distribui\u00e7\u00e3o de cartilha e servi\u00e7os de embelezamento, al\u00e9m do atendimento priorit\u00e1rio no Mutir\u00e3o para Negocia\u00e7\u00e3o de D\u00edvidas, que segue durante toda esta semana.<\/p>\n<figure class=\"wp-block-gallery has-nested-images columns-default is-cropped wp-block-gallery-1 is-layout-flex wp-block-gallery-is-layout-flex\">\n<figure class=\"wp-block-image size-large\"><\/figure>\n<figure class=\"wp-block-image size-large\"><\/figure>\n<figure class=\"wp-block-image size-large\"><\/figure>\n<figure class=\"wp-block-image size-large\"><\/figure>\n<figure class=\"wp-block-image size-large\"><\/figure>\n<\/figure>\n<p>A homenagem \u00e0 mulher \u00e9 uma das v\u00e1rias atividades programadas para comemorar o Dia Internacional do Consumidor no pr\u00f3ximo dia 15 de mar\u00e7o. Para o secret\u00e1rio do Procon-JP, Junior Pires, a homenagem em comemora\u00e7\u00e3o ao Dia da Mulher \u00e9 bastante pertinente uma vez que \u00e9 o sexo feminino quem mais procura o atendimento na Secretaria, seja presencial ou virtual.<\/p>\n<p>\u201cTodas as homenagens que s\u00e3o feitas \u00e0 mulher s\u00e3o mais que justificadas porque, no dia a dia, \u00e9 ela quem mais se desdobra para manter as engrenagens da sociedade bem lubrificadas e n\u00e3o \u00e9 surpresa ser maioria no que se refere \u00e0 procura dos seus direitos aqui no Procon-JP porque, via de regra, \u00e9 ela que fica de olho no or\u00e7amento da casa\u201d, afirmou o secret\u00e1rio.<\/p>\n<p>E as homenagens \u00e0s mulheres n\u00e3o param por a\u00ed. No pr\u00f3ximo dia 11, o Procon-JP se junta \u00e0 Secretaria de Pol\u00edticas P\u00fablicas para as Mulheres (SPPM) participando do I Festival Por Elas no Enfrentamento \u00e0 Viol\u00eancia, com o \u00f4nibus do servi\u00e7o itinerante realizando atendimento \u00e0s consumidoras que desejarem ou precisarem de assist\u00eancia na rela\u00e7\u00e3o de consumo, seja em forma de uma simples orienta\u00e7\u00e3o e d\u00favida ou at\u00e9 uma abertura de reclama\u00e7\u00e3o. O evento ser\u00e1 das 9h \u00e0s 20h, no Centro Cultural Mangabeira Tenente Lucena, localizado na Avenida Josefa Taveira.<\/p>\n<figure class=\"wp-block-gallery has-nested-images columns-default is-cropped wp-block-gallery-2 is-layout-flex wp-block-gallery-is-layout-flex\">\n<figure class=\"wp-block-image size-large\"><\/figure>\n<figure class=\"wp-block-image size-large\"><\/figure>\n<figure class=\"wp-block-image size-large\"><\/figure>\n<\/figure>\n<p><strong>Semana do Consumidor<\/strong> \u2013 Assim como o Mutir\u00e3o para Negocia\u00e7\u00e3o de D\u00edvidas, a homenagem \u00e0 mulher abre tamb\u00e9m as comemora\u00e7\u00f5es dedicadas o Dia Internacional do Consumidor. \u201cSer\u00e1 uma semana inteira de atividades. Teremos entrega de cestas b\u00e1sicas, sess\u00e3o especial conjunta da ALPB e da CMJP, aula pr\u00e1tica para alunos da rede municipal em um supermercado da Capital e um grande evento de encerramento no Mercado P\u00fablico de Mangabeira\u201d, informa Junior Pires.<\/p>\n<p><strong>Calend\u00e1rio das atividades:<\/strong><\/p>\n<p><strong>Dia 9\/03:<\/strong> Comemora\u00e7\u00e3o do Dia Internacional da Mulher e in\u00edcio do Mutir\u00e3o de Negocia\u00e7\u00e3o de D\u00edvidas<\/p>\n<p><strong>Dia 10\/03:<\/strong><strong> <\/strong>Distribui\u00e7\u00e3o de cestas b\u00e1sicas para fam\u00edlias em vulnerabilidade social<\/p>\n<p><strong>Dia 11\/03:<\/strong> Sess\u00e3o especial conjunta da ALPB e CMJP e atendimento em evento da Secretaria das Mulheres no bairro de Mangabeira<\/p>\n<p><strong>Dia 12\/03: <\/strong>Procon-JP leva alunos da Rede Municipal de Ensino a um supermercado<\/p>\n<p><strong>Dia 13\/03: <\/strong>Encerramento da semana com grande evento no Mercado de Mangabeira<\/p>\n<p><strong>Dia 15\/03:<\/strong> Divulga\u00e7\u00e3o do Cadastro de Reclama\u00e7\u00f5es Fundamentadas referente a 2026<\/p>\n<\/p><\/div>\n","protected":false},"excerpt":{"rendered":"<p>A consumidora que foi ao SAC da Secretaria Municipal de Prote\u00e7\u00e3o e Defesa do Consumidor de Jo\u00e3o Pessoa (Procon-JP), na<\/p>\n","protected":false},"author":2,"featured_media":0,"comment_status":"","ping_status":"","sticky":false,"template":"","format":"standard","meta":{"colormag_page_container_layout":"default_layout","colormag_page_sidebar_layout":"default_layout","footnotes":""},"categories":[1],"tags":[],"class_list":["post-62048","post","type-post","status-publish","format-standard","hentry","category-ejornais"],"aioseo_notices":[],"amp_enabled":true,"_links":{"self":[{"href":"https:\/\/ejornais.com.br\/index.php\/wp-json\/wp\/v2\/posts\/62048","targetHints":{"allow":["GET"]}}],"collection":[{"href":"https:\/\/ejornais.com.br\/index.php\/wp-json\/wp\/v2\/posts"}],"about":[{"href":"https:\/\/ejornais.com.br\/index.php\/wp-json\/wp\/v2\/types\/post"}],"author":[{"embeddable":true,"href":"https:\/\/ejornais.com.br\/index.php\/wp-json\/wp\/v2\/users\/2"}],"replies":[{"embeddable":true,"href":"https:\/\/ejornais.com.br\/index.php\/wp-json\/wp\/v2\/comments?post=62048"}],"version-history":[{"count":0,"href":"https:\/\/ejornais.com.br\/index.php\/wp-json\/wp\/v2\/posts\/62048\/revisions"}],"wp:attachment":[{"href":"https:\/\/ejornais.com.br\/index.php\/wp-json\/wp\/v2\/media?parent=62048"}],"wp:term":[{"taxonomy":"category","embeddable":true,"href":"https:\/\/ejornais.com.br\/index.php\/wp-json\/wp\/v2\/categories?post=62048"},{"taxonomy":"post_tag","embeddable":true,"href":"https:\/\/ejornais.com.br\/index.php\/wp-json\/wp\/v2\/tags?post=62048"}],"curies":[{"name":"wp","href":"https:\/\/api.w.org\/{rel}","templated":true}]}}