{"id":62079,"date":"2026-03-10T12:24:42","date_gmt":"2026-03-10T15:24:42","guid":{"rendered":"https:\/\/ejornais.com.br\/index.php\/2026\/03\/10\/agencia-minas-gerais-centro-meteorologico-permite-a-cemig-antecipar-riscos-e-planejar-resposta-a-tempestades-em-minas\/"},"modified":"2026-03-10T12:24:42","modified_gmt":"2026-03-10T15:24:42","slug":"agencia-minas-gerais-centro-meteorologico-permite-a-cemig-antecipar-riscos-e-planejar-resposta-a-tempestades-em-minas","status":"publish","type":"post","link":"https:\/\/ejornais.com.br\/index.php\/2026\/03\/10\/agencia-minas-gerais-centro-meteorologico-permite-a-cemig-antecipar-riscos-e-planejar-resposta-a-tempestades-em-minas\/","title":{"rendered":"Ag\u00eancia Minas Gerais | Centro meteorol\u00f3gico permite \u00e0 Cemig antecipar riscos e planejar resposta a tempestades em Minas"},"content":{"rendered":"<p><\/p>\n<div>\n<section class=\"news-related \/ col-md-4 col-lg-3 \/ margin-md-bottom-2 margin-left-1 \/ pull-right \/ hidden-xs hidden-sm\">\n<header>\n<p class=\"text-title-section \/ margin-bottom-1\">Relacionadas<\/p>\n<\/header>\n<p>\t\t\t\t\t\t\t<main><\/p>\n<hr class=\"row margin-md-bottom-2\"\/>\n<hr class=\"row margin-md-bottom-2\"\/>\n\t\t\t\t\t\t\t<\/main><br \/>\n\t\t\t\t\t\t<\/section>\n<p>Com o avan\u00e7o dos eventos meteorol\u00f3gicos extremos, a atua\u00e7\u00e3o preventiva passou a ser um diferencial estrat\u00e9gico no setor el\u00e9trico. Em Minas Gerais, a Companhia Energ\u00e9tica de Minas Gerais (Cemig) tem um centro meteorol\u00f3gico pr\u00f3prio, equipado com uma sala de situa\u00e7\u00e3o, que por sua vez conta com pain\u00e9is de monitoramento em tempo real, que utilizam ferramentas de monitoramento clim\u00e1tico.\u00a0<\/p>\n<p>Al\u00e9m disso, o setor conta com o radar meteorol\u00f3gico localizado em Mateus Leme, na Regi\u00e3o Metropolitana de Belo Horizonte (RMBH), e a rede de detec\u00e7\u00e3o de raios, al\u00e9m de uma equipe de meteorologistas dedicados, o que permite o acompanhamento das condi\u00e7\u00f5es clim\u00e1ticas em todo o estado com precis\u00e3o.<\/p>\n<p>A estrutura possibilita a identifica\u00e7\u00e3o antecipada de tempestades, \u00e1reas com maior incid\u00eancia de raios, volumes elevados de chuva e rajadas de vento. A partir desses dados, a companhia consegue mobilizar equipes, reposicionar recursos e refor\u00e7ar estruturas antes mesmo da ocorr\u00eancia dos eventos mais severos.<\/p>\n<p>Os boletins, avisos e alertas meteorol\u00f3gicos s\u00e3o encaminhados aos centros de opera\u00e7\u00e3o e permitem a ado\u00e7\u00e3o de medidas focadas nas regi\u00f5es mais impactadas, como a mobiliza\u00e7\u00e3o antecipada de equipes, com at\u00e9 quatro horas de anteced\u00eancia.\u00a0<\/p>\n<p>Ruany Maia, meteorologista da Cemig, explica como o setor contribui com a efici\u00eancia operacional da companhia. &#8220;Durante o per\u00edodo chuvoso, quando os riscos \u00e0 rede el\u00e9trica aumentam, esse monitoramento cont\u00ednuo favorece uma atua\u00e7\u00e3o mais r\u00e1pida e assertiva, reduzindo impactos e ampliando a seguran\u00e7a da opera\u00e7\u00e3o. A integra\u00e7\u00e3o entre meteorologia e centros de opera\u00e7\u00e3o tem se mostrado fundamental diante de um cen\u00e1rio clim\u00e1tico cada vez mais desafiador&#8221;, esclarece.\u00a0<\/p>\n<p>Em 2025, a Cemig emitiu 15,6 mil alertas meteorol\u00f3gicos e foram identificados mais de 2 milh\u00f5es de descargas atmosf\u00e9ricas em Minas Gerais, crescimento de 27,5% em rela\u00e7\u00e3o ao ano anterior. Na RMBH, o total atingiu quase 50 mil registros, sendo aproximadamente 1,9 mil apenas na capital.\u00a0<\/p>\n<p><strong>Per\u00edodo seco<\/strong><\/p>\n<p>Para reduzir o tempo de interrup\u00e7\u00e3o em ocorr\u00eancias relacionadas a queimadas, o setor de Meteorologia da Cemig desenvolveu um sistema que monitora, via dados de sat\u00e9lite, focos de calor a uma dist\u00e2ncia de at\u00e9 1,5 quil\u00f4metro das linhas de distribui\u00e7\u00e3o e de transmiss\u00e3o da companhia.\u00a0<\/p>\n<p>&#8220;O sistema recebe informa\u00e7\u00f5es de uma rede de sat\u00e9lites orbitais, que mapeiam, por meio de sensores t\u00e9rmicos, os focos de calor em todo o territ\u00f3rio mineiro. Esses dados s\u00e3o cruzados com as coordenadas georreferenciadas das linhas de distribui\u00e7\u00e3o e transmiss\u00e3o de alta tens\u00e3o&#8221;, conta Ruany Maia.\u00a0<\/p>\n<p>&#8220;A partir dessas informa\u00e7\u00f5es, as equipes s\u00e3o acionadas para realizar inspe\u00e7\u00f5es em campo e, quando necess\u00e1rio, executar a\u00e7\u00f5es preventivas, como ajustes operacionais e manobras no sistema, com o objetivo de evitar interrup\u00e7\u00f5es no fornecimento de energia&#8221;, complementa a especialista da Cemig.<\/p>\n<p>A mesma tecnologia tamb\u00e9m \u00e9 utilizada no sistema de transmiss\u00e3o, auxiliando o Centro de Opera\u00e7\u00e3o do Sistema (COS) na gest\u00e3o de ocorr\u00eancias em linhas de extra alta tens\u00e3o, tornando o restabelecimento do fornecimento mais seguro e \u00e1gil.<\/p>\n<\/p><\/div>\n","protected":false},"excerpt":{"rendered":"<p>Relacionadas Com o avan\u00e7o dos eventos meteorol\u00f3gicos extremos, a atua\u00e7\u00e3o preventiva passou a ser um diferencial estrat\u00e9gico no setor el\u00e9trico.<\/p>\n","protected":false},"author":2,"featured_media":0,"comment_status":"","ping_status":"","sticky":false,"template":"","format":"standard","meta":{"colormag_page_container_layout":"default_layout","colormag_page_sidebar_layout":"default_layout","footnotes":""},"categories":[1],"tags":[],"class_list":["post-62079","post","type-post","status-publish","format-standard","hentry","category-ejornais"],"aioseo_notices":[],"amp_enabled":true,"_links":{"self":[{"href":"https:\/\/ejornais.com.br\/index.php\/wp-json\/wp\/v2\/posts\/62079","targetHints":{"allow":["GET"]}}],"collection":[{"href":"https:\/\/ejornais.com.br\/index.php\/wp-json\/wp\/v2\/posts"}],"about":[{"href":"https:\/\/ejornais.com.br\/index.php\/wp-json\/wp\/v2\/types\/post"}],"author":[{"embeddable":true,"href":"https:\/\/ejornais.com.br\/index.php\/wp-json\/wp\/v2\/users\/2"}],"replies":[{"embeddable":true,"href":"https:\/\/ejornais.com.br\/index.php\/wp-json\/wp\/v2\/comments?post=62079"}],"version-history":[{"count":0,"href":"https:\/\/ejornais.com.br\/index.php\/wp-json\/wp\/v2\/posts\/62079\/revisions"}],"wp:attachment":[{"href":"https:\/\/ejornais.com.br\/index.php\/wp-json\/wp\/v2\/media?parent=62079"}],"wp:term":[{"taxonomy":"category","embeddable":true,"href":"https:\/\/ejornais.com.br\/index.php\/wp-json\/wp\/v2\/categories?post=62079"},{"taxonomy":"post_tag","embeddable":true,"href":"https:\/\/ejornais.com.br\/index.php\/wp-json\/wp\/v2\/tags?post=62079"}],"curies":[{"name":"wp","href":"https:\/\/api.w.org\/{rel}","templated":true}]}}