{"id":62123,"date":"2026-03-11T04:32:23","date_gmt":"2026-03-11T07:32:23","guid":{"rendered":"https:\/\/ejornais.com.br\/index.php\/2026\/03\/11\/amplifica-desta-quarta-aborda-a-saude-da-mulher-40-ifsp\/"},"modified":"2026-03-11T04:32:23","modified_gmt":"2026-03-11T07:32:23","slug":"amplifica-desta-quarta-aborda-a-saude-da-mulher-40-ifsp","status":"publish","type":"post","link":"https:\/\/ejornais.com.br\/index.php\/2026\/03\/11\/amplifica-desta-quarta-aborda-a-saude-da-mulher-40-ifsp\/","title":{"rendered":"Amplifica desta quarta aborda a sa\u00fade da mulher 40+ &#8211; IFSP"},"content":{"rendered":"<p><\/p>\n<div>\n<p>Desenvolvido\u00a0por meio de um projeto institucional com a professora Marina Kanthack Paccini Razze, o Amplifica surgiu da percep\u00e7\u00e3o da for\u00e7a da coletividade para ampliar saberes e contribuir\u00a0com o surgimento de uma sociedade mais esclarecida.<\/p>\n<p>Para isso, o projeto re\u00fane profissionais de diferentes \u00e1reas do conhecimento, que, de forma virtual, oferecem: palestras, oficinas, minicursos, rodas de conversa, mesas tem\u00e1ticas e v\u00eddeos curtos com dicas sobre temas variados e desafiadores que dizem respeito ao nosso viver, em suas m\u00faltiplas dimens\u00f5es.<\/p>\n<p>As a\u00e7\u00f5es est\u00e3o previstas para serem transmitidas semanalmente, \u00e0s quartas-feiras, \u00e0s 15h, no\u00a0canal do IFSP no YouTube. O projeto conta com o apoio da Pr\u00f3-Reitoria de Desenvolvimento Institucional.\u00a0<\/p>\n<\/div>\n","protected":false},"excerpt":{"rendered":"<p>Desenvolvido\u00a0por meio de um projeto institucional com a professora Marina Kanthack Paccini Razze, o Amplifica surgiu da percep\u00e7\u00e3o da for\u00e7a<\/p>\n","protected":false},"author":2,"featured_media":0,"comment_status":"","ping_status":"","sticky":false,"template":"","format":"standard","meta":{"colormag_page_container_layout":"default_layout","colormag_page_sidebar_layout":"default_layout","footnotes":""},"categories":[1],"tags":[],"class_list":["post-62123","post","type-post","status-publish","format-standard","hentry","category-ejornais"],"aioseo_notices":[],"amp_enabled":true,"_links":{"self":[{"href":"https:\/\/ejornais.com.br\/index.php\/wp-json\/wp\/v2\/posts\/62123","targetHints":{"allow":["GET"]}}],"collection":[{"href":"https:\/\/ejornais.com.br\/index.php\/wp-json\/wp\/v2\/posts"}],"about":[{"href":"https:\/\/ejornais.com.br\/index.php\/wp-json\/wp\/v2\/types\/post"}],"author":[{"embeddable":true,"href":"https:\/\/ejornais.com.br\/index.php\/wp-json\/wp\/v2\/users\/2"}],"replies":[{"embeddable":true,"href":"https:\/\/ejornais.com.br\/index.php\/wp-json\/wp\/v2\/comments?post=62123"}],"version-history":[{"count":0,"href":"https:\/\/ejornais.com.br\/index.php\/wp-json\/wp\/v2\/posts\/62123\/revisions"}],"wp:attachment":[{"href":"https:\/\/ejornais.com.br\/index.php\/wp-json\/wp\/v2\/media?parent=62123"}],"wp:term":[{"taxonomy":"category","embeddable":true,"href":"https:\/\/ejornais.com.br\/index.php\/wp-json\/wp\/v2\/categories?post=62123"},{"taxonomy":"post_tag","embeddable":true,"href":"https:\/\/ejornais.com.br\/index.php\/wp-json\/wp\/v2\/tags?post=62123"}],"curies":[{"name":"wp","href":"https:\/\/api.w.org\/{rel}","templated":true}]}}