{"id":62152,"date":"2026-03-11T15:03:26","date_gmt":"2026-03-11T18:03:26","guid":{"rendered":"https:\/\/ejornais.com.br\/index.php\/2026\/03\/11\/prefeitura-realiza-festival-por-elas-com-meta-de-atender-mais-de-400-mulheres\/"},"modified":"2026-03-11T15:03:26","modified_gmt":"2026-03-11T18:03:26","slug":"prefeitura-realiza-festival-por-elas-com-meta-de-atender-mais-de-400-mulheres","status":"publish","type":"post","link":"https:\/\/ejornais.com.br\/index.php\/2026\/03\/11\/prefeitura-realiza-festival-por-elas-com-meta-de-atender-mais-de-400-mulheres\/","title":{"rendered":"Prefeitura realiza \u2018Festival Por Elas\u2019 com meta de atender mais de 400 mulheres"},"content":{"rendered":"<p><\/p>\n<div>\n<p>A Prefeitura de Jo\u00e3o Pessoa, atrav\u00e9s da Secretaria de Pol\u00edticas P\u00fablicas para as Mulheres (SPPM), segue com a programa\u00e7\u00e3o especial em alus\u00e3o ao Dia Internacional da Mulher, celebrado em 8 de mar\u00e7o e realiza, nesta quarta-feira (11), o<strong> <\/strong>1\u00ba Festival Por Elas: no Enfrentamento \u00e0 Viol\u00eancia, com v\u00e1rios servi\u00e7os e cultura para as mulheres de Jo\u00e3o Pessoa. A meta \u00e9 de, at\u00e9 as 20h, concluir mais de 400 atendimentos.<\/p>\n<figure class=\"wp-block-gallery has-nested-images columns-default is-cropped wp-block-gallery-1 is-layout-flex wp-block-gallery-is-layout-flex\">\n<figure class=\"wp-block-image size-large\"><\/figure>\n<figure class=\"wp-block-image size-large\"><\/figure>\n<\/figure>\n<p>A a\u00e7\u00e3o, que tamb\u00e9m conta com o Primeiro Festival Por Elas: No Enfrentamento \u00e0 Viol\u00eancia, acontece no Centro Cultural Mangabeira Tenente Lucena, localizado na Rua Josefa Taveira, em Mangabeira, ao som da banda da Secretaria de Educa\u00e7\u00e3o e do grupo de chorinho Bulissoso.\u00a0<\/p>\n<figure class=\"wp-block-gallery has-nested-images columns-default is-cropped wp-block-gallery-2 is-layout-flex wp-block-gallery-is-layout-flex\">\n<figure class=\"wp-block-image size-large\"><\/figure>\n<figure class=\"wp-block-image size-large\"><\/figure>\n<\/figure>\n<figure class=\"wp-block-gallery has-nested-images columns-default is-cropped wp-block-gallery-3 is-layout-flex wp-block-gallery-is-layout-flex\">\n<figure class=\"wp-block-image size-large\"><\/figure>\n<figure class=\"wp-block-image size-large\"><\/figure>\n<figure class=\"wp-block-image size-large\"><\/figure>\n<\/figure>\n<p>De acordo com a secretaria interina da Pasta, Juliana Dantas, durante todo o dia est\u00e3o sendo ofertados servi\u00e7os de Sa\u00fade (vacina\u00e7\u00e3o, testes de glicemia, verifica\u00e7\u00e3o da press\u00e3o arterial), Procon, e ainda o Castram\u00f3vel, voltado aos pets. \u201cTemos tamb\u00e9m servi\u00e7os de beleza, com corte de cabelo, sobrancelha, manicure e pedicure, al\u00e9m de programas da Secretaria de Habita\u00e7\u00e3o, como reforma de im\u00f3vel, entre outros de assist\u00eancia \u00e0 mulher como o Centro de Refer\u00eancia Ednalva Bezerra, entre outros. \u00c9 uma a\u00e7\u00e3o que envolve diversas secretarias do Munic\u00edpio e empresas parceiras neste evento\u201d, detalhou.<\/p>\n<figure class=\"wp-block-gallery has-nested-images columns-default is-cropped wp-block-gallery-4 is-layout-flex wp-block-gallery-is-layout-flex\">\n<figure class=\"wp-block-image size-large\"><\/figure>\n<figure class=\"wp-block-image size-large\"><\/figure>\n<figure class=\"wp-block-image size-large\"><\/figure>\n<figure class=\"wp-block-image size-large\"><\/figure>\n<figure class=\"wp-block-image size-large\"><\/figure>\n<figure class=\"wp-block-image size-large\"><\/figure>\n<\/figure>\n<p>Albany Cunha, moradora do bairro Jos\u00e9 Am\u00e9rico, aproveitou o evento dedicado \u00e0s mulheres para fazer as unhas e os p\u00e9s e elogiou a iniciativa.\u201c\u00c9 uma oportunidade para quem sonha com um dia de beleza, uma vez que aqui podemos encontrar o servi\u00e7o sem pagar por ele. A gente se dedica muito a cuidar do lar e se esquece de ficar bonita. \u00c9 \u00f3timo para a autoestima\u201d, ressaltou.<\/p>\n<figure class=\"wp-block-gallery has-nested-images columns-default is-cropped wp-block-gallery-5 is-layout-flex wp-block-gallery-is-layout-flex\">\n<figure class=\"wp-block-image size-large\"><\/figure>\n<figure class=\"wp-block-image size-large\"><\/figure>\n<figure class=\"wp-block-image size-large\"><\/figure>\n<figure class=\"wp-block-image size-large\"><\/figure>\n<figure class=\"wp-block-image size-large\"><\/figure>\n<\/figure>\n<p>A aposentada Maria das Dores foi ao Centro Cultural Tenente Lucena com dois objetivos: fazer uma limpeza de pele e buscar informa\u00e7\u00f5es sobre o programa de reforma de im\u00f3veis ofertado pela Secretaria de Habita\u00e7\u00e3o. \u201c\u00c9 sempre bom aproveitar essa oportunidade, com a Prefeitura vindo at\u00e9 n\u00f3s, no nosso bairro\u201d, pontuou.<\/p>\n<figure class=\"wp-block-gallery has-nested-images columns-default is-cropped wp-block-gallery-6 is-layout-flex wp-block-gallery-is-layout-flex\">\n<figure class=\"wp-block-image size-large\"><\/figure>\n<figure class=\"wp-block-image size-large\"><\/figure>\n<figure class=\"wp-block-image size-large\"><\/figure>\n<figure class=\"wp-block-image size-large\"><\/figure>\n<figure class=\"wp-block-image size-large\"><\/figure>\n<figure class=\"wp-block-image size-large\"><\/figure>\n<\/figure>\n<p>Outra moradora de Mangabeira que atendeu ao chamado da Secretaria da Mulher foi a aposentada Pera Maria de Lucena. \u201cEu vim aqui em busca de servi\u00e7os de embelezamento. Vim fazer as sobrancelhas com esses profissionais maravilhosos. Amo essas a\u00e7\u00f5es porque melhoram minha autoestima e minha sa\u00fade. Precisamos de mais a\u00e7\u00f5es como esta\u201d, declarou.<\/p>\n<figure class=\"wp-block-gallery has-nested-images columns-default is-cropped wp-block-gallery-7 is-layout-flex wp-block-gallery-is-layout-flex\">\n<figure class=\"wp-block-image size-large\"><\/figure>\n<figure class=\"wp-block-image size-large\"><\/figure>\n<figure class=\"wp-block-image size-large\"><\/figure>\n<figure class=\"wp-block-image size-large\"><\/figure>\n<figure class=\"wp-block-image size-large\"><\/figure>\n<figure class=\"wp-block-image size-large\"><\/figure>\n<figure class=\"wp-block-image size-large\"><\/figure>\n<\/figure>\n<p>As a\u00e7\u00f5es da Secretaria de Pol\u00edticas P\u00fablicas para Mulheres de Jo\u00e3o Pessoa come\u00e7aram segunda-feira (9) com uma ampla programa\u00e7\u00e3o em homenagem \u00e0s mulheres e v\u00e3o at\u00e9 o dia 20, com a exposi\u00e7\u00e3o Por Elas: Enfrentamento \u00e0 Viol\u00eancia, nos halls dos shoppings Mangabeira e Mana\u00edra, com visita\u00e7\u00e3o at\u00e9 22h. As mostras s\u00e3o em forma banners e cartazes onde constam frases que fazem parte do dia-a-dia de uma rela\u00e7\u00e3o t\u00f3xica contra as mulheres, a exemplo de Voc\u00ea Apanha porque Merece, Veja o Que Voc\u00ea Fez, A Culpa \u00e9 Sua e outras, relatando as diferentes formas como a viol\u00eancia se manifesta.<\/p>\n<p>Participam das a\u00e7\u00f5es as secretarias de Habita\u00e7\u00e3o (Semhab); Desenvolvimento Social (Sedes); Sa\u00fade; Participa\u00e7\u00e3o Popular (SEPP); Funda\u00e7\u00e3o Cultural de Jo\u00e3o Pessoa (Funjope); Meio Ambiente (Semam); Direitos Humanos e Cidadania (Sedhuc); Educa\u00e7\u00e3o e Cultura (Sedec); Prote\u00e7\u00e3o e Defesa do Consumidor (Procon); Sistema Nacional de Empregos de Jo\u00e3o Pessoa (Sine) e Comunica\u00e7\u00e3o (Secom).<\/p>\n<\/p><\/div>\n","protected":false},"excerpt":{"rendered":"<p>A Prefeitura de Jo\u00e3o Pessoa, atrav\u00e9s da Secretaria de Pol\u00edticas P\u00fablicas para as Mulheres (SPPM), segue com a programa\u00e7\u00e3o especial<\/p>\n","protected":false},"author":2,"featured_media":0,"comment_status":"","ping_status":"","sticky":false,"template":"","format":"standard","meta":{"colormag_page_container_layout":"default_layout","colormag_page_sidebar_layout":"default_layout","footnotes":""},"categories":[1],"tags":[],"class_list":["post-62152","post","type-post","status-publish","format-standard","hentry","category-ejornais"],"aioseo_notices":[],"amp_enabled":true,"_links":{"self":[{"href":"https:\/\/ejornais.com.br\/index.php\/wp-json\/wp\/v2\/posts\/62152","targetHints":{"allow":["GET"]}}],"collection":[{"href":"https:\/\/ejornais.com.br\/index.php\/wp-json\/wp\/v2\/posts"}],"about":[{"href":"https:\/\/ejornais.com.br\/index.php\/wp-json\/wp\/v2\/types\/post"}],"author":[{"embeddable":true,"href":"https:\/\/ejornais.com.br\/index.php\/wp-json\/wp\/v2\/users\/2"}],"replies":[{"embeddable":true,"href":"https:\/\/ejornais.com.br\/index.php\/wp-json\/wp\/v2\/comments?post=62152"}],"version-history":[{"count":0,"href":"https:\/\/ejornais.com.br\/index.php\/wp-json\/wp\/v2\/posts\/62152\/revisions"}],"wp:attachment":[{"href":"https:\/\/ejornais.com.br\/index.php\/wp-json\/wp\/v2\/media?parent=62152"}],"wp:term":[{"taxonomy":"category","embeddable":true,"href":"https:\/\/ejornais.com.br\/index.php\/wp-json\/wp\/v2\/categories?post=62152"},{"taxonomy":"post_tag","embeddable":true,"href":"https:\/\/ejornais.com.br\/index.php\/wp-json\/wp\/v2\/tags?post=62152"}],"curies":[{"name":"wp","href":"https:\/\/api.w.org\/{rel}","templated":true}]}}