{"id":62175,"date":"2026-03-11T22:34:28","date_gmt":"2026-03-12T01:34:28","guid":{"rendered":"https:\/\/ejornais.com.br\/index.php\/2026\/03\/11\/cpmi-pede-ao-stf-revisao-de-decisao-que-barrou-depoimento-de-vorcaro\/"},"modified":"2026-03-11T22:34:28","modified_gmt":"2026-03-12T01:34:28","slug":"cpmi-pede-ao-stf-revisao-de-decisao-que-barrou-depoimento-de-vorcaro","status":"publish","type":"post","link":"https:\/\/ejornais.com.br\/index.php\/2026\/03\/11\/cpmi-pede-ao-stf-revisao-de-decisao-que-barrou-depoimento-de-vorcaro\/","title":{"rendered":"CPMI pede ao STF revis\u00e3o de decis\u00e3o que barrou depoimento de Vorcaro"},"content":{"rendered":"<p> Por MRNews<br \/>\n<\/p>\n<div wp_automatic_readability=\"61.689438555163\">\n<p><strong>O presidente da Comiss\u00e3o Parlamentar Mista de Inqu\u00e9rito (CPMI) do INSS, senador Carlos Viana (Podemos-MG), se reuniu nesta quarta-feira (11) com o ministro Andr\u00e9 Mendon\u00e7a, do Supremo Tribunal Federal (STF), e defendeu a revis\u00e3o das decis\u00f5es que impediram depoimentos de investigados e testemunhas na comiss\u00e3o, entre eles, o banqueiro Daniel Vorcaro, dono do Banco Master.\u00a0<\/strong><\/p>\n<p><strong>Segundo Viana, Mendon\u00e7a disse que deve liberar para julgamento colegiado os recursos apresentados pela CPMI para que Vorcaro e outros acusados prestem depoimento.<\/strong> No m\u00eas passado, o ministro facultou o depoimento do banqueiro.\u00a0<\/p>\n<blockquote wp_automatic_readability=\"10.080862533693\">\n<p>\u201cPara n\u00f3s, \u00e9 uma quest\u00e3o de honra o comparecimento [de Vorcaro] na CPI. Vai \u00e0 CPMI e ser\u00e1 tratado como uma pessoa normal, comum, como todos os outros foram, com declara\u00e7\u00f5es a serem dadas\u201d, afirmou o senador.\u00a0<\/p>\n<p><strong><a href=\"https:\/\/mrnews.com.br\/index.php\/2026\/03\/11\/apos-juiz-decretar-prisao-mae-da-filha-de-andre-goncalves-desabafa-sobre-o-ator\/\">Ap\u00f3s Juiz decretar pris\u00e3o, m\u00e3e da filha de Andr\u00e9 Gon\u00e7alves desabafa sobre o ator<\/a><\/strong><\/p>\n<p><strong><a href=\"https:\/\/mrnews.com.br\/index.php\/2026\/03\/11\/brasil-obtem-resultado-melhor-em-ranking-da-ocde-de-dados-abertos\/\">Brasil obt\u00e9m resultado melhor em ranking da OCDE de dados abertos<\/a><\/strong><\/p>\n<\/blockquote>\n<p>O banqueiro foi chamado para explicar o suposto envolvimento do Master com empres\u00e1rio consignados ilegais a aposentados e pensionistas do INSS.\u00a0<\/p>\n<p>Em entrevista ap\u00f3s a reuni\u00e3o com o ministro, o presidente da Comiss\u00e3o tamb\u00e9m criticou a decis\u00e3o do ministro Fl\u00e1vio Dino que autorizou a presidente do Palmeiras e da Crefisa, Leila Pereira, a desmarcar o depoimento que prestaria como testemunha nesta quinta-feira (12).<\/p>\n<p><strong>Amparada pela decis\u00e3o, Leila informou que n\u00e3o vai comparecer \u00e0 CPMI amanh\u00e3.<\/strong>\u00a0Contudo, novo depoimento foi agendado para a pr\u00f3xima quarta-feira (18).<\/p>\n<p>\u201c\u00c9 mais uma decis\u00e3o que mostra a invas\u00e3o de prerrogativas, o desrespeito ao nosso trabalho, porque vir ao Congresso Nacional \u00e9 mais importante que uma agenda pessoal. O ministro nos determina que marquemos uma nova data para uma testemunha. N\u00f3s precisamos, no Congresso, tomar um posicionamento\u201d, comentou.\u00a0<\/p>\n<p><strong><a href=\"https:\/\/mrnews.com.br\/index.php\/2026\/03\/11\/filha-da-atriz-nair-bello-morre-aos-69-anos-apos-enfrentar-doenca-de-longa-data\/\">Filha da atriz Nair Bello morre aos 69 anos ap\u00f3s enfrentar doen\u00e7a de longa data<\/a><\/strong><\/p>\n<p><strong><a href=\"https:\/\/mrnews.com.br\/index.php\/2026\/03\/11\/policia-de-sp-investiga-denuncia-de-estupro-coletivo-em-escola\/\">Pol\u00edcia de SP investiga den\u00fancia de estupro coletivo em escola<\/a><\/strong><\/p>\n<h2>Vazamentos<\/h2>\n<p>O senador tamb\u00e9m afirmou que a comiss\u00e3o n\u00e3o foi respons\u00e1vel pelo vazamento dos dados\u00a0dos sigilos banc\u00e1rio, fiscal e telem\u00e1tico de Vorcaro. Na semana passada, Mendon\u00e7a determinou que a Pol\u00edcia Federal abra um inqu\u00e9rito para investigar o caso.\u00a0<\/p>\n<p>\u201cA CPI n\u00e3o tem qualquer responsabilidade oficial, porque n\u00f3s n\u00e3o temos a maioria dos documentos que foram vazados. Temos a responsabilidade funcional em guardar tudo aquilo que nos tem sido colocado\u201d, afirmou.<\/p>\n<\/div>\n","protected":false},"excerpt":{"rendered":"<p>Por MRNews O presidente da Comiss\u00e3o Parlamentar Mista de Inqu\u00e9rito (CPMI) do INSS, senador Carlos Viana (Podemos-MG), se reuniu nesta<\/p>\n","protected":false},"author":2,"featured_media":0,"comment_status":"","ping_status":"","sticky":false,"template":"","format":"standard","meta":{"colormag_page_container_layout":"default_layout","colormag_page_sidebar_layout":"default_layout","footnotes":""},"categories":[1],"tags":[],"class_list":["post-62175","post","type-post","status-publish","format-standard","hentry","category-ejornais"],"aioseo_notices":[],"amp_enabled":true,"_links":{"self":[{"href":"https:\/\/ejornais.com.br\/index.php\/wp-json\/wp\/v2\/posts\/62175","targetHints":{"allow":["GET"]}}],"collection":[{"href":"https:\/\/ejornais.com.br\/index.php\/wp-json\/wp\/v2\/posts"}],"about":[{"href":"https:\/\/ejornais.com.br\/index.php\/wp-json\/wp\/v2\/types\/post"}],"author":[{"embeddable":true,"href":"https:\/\/ejornais.com.br\/index.php\/wp-json\/wp\/v2\/users\/2"}],"replies":[{"embeddable":true,"href":"https:\/\/ejornais.com.br\/index.php\/wp-json\/wp\/v2\/comments?post=62175"}],"version-history":[{"count":0,"href":"https:\/\/ejornais.com.br\/index.php\/wp-json\/wp\/v2\/posts\/62175\/revisions"}],"wp:attachment":[{"href":"https:\/\/ejornais.com.br\/index.php\/wp-json\/wp\/v2\/media?parent=62175"}],"wp:term":[{"taxonomy":"category","embeddable":true,"href":"https:\/\/ejornais.com.br\/index.php\/wp-json\/wp\/v2\/categories?post=62175"},{"taxonomy":"post_tag","embeddable":true,"href":"https:\/\/ejornais.com.br\/index.php\/wp-json\/wp\/v2\/tags?post=62175"}],"curies":[{"name":"wp","href":"https:\/\/api.w.org\/{rel}","templated":true}]}}