{"id":62201,"date":"2026-03-12T10:43:27","date_gmt":"2026-03-12T13:43:27","guid":{"rendered":"https:\/\/ejornais.com.br\/index.php\/2026\/03\/12\/inflacao-oficial-recua-para-381-com-variacao-de-07-em-fevereiro\/"},"modified":"2026-03-12T10:43:27","modified_gmt":"2026-03-12T13:43:27","slug":"inflacao-oficial-recua-para-381-com-variacao-de-07-em-fevereiro","status":"publish","type":"post","link":"https:\/\/ejornais.com.br\/index.php\/2026\/03\/12\/inflacao-oficial-recua-para-381-com-variacao-de-07-em-fevereiro\/","title":{"rendered":"Infla\u00e7\u00e3o oficial recua para 3,81%, com varia\u00e7\u00e3o de 0,7% em fevereiro"},"content":{"rendered":"<p> Por MRNews<br \/>\n<\/p>\n<div wp_automatic_readability=\"168.1425800194\">\n<p><strong>O \u00cdndice Nacional de Pre\u00e7os ao Consumidor Amplo (IPCA)\u00a0acelerou de 0,33%\u00a0em janeiro para 0,7% em fevereiro, maior taxa desde fevereiro de 2025 (1,31%).<\/strong><\/p>\n<p>Os dados foram divulgados nesta quinta-feira (12) pelo Instituto Brasileiro de Geografia e Estat\u00edstica (IBGE).<\/p>\n<p>A maior varia\u00e7\u00e3o e impacto foram registrados no grupo Educa\u00e7\u00e3o (5,21%), devido aos reajustes anuais das mensalidades de escolas e cursos. <strong>Junto com a alta no grupo Transportes, os dois grupos representaram aproximadamente 66% do resultado do m\u00eas.<\/strong><\/p>\n<p><strong><a href=\"https:\/\/mrnews.com.br\/index.php\/2026\/03\/12\/chuva-provoca-desalojamentos-e-inundacoes-em-peruibe-litoral-de-sp\/\">Chuva provoca desalojamentos e inunda\u00e7\u00f5es em Peru\u00edbe, litoral de SP<\/a><\/strong><\/p>\n<p><strong><a href=\"https:\/\/mrnews.com.br\/index.php\/2026\/03\/12\/camara-comissao-de-direitos-da-mulher-elege-primeira-presidente-trans\/\">C\u00e2mara: Comiss\u00e3o de Direitos da Mulher elege primeira presidente trans<\/a><\/strong><\/p>\n<p>No ano, o IPCA acumula alta de 1,03% e, nos \u00faltimos doze meses, o \u00edndice ficou em 3,81%, abaixo dos 4,44% dos 12 meses imediatamente anteriores. <strong>A infla\u00e7\u00e3o oficial est\u00e1 dentro do limite m\u00e1ximo de toler\u00e2ncia da meta do governo.<\/strong><\/p>\n<p><strong>O gerente da pesquisa, Fernando Gon\u00e7alves, explica que, embora mais alto que em meses anteriores, o resultado \u00e9 o menor para um m\u00eas de fevereiro desde 2020 (0,25%).<\/strong><\/p>\n<blockquote wp_automatic_readability=\"12\">\n<p>\u201cEm fevereiro do ano passado, no IPCA de 1,31% houve uma press\u00e3o do grupo Habita\u00e7\u00e3o, em especial na energia el\u00e9trica, em fun\u00e7\u00e3o do fim do B\u00f4nus de Itaipu, o que n\u00e3o ocorreu no ano de 2026.\u201d<\/p>\n<\/blockquote>\n<p>\u201cAinda na compara\u00e7\u00e3o com o ano anterior, Educa\u00e7\u00e3o acelerou ao registrar 5,21% em fevereiro de 2026 contra 4,7% de fevereiro de 2025\u201d, acrescentou.<\/p>\n<p><strong><a href=\"https:\/\/mrnews.com.br\/index.php\/2026\/03\/12\/apos-voltar-do-paredao-milena-confronta-cowboy-e-clima-esquenta-no-bbb26\/\">Ap\u00f3s voltar do Pared\u00e3o, Milena confronta Cowboy e clima esquenta no BBB26<\/a><\/strong><\/p>\n<p><strong><a href=\"https:\/\/mrnews.com.br\/index.php\/2026\/03\/12\/mostra-tiradentes-leva-filmes-ineditos-a-capital-paulista\/\">Mostra Tiradentes leva filmes in\u00e9ditos \u00e0 capital paulista<\/a><\/strong><\/p>\n<p>Segundo o IBGE, o grupo Educa\u00e7\u00e3o respondeu por cerca de 44% do IPCA de fevereiro. <strong>A maior contribui\u00e7\u00e3o veio dos cursos regulares (6,2%), por conta dos reajustes habitualmente praticados no in\u00edcio do ano letivo. <\/strong>As maiores varia\u00e7\u00f5es foram nos subitens ensino m\u00e9dio (8,19%), ensino fundamental (8,11%) e pr\u00e9-escola (7,48%).<\/p>\n<p><strong>O grupo Alimenta\u00e7\u00e3o e bebidas teve pequena varia\u00e7\u00e3o na passagem de janeiro (0,23%) para fevereiro (0,26%). <\/strong>A alimenta\u00e7\u00e3o no domic\u00edlio registrou varia\u00e7\u00e3o de 0,23% frente a 0,10% do m\u00eas anterior, com influ\u00eancia das altas do a\u00e7a\u00ed (25,29%), do feij\u00e3o carioca (11,73%), do ovo de galinha (4,55%) e das carnes (0,58%).<\/p>\n<p>Pelo lado das quedas, os destaques s\u00e3o as frutas (-2,78%), o \u00f3leo de soja (-2,62%), o arroz (-2,36%) e o caf\u00e9 mo\u00eddo (-1,20%). J\u00e1 a alimenta\u00e7\u00e3o fora do domic\u00edlio (0,34%) desacelerou em rela\u00e7\u00e3o ao m\u00eas anterior (0,55%). A refei\u00e7\u00e3o saiu de 0,66% em janeiro, para 0,49% em fevereiro, e o lanche passou de 0,27% para 0,15% no mesmo per\u00edodo.<\/p>\n<p>Segundo o gerente da pesquisa, o grupo dos alimentos variou 0,26% em fevereiro, mostrando desacelera\u00e7\u00e3o na compara\u00e7\u00e3o com fevereiro de 2025, quando registrou influ\u00eancia da alta do ovo de galinha (15,39%) e do caf\u00e9 mo\u00eddo (10,77%).<\/p>\n<p>No \u00edndice atual, tais subitens desaceleraram para 4,55% (ovo de galinha) e -1,20% (caf\u00e9), oitavo m\u00eas seguido de retra\u00e7\u00e3o nos pre\u00e7os deste subitem, que acumula 10,13% de varia\u00e7\u00e3o nos \u00faltimos 12 meses.<\/p>\n<blockquote wp_automatic_readability=\"10\">\n<p>\u201cAl\u00e9m desses produtos o arroz, importante na mesa dos brasileiros, j\u00e1 acumula queda de 27,86% em 12 meses dada a boa oferta do cereal\u201d, disse Gon\u00e7alves.<\/p>\n<\/blockquote>\n<p><strong>No grupo Transportes, chamou a aten\u00e7\u00e3o o aumento de 11,4% na passagem a\u00e9rea. Tamb\u00e9m registraram altas o seguro volunt\u00e1rio de ve\u00edculos (5,62%), o conserto de autom\u00f3vel (1,22%) e o \u00f4nibus urbano (1,14%).<\/strong><\/p>\n<p>Nos combust\u00edveis, o \u00edndice ficou em -0,47%, com quedas na gasolina (-0,61%) e no g\u00e1s veicular (-3,10%), e altas no etanol (0,55%) e no \u00f3leo diesel (0,23%).<\/p>\n<h2>INPC<\/h2>\n<p><strong>De acordo com o IBGE, o \u00cdndice Nacional de Pre\u00e7os ao Consumidor (INPC) teve alta de 0,56% em fevereiro, 0,17 ponto percentual. acima do resultado observado em janeiro (0,39%). <\/strong><\/p>\n<p>No ano, o INPC acumula alta de 0,95% e, nos \u00faltimos 12 meses, o \u00edndice ficou em 3,36%, abaixo dos 4,30% dos 12 meses imediatamente anteriores. Em fevereiro de 2025, a taxa foi de 1,48%.<\/p>\n<p>Os produtos aliment\u00edcios aceleraram de janeiro (0,14%) para fevereiro (0,26%). A varia\u00e7\u00e3o dos n\u00e3o aliment\u00edcios passou de 0,47% em janeiro para 0,66% em fevereiro.<\/p>\n<p>\u00a0<\/p>\n<\/div>\n","protected":false},"excerpt":{"rendered":"<p>Por MRNews O \u00cdndice Nacional de Pre\u00e7os ao Consumidor Amplo (IPCA)\u00a0acelerou de 0,33%\u00a0em janeiro para 0,7% em fevereiro, maior taxa<\/p>\n","protected":false},"author":2,"featured_media":0,"comment_status":"","ping_status":"","sticky":false,"template":"","format":"standard","meta":{"colormag_page_container_layout":"default_layout","colormag_page_sidebar_layout":"default_layout","footnotes":""},"categories":[1],"tags":[],"class_list":["post-62201","post","type-post","status-publish","format-standard","hentry","category-ejornais"],"aioseo_notices":[],"aioseo_head":"\n\t\t<!-- All in One SEO 5.0.1.1 - aioseo.com -->\n\t<meta name=\"description\" content=\"Por MRNews O \u00cdndice Nacional de Pre\u00e7os ao Consumidor Amplo (IPCA) acelerou de 0,33% em janeiro para 0,7% em fevereiro, maior taxa desde fevereiro de 2025 (1,31%). Os dados foram divulgados nesta quinta-feira (12) pelo Instituto Brasileiro de Geografia e Estat\u00edstica (IBGE). A maior varia\u00e7\u00e3o e impacto foram registrados no grupo Educa\u00e7\u00e3o (5,21%), devido aos reajustes anuais\" \/>\n\t<meta name=\"robots\" content=\"max-image-preview:large\" \/>\n\t<meta name=\"author\" content=\"admin1\"\/>\n\t<link rel=\"canonical\" href=\"https:\/\/ejornais.com.br\/index.php\/2026\/03\/12\/inflacao-oficial-recua-para-381-com-variacao-de-07-em-fevereiro\/\" \/>\n\t<meta name=\"generator\" content=\"All in One SEO (AIOSEO) 5.0.1.1\" \/>\n\t\t<meta property=\"og:locale\" content=\"pt_BR\" \/>\n\t\t<meta property=\"og:site_name\" content=\"eJornais - Cat\u00e1logo de Jornais no mundo, Not\u00edcias, Blog e Esportes ao vivo\" \/>\n\t\t<meta property=\"og:type\" content=\"article\" \/>\n\t\t<meta property=\"og:title\" content=\"Infla\u00e7\u00e3o oficial recua para 3,81%, com varia\u00e7\u00e3o de 0,7% em fevereiro - eJornais\" \/>\n\t\t<meta property=\"og:description\" content=\"Por MRNews O \u00cdndice Nacional de Pre\u00e7os ao Consumidor Amplo (IPCA) acelerou de 0,33% em janeiro para 0,7% em fevereiro, maior taxa desde fevereiro de 2025 (1,31%). Os dados foram divulgados nesta quinta-feira (12) pelo Instituto Brasileiro de Geografia e Estat\u00edstica (IBGE). A maior varia\u00e7\u00e3o e impacto foram registrados no grupo Educa\u00e7\u00e3o (5,21%), devido aos reajustes anuais\" \/>\n\t\t<meta property=\"og:url\" content=\"https:\/\/ejornais.com.br\/index.php\/2026\/03\/12\/inflacao-oficial-recua-para-381-com-variacao-de-07-em-fevereiro\/\" \/>\n\t\t<meta property=\"article:published_time\" content=\"2026-03-12T13:43:27+00:00\" \/>\n\t\t<meta property=\"article:modified_time\" content=\"2026-03-12T13:43:27+00:00\" \/>\n\t\t<meta name=\"twitter:card\" content=\"summary_large_image\" \/>\n\t\t<meta name=\"twitter:title\" content=\"Infla\u00e7\u00e3o oficial recua para 3,81%, com varia\u00e7\u00e3o de 0,7% em fevereiro - eJornais\" \/>\n\t\t<meta name=\"twitter:description\" content=\"Por MRNews O \u00cdndice Nacional de Pre\u00e7os ao Consumidor Amplo (IPCA) acelerou de 0,33% em janeiro para 0,7% em fevereiro, maior taxa desde fevereiro de 2025 (1,31%). Os dados foram divulgados nesta quinta-feira (12) pelo Instituto Brasileiro de Geografia e Estat\u00edstica (IBGE). A maior varia\u00e7\u00e3o e impacto foram registrados no grupo Educa\u00e7\u00e3o (5,21%), devido aos reajustes anuais\" \/>\n\t\t<script type=\"application\/ld+json\" class=\"aioseo-schema\">\n\t\t\t{\"@context\":\"https:\\\/\\\/schema.org\",\"@graph\":[{\"@type\":\"BlogPosting\",\"@id\":\"https:\\\/\\\/ejornais.com.br\\\/index.php\\\/2026\\\/03\\\/12\\\/inflacao-oficial-recua-para-381-com-variacao-de-07-em-fevereiro\\\/#blogposting\",\"name\":\"Infla\\u00e7\\u00e3o oficial recua para 3,81%, com varia\\u00e7\\u00e3o de 0,7% em fevereiro - eJornais\",\"headline\":\"Infla\\u00e7\\u00e3o oficial recua para 3,81%, com varia\\u00e7\\u00e3o de 0,7% em fevereiro\",\"author\":{\"@id\":\"https:\\\/\\\/ejornais.com.br\\\/index.php\\\/author\\\/admin1\\\/#author\"},\"publisher\":{\"@id\":\"https:\\\/\\\/ejornais.com.br\\\/#organization\"},\"datePublished\":\"2026-03-12T10:43:27-03:00\",\"dateModified\":\"2026-03-12T10:43:27-03:00\",\"inLanguage\":\"pt-BR\",\"mainEntityOfPage\":{\"@id\":\"https:\\\/\\\/ejornais.com.br\\\/index.php\\\/2026\\\/03\\\/12\\\/inflacao-oficial-recua-para-381-com-variacao-de-07-em-fevereiro\\\/#webpage\"},\"isPartOf\":{\"@id\":\"https:\\\/\\\/ejornais.com.br\\\/index.php\\\/2026\\\/03\\\/12\\\/inflacao-oficial-recua-para-381-com-variacao-de-07-em-fevereiro\\\/#webpage\"},\"articleSection\":\"Cat\\u00e1logo de Jornais\"},{\"@type\":\"BreadcrumbList\",\"@id\":\"https:\\\/\\\/ejornais.com.br\\\/index.php\\\/2026\\\/03\\\/12\\\/inflacao-oficial-recua-para-381-com-variacao-de-07-em-fevereiro\\\/#breadcrumblist\",\"itemListElement\":[{\"@type\":\"ListItem\",\"@id\":\"https:\\\/\\\/ejornais.com.br#listItem\",\"position\":1,\"name\":\"In\\u00edcio\",\"item\":\"https:\\\/\\\/ejornais.com.br\",\"nextItem\":{\"@type\":\"ListItem\",\"@id\":\"https:\\\/\\\/ejornais.com.br\\\/index.php\\\/category\\\/ejornais\\\/#listItem\",\"name\":\"Cat\\u00e1logo de Jornais\"}},{\"@type\":\"ListItem\",\"@id\":\"https:\\\/\\\/ejornais.com.br\\\/index.php\\\/category\\\/ejornais\\\/#listItem\",\"position\":2,\"name\":\"Cat\\u00e1logo de Jornais\",\"item\":\"https:\\\/\\\/ejornais.com.br\\\/index.php\\\/category\\\/ejornais\\\/\",\"nextItem\":{\"@type\":\"ListItem\",\"@id\":\"https:\\\/\\\/ejornais.com.br\\\/index.php\\\/2026\\\/03\\\/12\\\/inflacao-oficial-recua-para-381-com-variacao-de-07-em-fevereiro\\\/#listItem\",\"name\":\"Infla\\u00e7\\u00e3o oficial recua para 3,81%, com varia\\u00e7\\u00e3o de 0,7% em fevereiro\"},\"previousItem\":{\"@type\":\"ListItem\",\"@id\":\"https:\\\/\\\/ejornais.com.br#listItem\",\"name\":\"In\\u00edcio\"}},{\"@type\":\"ListItem\",\"@id\":\"https:\\\/\\\/ejornais.com.br\\\/index.php\\\/2026\\\/03\\\/12\\\/inflacao-oficial-recua-para-381-com-variacao-de-07-em-fevereiro\\\/#listItem\",\"position\":3,\"name\":\"Infla\\u00e7\\u00e3o oficial recua para 3,81%, com varia\\u00e7\\u00e3o de 0,7% em fevereiro\",\"previousItem\":{\"@type\":\"ListItem\",\"@id\":\"https:\\\/\\\/ejornais.com.br\\\/index.php\\\/category\\\/ejornais\\\/#listItem\",\"name\":\"Cat\\u00e1logo de Jornais\"}}]},{\"@type\":\"Organization\",\"@id\":\"https:\\\/\\\/ejornais.com.br\\\/#organization\",\"name\":\"eJornais\",\"description\":\"Cat\\u00e1logo de Jornais no mundo, Not\\u00edcias, Blog e Esportes ao vivo\",\"url\":\"https:\\\/\\\/ejornais.com.br\\\/\"},{\"@type\":\"Person\",\"@id\":\"https:\\\/\\\/ejornais.com.br\\\/index.php\\\/author\\\/admin1\\\/#author\",\"url\":\"https:\\\/\\\/ejornais.com.br\\\/index.php\\\/author\\\/admin1\\\/\",\"name\":\"admin1\",\"image\":{\"@type\":\"ImageObject\",\"@id\":\"https:\\\/\\\/ejornais.com.br\\\/index.php\\\/2026\\\/03\\\/12\\\/inflacao-oficial-recua-para-381-com-variacao-de-07-em-fevereiro\\\/#authorImage\",\"url\":\"https:\\\/\\\/secure.gravatar.com\\\/avatar\\\/04084e6d73c042b8646e7c17b494073bf0ede3ea13c7105cfc45cbbbc28385a4?s=96&d=mm&r=g\",\"width\":96,\"height\":96,\"caption\":\"admin1\"}},{\"@type\":\"WebPage\",\"@id\":\"https:\\\/\\\/ejornais.com.br\\\/index.php\\\/2026\\\/03\\\/12\\\/inflacao-oficial-recua-para-381-com-variacao-de-07-em-fevereiro\\\/#webpage\",\"url\":\"https:\\\/\\\/ejornais.com.br\\\/index.php\\\/2026\\\/03\\\/12\\\/inflacao-oficial-recua-para-381-com-variacao-de-07-em-fevereiro\\\/\",\"name\":\"Infla\\u00e7\\u00e3o oficial recua para 3,81%, com varia\\u00e7\\u00e3o de 0,7% em fevereiro - eJornais\",\"description\":\"Por MRNews O \\u00cdndice Nacional de Pre\\u00e7os ao Consumidor Amplo (IPCA) acelerou de 0,33% em janeiro para 0,7% em fevereiro, maior taxa desde fevereiro de 2025 (1,31%). Os dados foram divulgados nesta quinta-feira (12) pelo Instituto Brasileiro de Geografia e Estat\\u00edstica (IBGE). A maior varia\\u00e7\\u00e3o e impacto foram registrados no grupo Educa\\u00e7\\u00e3o (5,21%), devido aos reajustes anuais\",\"inLanguage\":\"pt-BR\",\"isPartOf\":{\"@id\":\"https:\\\/\\\/ejornais.com.br\\\/#website\"},\"breadcrumb\":{\"@id\":\"https:\\\/\\\/ejornais.com.br\\\/index.php\\\/2026\\\/03\\\/12\\\/inflacao-oficial-recua-para-381-com-variacao-de-07-em-fevereiro\\\/#breadcrumblist\"},\"author\":{\"@id\":\"https:\\\/\\\/ejornais.com.br\\\/index.php\\\/author\\\/admin1\\\/#author\"},\"creator\":{\"@id\":\"https:\\\/\\\/ejornais.com.br\\\/index.php\\\/author\\\/admin1\\\/#author\"},\"datePublished\":\"2026-03-12T10:43:27-03:00\",\"dateModified\":\"2026-03-12T10:43:27-03:00\"},{\"@type\":\"WebSite\",\"@id\":\"https:\\\/\\\/ejornais.com.br\\\/#website\",\"url\":\"https:\\\/\\\/ejornais.com.br\\\/\",\"name\":\"eJornais\",\"description\":\"Cat\\u00e1logo de Jornais no mundo, Not\\u00edcias, Blog e Esportes ao vivo\",\"inLanguage\":\"pt-BR\",\"publisher\":{\"@id\":\"https:\\\/\\\/ejornais.com.br\\\/#organization\"}}]}\n\t\t<\/script>\n\t\t<!-- All in One SEO -->\n\n","aioseo_head_json":{"title":"Infla\u00e7\u00e3o oficial recua para 3,81%, com varia\u00e7\u00e3o de 0,7% em fevereiro - eJornais","description":"Por MRNews O \u00cdndice Nacional de Pre\u00e7os ao Consumidor Amplo (IPCA) acelerou de 0,33% em janeiro para 0,7% em fevereiro, maior taxa desde fevereiro de 2025 (1,31%). Os dados foram divulgados nesta quinta-feira (12) pelo Instituto Brasileiro de Geografia e Estat\u00edstica (IBGE). A maior varia\u00e7\u00e3o e impacto foram registrados no grupo Educa\u00e7\u00e3o (5,21%), devido aos reajustes anuais","canonical_url":"https:\/\/ejornais.com.br\/index.php\/2026\/03\/12\/inflacao-oficial-recua-para-381-com-variacao-de-07-em-fevereiro\/","robots":"max-image-preview:large","keywords":"","webmasterTools":{"miscellaneous":""},"schema":{"@context":"https:\/\/schema.org","@graph":[{"@type":"BlogPosting","@id":"https:\/\/ejornais.com.br\/index.php\/2026\/03\/12\/inflacao-oficial-recua-para-381-com-variacao-de-07-em-fevereiro\/#blogposting","name":"Infla\u00e7\u00e3o oficial recua para 3,81%, com varia\u00e7\u00e3o de 0,7% em fevereiro - eJornais","headline":"Infla\u00e7\u00e3o oficial recua para 3,81%, com varia\u00e7\u00e3o de 0,7% em fevereiro","author":{"@id":"https:\/\/ejornais.com.br\/index.php\/author\/admin1\/#author"},"publisher":{"@id":"https:\/\/ejornais.com.br\/#organization"},"datePublished":"2026-03-12T10:43:27-03:00","dateModified":"2026-03-12T10:43:27-03:00","inLanguage":"pt-BR","mainEntityOfPage":{"@id":"https:\/\/ejornais.com.br\/index.php\/2026\/03\/12\/inflacao-oficial-recua-para-381-com-variacao-de-07-em-fevereiro\/#webpage"},"isPartOf":{"@id":"https:\/\/ejornais.com.br\/index.php\/2026\/03\/12\/inflacao-oficial-recua-para-381-com-variacao-de-07-em-fevereiro\/#webpage"},"articleSection":"Cat\u00e1logo de Jornais"},{"@type":"BreadcrumbList","@id":"https:\/\/ejornais.com.br\/index.php\/2026\/03\/12\/inflacao-oficial-recua-para-381-com-variacao-de-07-em-fevereiro\/#breadcrumblist","itemListElement":[{"@type":"ListItem","@id":"https:\/\/ejornais.com.br#listItem","position":1,"name":"In\u00edcio","item":"https:\/\/ejornais.com.br","nextItem":{"@type":"ListItem","@id":"https:\/\/ejornais.com.br\/index.php\/category\/ejornais\/#listItem","name":"Cat\u00e1logo de Jornais"}},{"@type":"ListItem","@id":"https:\/\/ejornais.com.br\/index.php\/category\/ejornais\/#listItem","position":2,"name":"Cat\u00e1logo de Jornais","item":"https:\/\/ejornais.com.br\/index.php\/category\/ejornais\/","nextItem":{"@type":"ListItem","@id":"https:\/\/ejornais.com.br\/index.php\/2026\/03\/12\/inflacao-oficial-recua-para-381-com-variacao-de-07-em-fevereiro\/#listItem","name":"Infla\u00e7\u00e3o oficial recua para 3,81%, com varia\u00e7\u00e3o de 0,7% em fevereiro"},"previousItem":{"@type":"ListItem","@id":"https:\/\/ejornais.com.br#listItem","name":"In\u00edcio"}},{"@type":"ListItem","@id":"https:\/\/ejornais.com.br\/index.php\/2026\/03\/12\/inflacao-oficial-recua-para-381-com-variacao-de-07-em-fevereiro\/#listItem","position":3,"name":"Infla\u00e7\u00e3o oficial recua para 3,81%, com varia\u00e7\u00e3o de 0,7% em fevereiro","previousItem":{"@type":"ListItem","@id":"https:\/\/ejornais.com.br\/index.php\/category\/ejornais\/#listItem","name":"Cat\u00e1logo de Jornais"}}]},{"@type":"Organization","@id":"https:\/\/ejornais.com.br\/#organization","name":"eJornais","description":"Cat\u00e1logo de Jornais no mundo, Not\u00edcias, Blog e Esportes ao vivo","url":"https:\/\/ejornais.com.br\/"},{"@type":"Person","@id":"https:\/\/ejornais.com.br\/index.php\/author\/admin1\/#author","url":"https:\/\/ejornais.com.br\/index.php\/author\/admin1\/","name":"admin1","image":{"@type":"ImageObject","@id":"https:\/\/ejornais.com.br\/index.php\/2026\/03\/12\/inflacao-oficial-recua-para-381-com-variacao-de-07-em-fevereiro\/#authorImage","url":"https:\/\/secure.gravatar.com\/avatar\/04084e6d73c042b8646e7c17b494073bf0ede3ea13c7105cfc45cbbbc28385a4?s=96&d=mm&r=g","width":96,"height":96,"caption":"admin1"}},{"@type":"WebPage","@id":"https:\/\/ejornais.com.br\/index.php\/2026\/03\/12\/inflacao-oficial-recua-para-381-com-variacao-de-07-em-fevereiro\/#webpage","url":"https:\/\/ejornais.com.br\/index.php\/2026\/03\/12\/inflacao-oficial-recua-para-381-com-variacao-de-07-em-fevereiro\/","name":"Infla\u00e7\u00e3o oficial recua para 3,81%, com varia\u00e7\u00e3o de 0,7% em fevereiro - eJornais","description":"Por MRNews O \u00cdndice Nacional de Pre\u00e7os ao Consumidor Amplo (IPCA) acelerou de 0,33% em janeiro para 0,7% em fevereiro, maior taxa desde fevereiro de 2025 (1,31%). Os dados foram divulgados nesta quinta-feira (12) pelo Instituto Brasileiro de Geografia e Estat\u00edstica (IBGE). A maior varia\u00e7\u00e3o e impacto foram registrados no grupo Educa\u00e7\u00e3o (5,21%), devido aos reajustes anuais","inLanguage":"pt-BR","isPartOf":{"@id":"https:\/\/ejornais.com.br\/#website"},"breadcrumb":{"@id":"https:\/\/ejornais.com.br\/index.php\/2026\/03\/12\/inflacao-oficial-recua-para-381-com-variacao-de-07-em-fevereiro\/#breadcrumblist"},"author":{"@id":"https:\/\/ejornais.com.br\/index.php\/author\/admin1\/#author"},"creator":{"@id":"https:\/\/ejornais.com.br\/index.php\/author\/admin1\/#author"},"datePublished":"2026-03-12T10:43:27-03:00","dateModified":"2026-03-12T10:43:27-03:00"},{"@type":"WebSite","@id":"https:\/\/ejornais.com.br\/#website","url":"https:\/\/ejornais.com.br\/","name":"eJornais","description":"Cat\u00e1logo de Jornais no mundo, Not\u00edcias, Blog e Esportes ao vivo","inLanguage":"pt-BR","publisher":{"@id":"https:\/\/ejornais.com.br\/#organization"}}]},"og:locale":"pt_BR","og:site_name":"eJornais - Cat\u00e1logo de Jornais no mundo, Not\u00edcias, Blog e Esportes ao vivo","og:type":"article","og:title":"Infla\u00e7\u00e3o oficial recua para 3,81%, com varia\u00e7\u00e3o de 0,7% em fevereiro - eJornais","og:description":"Por MRNews O \u00cdndice Nacional de Pre\u00e7os ao Consumidor Amplo (IPCA) acelerou de 0,33% em janeiro para 0,7% em fevereiro, maior taxa desde fevereiro de 2025 (1,31%). Os dados foram divulgados nesta quinta-feira (12) pelo Instituto Brasileiro de Geografia e Estat\u00edstica (IBGE). A maior varia\u00e7\u00e3o e impacto foram registrados no grupo Educa\u00e7\u00e3o (5,21%), devido aos reajustes anuais","og:url":"https:\/\/ejornais.com.br\/index.php\/2026\/03\/12\/inflacao-oficial-recua-para-381-com-variacao-de-07-em-fevereiro\/","article:published_time":"2026-03-12T13:43:27+00:00","article:modified_time":"2026-03-12T13:43:27+00:00","twitter:card":"summary_large_image","twitter:title":"Infla\u00e7\u00e3o oficial recua para 3,81%, com varia\u00e7\u00e3o de 0,7% em fevereiro - eJornais","twitter:description":"Por MRNews O \u00cdndice Nacional de Pre\u00e7os ao Consumidor Amplo (IPCA) acelerou de 0,33% em janeiro para 0,7% em fevereiro, maior taxa desde fevereiro de 2025 (1,31%). Os dados foram divulgados nesta quinta-feira (12) pelo Instituto Brasileiro de Geografia e Estat\u00edstica (IBGE). A maior varia\u00e7\u00e3o e impacto foram registrados no grupo Educa\u00e7\u00e3o (5,21%), devido aos reajustes anuais"},"aioseo_meta_data":{"post_id":"62201","title":null,"description":null,"keywords":null,"keyphrases":null,"primary_term":null,"canonical_url":null,"og_title":null,"og_description":null,"og_object_type":"default","og_image_type":"default","og_image_url":null,"og_image_width":null,"og_image_height":null,"og_image_custom_url":null,"og_image_custom_fields":null,"og_video":null,"og_custom_url":null,"og_article_section":null,"og_article_tags":null,"twitter_use_og":false,"twitter_card":"default","twitter_image_type":"default","twitter_image_url":null,"twitter_image_custom_url":null,"twitter_image_custom_fields":null,"twitter_title":null,"twitter_description":null,"schema":{"blockGraphs":[],"customGraphs":[],"default":{"data":{"Article":[],"Course":[],"Dataset":[],"FAQPage":[],"Movie":[],"Person":[],"Product":[],"ProductReview":[],"Car":[],"Recipe":[],"Service":[],"SoftwareApplication":[],"WebPage":[]},"graphName":"","isEnabled":true},"graphs":[]},"schema_type":"default","schema_type_options":null,"pillar_content":false,"robots_default":true,"robots_noindex":false,"robots_noarchive":false,"robots_nosnippet":false,"robots_nofollow":false,"robots_noimageindex":false,"robots_noodp":false,"robots_notranslate":false,"robots_max_snippet":null,"robots_max_videopreview":null,"robots_max_imagepreview":"large","priority":null,"frequency":null,"local_seo":null,"breadcrumb_settings":null,"limit_modified_date":false,"ai":null,"created":"2026-04-04 09:05:57","updated":"2026-04-04 09:05:57","seo_analyzer_scan_date":null,"focus_keyword":null,"additional_keywords":null,"truseo_locale":null},"aioseo_breadcrumb":"<div class=\"aioseo-breadcrumbs\"><span class=\"aioseo-breadcrumb\">\n\t\t\t<a href=\"https:\/\/ejornais.com.br\" title=\"In\u00edcio\">In\u00edcio<\/a>\n\t\t<\/span><span class=\"aioseo-breadcrumb-separator\">&raquo;<\/span><span class=\"aioseo-breadcrumb\">\n\t\t\t<a href=\"https:\/\/ejornais.com.br\/index.php\/category\/ejornais\/\" title=\"Cat\u00e1logo de Jornais\">Cat\u00e1logo de Jornais<\/a>\n\t\t<\/span><span class=\"aioseo-breadcrumb-separator\">&raquo;<\/span><span class=\"aioseo-breadcrumb\">\n\t\t\tInfla\u00e7\u00e3o oficial recua para 3,81%, com varia\u00e7\u00e3o de 0,7% em fevereiro\n\t\t<\/span><\/div>","aioseo_breadcrumb_json":[{"label":"In\u00edcio","link":"https:\/\/ejornais.com.br"},{"label":"Cat\u00e1logo de Jornais","link":"https:\/\/ejornais.com.br\/index.php\/category\/ejornais\/"},{"label":"Infla\u00e7\u00e3o oficial recua para 3,81%, com varia\u00e7\u00e3o de 0,7% em fevereiro","link":"https:\/\/ejornais.com.br\/index.php\/2026\/03\/12\/inflacao-oficial-recua-para-381-com-variacao-de-07-em-fevereiro\/"}],"amp_enabled":true,"_links":{"self":[{"href":"https:\/\/ejornais.com.br\/index.php\/wp-json\/wp\/v2\/posts\/62201","targetHints":{"allow":["GET"]}}],"collection":[{"href":"https:\/\/ejornais.com.br\/index.php\/wp-json\/wp\/v2\/posts"}],"about":[{"href":"https:\/\/ejornais.com.br\/index.php\/wp-json\/wp\/v2\/types\/post"}],"author":[{"embeddable":true,"href":"https:\/\/ejornais.com.br\/index.php\/wp-json\/wp\/v2\/users\/2"}],"replies":[{"embeddable":true,"href":"https:\/\/ejornais.com.br\/index.php\/wp-json\/wp\/v2\/comments?post=62201"}],"version-history":[{"count":0,"href":"https:\/\/ejornais.com.br\/index.php\/wp-json\/wp\/v2\/posts\/62201\/revisions"}],"wp:attachment":[{"href":"https:\/\/ejornais.com.br\/index.php\/wp-json\/wp\/v2\/media?parent=62201"}],"wp:term":[{"taxonomy":"category","embeddable":true,"href":"https:\/\/ejornais.com.br\/index.php\/wp-json\/wp\/v2\/categories?post=62201"},{"taxonomy":"post_tag","embeddable":true,"href":"https:\/\/ejornais.com.br\/index.php\/wp-json\/wp\/v2\/tags?post=62201"}],"curies":[{"name":"wp","href":"https:\/\/api.w.org\/{rel}","templated":true}]}}